{"id":6321,"date":"2024-01-29T14:58:33","date_gmt":"2024-01-29T13:58:33","guid":{"rendered":"https:\/\/itbranschen.com\/?p=6321"},"modified":"2026-03-13T19:17:17","modified_gmt":"2026-03-13T18:17:17","slug":"staffan-strand-blir-ny-divisionschef-pa-nexer","status":"publish","type":"post","link":"https:\/\/itbranschen.com\/sv\/staffan-strand-blir-ny-divisionschef-pa-nexer\/","title":{"rendered":"Staffan Strand blir ny divisionschef p\u00e5 Nexer"},"content":{"rendered":"\n<p class=\"wp-block-paragraph\"><a href=\"https:\/\/nexergroup.com\/\" target=\"_blank\" rel=\"noreferrer noopener\">Nexer Group<\/a> har nyligen rekryterat <a class=\"wpil_keyword_link\" href=\"https:\/\/itbranschen.com\/ett-nato-medlemskap-kan-generera-cybersakerhetsattacker-mot-svenska-verksamheter\/\" title=\"Ett Nato-medlemskap kan generera cybers\u00e4kerhetsattacker mot svenska verksamheter\" data-wpil-keyword-link=\"linked\" data-wpil-monitor-id=\"2558\">Staffan Strand<\/a> som divisionschef till en av sina fyra globala aff\u00e4rsdivisioner. Staffan har l\u00e5ng erfarenhet inom IT\/Tech och konsultbranschen och kommer n\u00e4rmast fr\u00e5n rollen som divisionschef f\u00f6r IT Nordics p\u00e5 ALTEN.<\/p>\n\n\n\n<p class=\"wp-block-paragraph\">I sin roll som divisionschef kommer <a href=\"https:\/\/nexergroup.com\/news\/mynewsdesk\/staffan-strand-becomes-new-division-director-at-nexer-3300028\/\" target=\"_blank\" rel=\"noreferrer noopener\">Staffan att ha ansvar f\u00f6r divisionen Core<\/a> som best\u00e5r av \u00f6ver 1100 medarbetare och erbjuder en bred bas av tj\u00e4nster och expertomr\u00e5den inom systemutveckling, projektledning och strategi- och managementtj\u00e4nster. Geografiskt \u00e4r den st\u00f6rsta delen av verksamheten i Sverige, men den finns \u00e4ven representerad i Tyskland, Polen, Indien, Tjeckien och Colombia. Kunderna \u00e4r globala inom flera branscher och segment, d\u00e4r en \u00f6kande andel ligger i projekt och \u00e5taganden.\u202f<\/p>\n\n\n\n<p class=\"wp-block-paragraph\"><em>&#8220;Vi \u00e4r mycket stolta och glada \u00f6ver att ha med Staffan p\u00e5 v\u00e5r tillv\u00e4xtresa. Staffan \u00e4r en nyckelperson och har bevisad framg\u00e5ng i <a href=\"https:\/\/itbranschen.com\/one-agency-nordicstation-och-polar-cape-gar-samman-skapar-en-konkurrenskraftig-europeisk-it-konsult-inom-agila-team\/\">att skapa aff\u00e4rsv\u00e4rde<\/a> i globala verksamheter. Han har ett v\u00e4rderingsdrivet ledarskap med r\u00e4tt perspektiv p\u00e5 medarbetare och aff\u00e4r som \u00e4r viktigt f\u00f6r framg\u00e5ng&#8221;<\/em> s\u00e4ger<a href=\"https:\/\/itbranschen.com\/9-av-10-svenskar-vill-bidra-till-totalforsvaret-genom-teknisk-utrustning\/\" data-type=\"post\" data-id=\"6181\"> Lars Kry<\/a>, VD f\u00f6r Nexer Group.<\/p>\n\n\n\n<figure class=\"wp-block-image size-full\"><img fetchpriority=\"high\" decoding=\"async\" width=\"773\" height=\"1031\" title=\"IT-Branschen\" src=\"https:\/\/itbranschen.com\/wp-content\/uploads\/2024\/01\/1706084256515.jpeg\" alt=\"Staffan Strand\" class=\"wp-image-6323\" srcset=\"https:\/\/itbranschen.com\/wp-content\/uploads\/2024\/01\/1706084256515.jpeg 773w, https:\/\/itbranschen.com\/wp-content\/uploads\/2024\/01\/1706084256515-225x300.jpeg 225w, https:\/\/itbranschen.com\/wp-content\/uploads\/2024\/01\/1706084256515-768x1024.jpeg 768w, https:\/\/itbranschen.com\/wp-content\/uploads\/2024\/01\/1706084256515-332x443.jpeg 332w, https:\/\/itbranschen.com\/wp-content\/uploads\/2024\/01\/1706084256515-664x886.jpeg 664w, https:\/\/itbranschen.com\/wp-content\/uploads\/2024\/01\/1706084256515-688x918.jpeg 688w\" sizes=\"(max-width: 773px) 100vw, 773px\" \/><figcaption class=\"wp-element-caption\">Staffan Strand<\/figcaption><\/figure>\n\n\n\n<p class=\"wp-block-paragraph\">Staffan \u00e4r en erfaren och resultatorienterad aff\u00e4rsledare med stort s\u00e4ljdriv och kundfokus som varit verksam inom IT\/Tech i \u00f6ver 20 \u00e5r. Han har tidigare erfarenhet fr\u00e5n liknande roller p\u00e5 globala storbolag som Hitachi, <a href=\"https:\/\/www.cgi.com\/en\" target=\"_blank\" rel=\"noreferrer noopener\">CGI<\/a> och ALTEN.<\/p>\n\n\n\n<p class=\"wp-block-paragraph\">Staffan Strand ger sin syn p\u00e5 <a href=\"https:\/\/itbranschen.com\/nexer-skapar-ny-affarsenhet-for-kundengagemang-och-power-platform\/\">Nexer<\/a>: <em><br>\u201dJag har nyfiket f\u00f6ljt Nexer fr\u00e5n utsidan i m\u00e5nga \u00e5r och det ska bli riktigt sp\u00e4nnande att bli en del av verksamheten fr\u00e5n insidan. Jag inspireras av det starka fokus som finns p\u00e5 tillv\u00e4xt med en v\u00e4l fungerande entrepren\u00f6rsmodell som lett till att bolaget vuxit snabbt de senaste \u00e5ren med ett stort kundv\u00e4rde. Just h\u00e4r tror jag att jag kan bidra en hel del med att b\u00e5de ge energi till entrepren\u00f6rsandan, men samtidigt ocks\u00e5 bidra med erfarenheter och best practices fr\u00e5n storskalig verksamhet f\u00f6r att p\u00e5 s\u00e5 s\u00e4tt skapa \u00f6kad stabilitet och l\u00f6nsamhet.\u201d<\/em><\/p>\n\n\n\n<h2 class=\"wp-block-heading\">Starka v\u00e4rderingar och kultur<\/h2>\n\n\n\n<p class=\"wp-block-paragraph\"><br>Nexer \u00e4r ett v\u00e4rderingsstyrt f\u00f6retag med en tydlig vision om att bidra och g\u00f6ra skillnad, vilket \u00e4r en av anledningarna till att Staffan Strand valde att ansluta sig till f\u00f6retaget. Han \u00e4r k\u00e4nd som en ledare som byggt framg\u00e5ngsrika team genom att s\u00e4tta medarbetarna i fokus och inser v\u00e4rdet av en stark kultur och att engagerade team \u00e4r avg\u00f6rande f\u00f6r l\u00e5ngsiktig framg\u00e5ng.<\/p>\n\n\n\n<p class=\"wp-block-paragraph\"><em>&#8220;Nexers vision om att g\u00f6ra skillnad och bidra till en b\u00e4ttre framtid, inte bara f\u00f6r kunder och medarbetare utan \u00e4ven samh\u00e4llet i stort, \u00e4r viktigt f\u00f6r mig och n\u00e5got som jag kommer realisera och utveckla vidare\u201d<\/em> avslutar Staffan.<\/p>\n\n\n\n<p class=\"wp-block-paragraph\">Staffan \u00e4r baserad i Stockholm, ing\u00e5r i koncernledningsgruppen och rapporterar till VD <a class=\"wpil_keyword_link\" href=\"https:\/\/itbranschen.com\/tag\/apple-lansering\/\" title=\"Apple lansering\" data-wpil-keyword-link=\"linked\" data-wpil-monitor-id=\"2555\">Lars Kry<\/a>.<\/p>\n","protected":false},"excerpt":{"rendered":"\u200b\ufeffStaffan Strand tar \u00f6ver som divisionschef f\u00f6r Nexers Core-division med \u00f6ver 1100 anst\u00e4llda och fokus p\u00e5 systemutveckling och projektledning i flera l\u00e4nder. Han vill st\u00e4rka entrepren\u00f6rsandan och f\u00f6retagskulturen.\ufeff\u200b","protected":false},"author":1,"featured_media":6322,"comment_status":"closed","ping_status":"closed","sticky":false,"template":"","format":"standard","meta":{"csco_display_header_overlay":false,"csco_singular_sidebar":"","csco_page_header_type":"","csco_page_load_nextpost":"","csco_post_video_location":[],"csco_post_video_location_hash":"","csco_post_video_url":"","csco_post_video_bg_start_time":0,"csco_post_video_bg_end_time":0,"footnotes":""},"categories":[11,4,21],"tags":[17,31,161,5,3069,1589,391,3071,3075,8,3073,42],"itb_content_type":[],"class_list":["post-6321","post","type-post","status-publish","format-standard","has-post-thumbnail","category-cybersakerhet","category-foretag","category-nyheter","tag-cyberattacker","tag-cybersakerhet","tag-division-core","tag-foretag","tag-it-sakerhet-nyheter-sverige","tag-it-kanalen","tag-nexer-group","tag-nordisk-it-media","tag-svensk-it-nyhetssajt","tag-sverige","tag-tech-tidningen","tag-teknologi","cs-entry","cs-video-wrap"],"_links":{"self":[{"href":"https:\/\/itbranschen.com\/sv\/wp-json\/wp\/v2\/posts\/6321","targetHints":{"allow":["GET"]}}],"collection":[{"href":"https:\/\/itbranschen.com\/sv\/wp-json\/wp\/v2\/posts"}],"about":[{"href":"https:\/\/itbranschen.com\/sv\/wp-json\/wp\/v2\/types\/post"}],"author":[{"embeddable":true,"href":"https:\/\/itbranschen.com\/sv\/wp-json\/wp\/v2\/users\/1"}],"replies":[{"embeddable":true,"href":"https:\/\/itbranschen.com\/sv\/wp-json\/wp\/v2\/comments?post=6321"}],"version-history":[{"count":0,"href":"https:\/\/itbranschen.com\/sv\/wp-json\/wp\/v2\/posts\/6321\/revisions"}],"wp:featuredmedia":[{"embeddable":true,"href":"https:\/\/itbranschen.com\/sv\/wp-json\/wp\/v2\/media\/6322"}],"wp:attachment":[{"href":"https:\/\/itbranschen.com\/sv\/wp-json\/wp\/v2\/media?parent=6321"}],"wp:term":[{"taxonomy":"category","embeddable":true,"href":"https:\/\/itbranschen.com\/sv\/wp-json\/wp\/v2\/categories?post=6321"},{"taxonomy":"post_tag","embeddable":true,"href":"https:\/\/itbranschen.com\/sv\/wp-json\/wp\/v2\/tags?post=6321"},{"taxonomy":"itb_content_type","embeddable":true,"href":"https:\/\/itbranschen.com\/sv\/wp-json\/wp\/v2\/itb_content_type?post=6321"}],"curies":[{"name":"wp","href":"https:\/\/api.w.org\/{rel}","templated":true}]}}