{"id":33371,"date":"2026-09-04T15:00:46","date_gmt":"2026-09-04T13:00:46","guid":{"rendered":"https:\/\/itbranschen.com\/?p=33371"},"modified":"2026-09-04T15:09:24","modified_gmt":"2026-09-04T13:09:24","slug":"sectra-molnintakter-miljard","status":"publish","type":"post","link":"https:\/\/itbranschen.com\/sv\/sectra-molnintakter-miljard\/","title":{"rendered":"Sectra passerar en miljard i \u00e5terkommande molnint\u00e4kter"},"content":{"rendered":"\n<p class=\"wp-block-paragraph\"><strong>Sectras \u00e5terkommande int\u00e4kter fr\u00e5n molntj\u00e4nster har f\u00f6r f\u00f6rsta g\u00e5ngen passerat en miljard kronor, r\u00e4knat \u00f6ver tolv m\u00e5nader. Under det f\u00f6rsta kvartalet \u00f6kade den svenska IT- och cybers\u00e4kerhetskoncernens oms\u00e4ttning med 25,8 procent och r\u00f6relseresultatet med 60,9 procent. Ordering\u00e5ngen minskade samtidigt kraftigt j\u00e4mf\u00f6rt med f\u00f6reg\u00e5ende \u00e5r.<\/strong><\/p>\n\n\n\n<p class=\"wp-block-paragraph\"><a href=\"https:\/\/itbranschen.com\/tag\/sectra\/\" data-type=\"post_tag\" data-id=\"8636\">Sectra<\/a> forts\u00e4tter \u00f6verg\u00e5ngen fr\u00e5n traditionell programvaruf\u00f6rs\u00e4ljning till molnbaserade tj\u00e4nster och \u00e5terkommande int\u00e4kter.<\/p>\n\n\n\n<p class=\"wp-block-paragraph\">Under perioden maj till juli 2026 \u00f6kade koncernens nettooms\u00e4ttning till 963 miljoner kronor, j\u00e4mf\u00f6rt med 766 miljoner kronor motsvarande period f\u00f6reg\u00e5ende \u00e5r. Det motsvarar en tillv\u00e4xt p\u00e5 25,8 procent.<\/p>\n\n\n\n<p class=\"wp-block-paragraph\">De \u00e5terkommande int\u00e4kterna \u00f6kade med 31,7 procent till 723 miljoner kronor och stod d\u00e4rmed f\u00f6r omkring tre fj\u00e4rdedelar av kvartalets oms\u00e4ttning.<\/p>\n\n\n\n<h2 class=\"wp-block-heading\">Molnint\u00e4kterna \u00f6kade med 75 procent<\/h2>\n\n\n\n<p class=\"wp-block-paragraph\">\u00c5terkommande int\u00e4kter fr\u00e5n molntj\u00e4nster, som Sectra redovisar under m\u00e5ttet Cloud Recurring Revenue, \u00f6kade med 75,3 procent till 315 miljoner kronor under kvartalet.<\/p>\n\n\n\n<p class=\"wp-block-paragraph\">M\u00e4tt \u00f6ver den senaste tolvm\u00e5nadersperioden passerade dessa int\u00e4kter en miljard kronor f\u00f6r f\u00f6rsta g\u00e5ngen.<\/p>\n\n\n\n<p class=\"wp-block-paragraph\">Utvecklingen speglar Sectras l\u00e5ngsiktiga f\u00f6rflyttning mot molnlevererade tj\u00e4nster inom medicinsk bildhantering och andra verksamhetskritiska system.<\/p>\n\n\n\n<p class=\"wp-block-paragraph\">F\u00f6r kunder inneb\u00e4r modellen att programvara, drift och underliggande infrastruktur i st\u00f6rre utstr\u00e4ckning levereras som en sammanh\u00e4ngande tj\u00e4nst. F\u00f6r Sectra ger den j\u00e4mnare int\u00e4ktsstr\u00f6mmar, men kr\u00e4ver samtidigt fortsatta investeringar i s\u00e4kerhet, personal, teknisk kapacitet och tj\u00e4nsteleverans.<\/p>\n\n\n\n<h2 class=\"wp-block-heading\">R\u00f6relseresultatet steg med 61 procent<\/h2>\n\n\n\n<p class=\"wp-block-paragraph\">R\u00f6relseresultatet \u00f6kade fr\u00e5n 119 till 191 miljoner kronor, en uppg\u00e5ng p\u00e5 60,9 procent.<\/p>\n\n\n\n<p class=\"wp-block-paragraph\">R\u00f6relsemarginalen f\u00f6rb\u00e4ttrades fr\u00e5n 15,5 till 19,8 procent. Periodens resultat uppgick till 158 miljoner kronor, j\u00e4mf\u00f6rt med 103 miljoner kronor ett \u00e5r tidigare.<\/p>\n\n\n\n<p class=\"wp-block-paragraph\">Kassafl\u00f6det fr\u00e5n den l\u00f6pande verksamheten minskade d\u00e4remot fr\u00e5n 118 till 3 miljoner kronor. Sectra f\u00f6rklarar f\u00f6r\u00e4ndringen fr\u00e4mst med mer kapital bundet i kortfristiga fordringar samt reglering av skulder.<\/p>\n\n\n\n<h2 class=\"wp-block-heading\">Ordering\u00e5ngen minskade kraftigt<\/h2>\n\n\n\n<p class=\"wp-block-paragraph\">Den kontrakterade ordering\u00e5ngen f\u00f6ll med 46,6 procent till 699 miljoner kronor. Av detta utgjorde 598 miljoner kronor garanterade best\u00e4llningar.<\/p>\n\n\n\n<p class=\"wp-block-paragraph\">Nedg\u00e5ngen beh\u00f6ver s\u00e4ttas i relation till att Sectras stora kundavtal ofta l\u00f6per under l\u00e5ng tid och kan skapa betydande variationer mellan enskilda kvartal. Bolaget uppger att den kontrakterade ordering\u00e5ngen under den senaste tolvm\u00e5nadersperioden fortfarande ligger klart \u00f6ver koncernens \u00e5rsoms\u00e4ttning.<\/p>\n\n\n\n<p class=\"wp-block-paragraph\">Av kvartalets garanterade ordering\u00e5ng int\u00e4ktsf\u00f6rdes 22,2 procent under perioden. Sectra bed\u00f6mer att ytterligare omkring 30 till 40 procent kommer att redovisas som int\u00e4kt inom tolv m\u00e5nader efter kvartalets slut.<\/p>\n\n\n\n<p class=\"wp-block-paragraph\">Ordering\u00e5ngen visar framtida aff\u00e4rsvolym, men b\u00f6r inte likst\u00e4llas med redan redovisad oms\u00e4ttning eller garanterat resultat.<\/p>\n\n\n\n<h2 class=\"wp-block-heading\">Molnmodellen f\u00f6r\u00e4ndrar Sectras aff\u00e4r<\/h2>\n\n\n\n<p class=\"wp-block-paragraph\"><strong><a href=\"https:\/\/sectra.com\/\" target=\"_blank\" rel=\"noreferrer noopener\">Sectra<\/a><\/strong> levererar system f\u00f6r medicinsk bildhantering och s\u00e4ker kommunikation. Bolagets kunder omfattar sjukv\u00e5rdsorganisationer, myndigheter och f\u00f6rsvarsakt\u00f6rer, d\u00e4r kraven p\u00e5 informationss\u00e4kerhet, tillg\u00e4nglighet och regulatorisk efterlevnad \u00e4r h\u00f6ga.<\/p>\n\n\n\n<p class=\"wp-block-paragraph\">\u00d6kningen av \u00e5terkommande molnint\u00e4kter visar att fler kunder anv\u00e4nder bolagets l\u00f6sningar genom l\u00f6pande tj\u00e4nsteavtal i st\u00e4llet f\u00f6r traditionella licensmodeller.<\/p>\n\n\n\n<p class=\"wp-block-paragraph\">F\u00f6r nordiska IT-chefer och s\u00e4kerhetsansvariga aktualiserar utvecklingen fr\u00e5gor om datalagring, jurisdiktion, \u00e5tkomstkontroll, kontinuitet och leverant\u00f6rsberoende. Dessa fr\u00e5gor blir s\u00e4rskilt viktiga n\u00e4r k\u00e4nsliga medicinska uppgifter eller s\u00e4kerhetsklassad information behandlas i molnbaserade milj\u00f6er.<\/p>\n\n\n\n<div data-wp-interactive=\"core\/file\" class=\"wp-block-file\"><object data-wp-bind--hidden=\"!state.hasPdfPreview\" hidden class=\"wp-block-file__embed\" data=\"https:\/\/itbranschen.com\/wp-content\/uploads\/2026\/09\/Sectras-tremanadersrapport.pdf\" type=\"application\/pdf\" style=\"width:100%;height:670px\" aria-label=\"Inb\u00e4ddning av Sectras trem\u00e5nadersrapport.\"><\/object><a id=\"wp-block-file--media-cceefe73-d17e-4119-b9d4-3d51a1040916\" href=\"https:\/\/itbranschen.com\/wp-content\/uploads\/2026\/09\/Sectras-tremanadersrapport.pdf\">Sectras trem\u00e5nadersrapport<\/a><a href=\"https:\/\/itbranschen.com\/wp-content\/uploads\/2026\/09\/Sectras-tremanadersrapport.pdf\" class=\"wp-block-file__button wp-element-button\" aria-describedby=\"wp-block-file--media-cceefe73-d17e-4119-b9d4-3d51a1040916\" download>Download<\/a><\/div>\n","protected":false},"excerpt":{"rendered":"\u200b\ufeffSectras molnint\u00e4kter har n\u00e5tt \u00f6ver en miljard kronor p\u00e5 tolv m\u00e5nader, med stark tillv\u00e4xt inom medicinsk bildhantering och en r\u00f6relsevinst som \u00f6kade med 61 procent trots minskad ordering\u00e5ng.\ufeff\u200b","protected":false},"author":1,"featured_media":33375,"comment_status":"closed","ping_status":"closed","sticky":false,"template":"","format":"standard","meta":{"csco_display_header_overlay":false,"csco_singular_sidebar":"","csco_page_header_type":"","csco_page_load_nextpost":"","csco_post_video_location":[],"csco_post_video_location_hash":"","csco_post_video_url":"","csco_post_video_bg_start_time":0,"csco_post_video_bg_end_time":0,"footnotes":""},"categories":[1323],"tags":[24,8637,8638,31,2548,5,8641,1768,2916,1782,751,1589,8640,8639,1334,1089,4083,3071,89,51,3005,8636,3075,8,3073],"itb_content_type":[8305],"class_list":["post-33371","post","type-post","status-publish","format-standard","has-post-thumbnail","category-moln-data","tag-ai","tag-aterkommande-intakter","tag-cloud-recurring-revenue","tag-cybersakerhet","tag-digital-halsa","tag-foretag","tag-foretagsresultat","tag-it-branschen-2","tag-it-kanalen-2","tag-it-nyheter","tag-it-branschen","tag-it-kanalen","tag-medicinsk-bildhantering","tag-medicinsk-it","tag-molnsakerhet","tag-molntjanster","tag-nasdaq-stockholm","tag-nordisk-it-media","tag-nyheter","tag-saas","tag-saker-kommunikation","tag-sectra","tag-svensk-it-nyhetssajt","tag-sverige","tag-tech-tidningen","cs-entry","cs-video-wrap"],"_links":{"self":[{"href":"https:\/\/itbranschen.com\/sv\/wp-json\/wp\/v2\/posts\/33371","targetHints":{"allow":["GET"]}}],"collection":[{"href":"https:\/\/itbranschen.com\/sv\/wp-json\/wp\/v2\/posts"}],"about":[{"href":"https:\/\/itbranschen.com\/sv\/wp-json\/wp\/v2\/types\/post"}],"author":[{"embeddable":true,"href":"https:\/\/itbranschen.com\/sv\/wp-json\/wp\/v2\/users\/1"}],"replies":[{"embeddable":true,"href":"https:\/\/itbranschen.com\/sv\/wp-json\/wp\/v2\/comments?post=33371"}],"version-history":[{"count":4,"href":"https:\/\/itbranschen.com\/sv\/wp-json\/wp\/v2\/posts\/33371\/revisions"}],"predecessor-version":[{"id":33377,"href":"https:\/\/itbranschen.com\/sv\/wp-json\/wp\/v2\/posts\/33371\/revisions\/33377"}],"wp:featuredmedia":[{"embeddable":true,"href":"https:\/\/itbranschen.com\/sv\/wp-json\/wp\/v2\/media\/33375"}],"wp:attachment":[{"href":"https:\/\/itbranschen.com\/sv\/wp-json\/wp\/v2\/media?parent=33371"}],"wp:term":[{"taxonomy":"category","embeddable":true,"href":"https:\/\/itbranschen.com\/sv\/wp-json\/wp\/v2\/categories?post=33371"},{"taxonomy":"post_tag","embeddable":true,"href":"https:\/\/itbranschen.com\/sv\/wp-json\/wp\/v2\/tags?post=33371"},{"taxonomy":"itb_content_type","embeddable":true,"href":"https:\/\/itbranschen.com\/sv\/wp-json\/wp\/v2\/itb_content_type?post=33371"}],"curies":[{"name":"wp","href":"https:\/\/api.w.org\/{rel}","templated":true}]}}