{"id":33350,"date":"2026-09-04T14:28:21","date_gmt":"2026-09-04T12:28:21","guid":{"rendered":"https:\/\/itbranschen.com\/?p=33350"},"modified":"2026-09-04T14:28:35","modified_gmt":"2026-09-04T12:28:35","slug":"acer-lokal-ai-hallbara-foretagsdatorer","status":"publish","type":"post","link":"https:\/\/itbranschen.com\/sv\/acer-lokal-ai-hallbara-foretagsdatorer\/","title":{"rendered":"Acer v\u00e4xlar upp inom lokal AI och h\u00e5llbara f\u00f6retagsdatorer"},"content":{"rendered":"\n<p class=\"wp-block-paragraph\"><strong>Under next@Acer i Berlin presenterade Acer en bred satsning p\u00e5 lokal AI, kompakta arbetsstationer och mer reparerbara datorer. Bakom produktnyheterna finns en tydlig strategi: Acer vill st\u00e4rka sin position p\u00e5 f\u00f6retagsmarknaden n\u00e4r organisationer s\u00f6ker st\u00f6rre kontroll \u00f6ver data, kostnader och h\u00e5rdvarans livsl\u00e4ngd.<\/strong><\/p>\n\n\n\n<p class=\"wp-block-paragraph\">AI-utvecklingen h\u00e5ller p\u00e5 att f\u00f6r\u00e4ndra f\u00f6retagens krav p\u00e5 datorer. Det handlar inte l\u00e4ngre bara om snabbare processorer eller b\u00e4ttre batteritid. Allt fler organisationer vill kunna k\u00f6ra avancerade AI-modeller lokalt, utan att k\u00e4nslig information beh\u00f6ver l\u00e4mna den egna IT-milj\u00f6n.<\/p>\n\n\n\n<p class=\"wp-block-paragraph\">Det var ocks\u00e5 ett av de tydligaste budskapen n\u00e4r Acer presenterade sina senaste innovationer under next@Acer i samband med <strong><a href=\"https:\/\/www.acer.com\/gb-en\/events\/nextatacer\" target=\"_blank\" rel=\"noreferrer noopener\">IFA 2026 i Berlin<\/a><\/strong>.<\/p>\n\n\n\n<figure class=\"wp-block-embed is-type-video is-provider-youtube wp-block-embed-youtube wp-embed-aspect-16-9 wp-has-aspect-ratio\"><div class=\"wp-block-embed__wrapper\">\n<iframe title=\"Next@Acer 2026 | IFA Global Press Conference\" width=\"1200\" height=\"675\" src=\"https:\/\/www.youtube.com\/embed\/X2WfwZXdICY?feature=oembed\" frameborder=\"0\" allow=\"accelerometer; autoplay; clipboard-write; encrypted-media; gyroscope; picture-in-picture; web-share\" referrerpolicy=\"strict-origin-when-cross-origin\" allowfullscreen><\/iframe>\n<\/div><\/figure>\n\n\n\n<p class=\"wp-block-paragraph\">Bland nyheterna finns kompakta system f\u00f6r lokala AI-arbetsfl\u00f6den, en ny AI-arbetsstation i Veriton-serien och en mer avancerad generation av den h\u00e5llbarhetsinriktade Vero-datorn. Tillsammans visar produkterna hur Acer f\u00f6rs\u00f6ker f\u00f6rena prestanda, datasuver\u00e4nitet, reparerbarhet och l\u00e4ngre produktlivsl\u00e4ngd.<\/p>\n\n\n\n<h2 class=\"wp-block-heading\">Lokal AI blir en strategisk f\u00f6retagsfr\u00e5ga<\/h2>\n\n\n\n<p class=\"wp-block-paragraph\">En av de mest intressanta nyheterna \u00e4r Acer SFF RTX Spark, en kompakt station\u00e4r dator som bygger p\u00e5 Nvidias nya RTX Spark-plattform.<\/p>\n\n\n\n<p class=\"wp-block-paragraph\">Systemet \u00e4r utvecklat f\u00f6r kr\u00e4vande AI-arbetsfl\u00f6den och erbjuder enligt Acer upp till en petaflop i AI-prestanda. Det kan utrustas med upp till 128 GB enhetligt minne och \u00e4r avsett f\u00f6r bland annat lokal k\u00f6rning av generativa och agentbaserade AI-modeller.<\/p>\n\n\n\n<p class=\"wp-block-paragraph\">F\u00f6r f\u00f6retag kan m\u00f6jligheten att bearbeta information lokalt f\u00e5 stor betydelse. Data beh\u00f6ver inte alltid skickas till en extern molntj\u00e4nst, vilket kan f\u00f6renkla hanteringen av aff\u00e4rskritisk information, kunddata och immateriella tillg\u00e5ngar.<\/p>\n\n\n\n<p class=\"wp-block-paragraph\">Lokal AI ers\u00e4tter inte molnet, men den ger organisationer fler alternativ. F\u00f6retag kan v\u00e4lja vilka arbetsfl\u00f6den som ska k\u00f6ras lokalt och vilka som l\u00e4mpar sig b\u00e4ttre f\u00f6r molnbaserad behandling. Resultatet blir en mer flexibel hybridmodell d\u00e4r s\u00e4kerhet, kostnad och prestanda kan v\u00e4gas mot varandra.<\/p>\n\n\n\n<h2 class=\"wp-block-heading\">Veriton kombinerar lokala resurser och molntj\u00e4nster<\/h2>\n\n\n\n<p class=\"wp-block-paragraph\"><strong><a href=\"https:\/\/itbranschen.com\/tag\/acer\/\" data-type=\"post_tag\" data-id=\"8624\">Acer<\/a><\/strong> presenterade \u00e4ven Veriton RI110 AI Mini Workstation, en kompakt arbetsstation f\u00f6r professionella AI-milj\u00f6er.<\/p>\n\n\n\n<p class=\"wp-block-paragraph\">Datorn kan utrustas med Intel Core Ultra X7-processor, Intel Arc-grafik, upp till 96 GB LPDDR5X-minne och upp till 4 TB SSD-lagring. Enligt Acer kan systemet hantera AI-modeller med upp till 120 miljarder parametrar.<\/p>\n\n\n\n<p class=\"wp-block-paragraph\">Till arbetsstationen kopplas \u00e4ven Acer Qubi Claw, en l\u00f6sning f\u00f6r agentbaserade AI-arbetsfl\u00f6den. Tekniken \u00e4r utformad f\u00f6r att l\u00e5ta AI-agenter arbeta i en isolerad milj\u00f6 d\u00e4r de kan analysera information, planera uppgifter och genomf\u00f6ra olika \u00e5tg\u00e4rder.<\/p>\n\n\n\n<p class=\"wp-block-paragraph\">Det visar hur PC-tillverkarna h\u00e5ller p\u00e5 att flytta fram sina positioner i AI-ekosystemet. Konkurrensen handlar inte l\u00e4ngre enbart om att leverera h\u00e5rdvara. Tillverkarna vill ocks\u00e5 erbjuda mjukvaran och verktygen som g\u00f6r den lokala AI-kapaciteten anv\u00e4ndbar i det dagliga arbetet.<\/p>\n\n\n\n<p class=\"wp-block-paragraph\">Veriton RI110 AI Mini Workstation v\u00e4ntas bli tillg\u00e4nglig i Europa under det f\u00f6rsta kvartalet 2027.<\/p>\n\n\n\n<h2 class=\"wp-block-heading\">Europa ligger efter inom agentbaserad AI<\/h2>\n\n\n\n<p class=\"wp-block-paragraph\"><strong><a href=\"https:\/\/www.linkedin.com\/in\/massimiliano-rossi-a537a57\/\" target=\"_blank\" data-schema-attribute=\"mentions\" rel=\"noreferrer noopener sponsored\">Massimiliano Rossi<\/a><\/strong>, Vice President of Commercial Operations, Services and Product Business Unit f\u00f6r Acer EMEA, beskriver efterfr\u00e5gan p\u00e5 avancerade AI-system som snabbt v\u00e4xande men fortfarande oj\u00e4mn.<\/p>\n\n\n\n<p class=\"wp-block-paragraph\">Best\u00e4llningarna kan komma i st\u00f6rre volymer fr\u00e5n enskilda organisationer, medan den breda europeiska marknaden \u00e4nnu befinner sig i ett tidigare skede. Acer ser samtidigt en tydlig skillnad mellan Europa och Nordamerika, d\u00e4r inf\u00f6randet av produkter f\u00f6r lokal och agentbaserad AI har kommit l\u00e4ngre.<\/p>\n\n\n\n<figure class=\"wp-block-image size-full\"><img fetchpriority=\"high\" decoding=\"async\" width=\"800\" height=\"800\" src=\"https:\/\/itbranschen.com\/wp-content\/uploads\/2026\/09\/Massimiliano-Rossi-portrait-acer-front.jpg\" alt=\"Acer v\u00e4xlar upp inom lokal AI och h\u00e5llbara f\u00f6retagsdatorer | IT-Branschen\" class=\"wp-image-33360\" title=\"| IT-Branschen\" srcset=\"https:\/\/itbranschen.com\/wp-content\/uploads\/2026\/09\/Massimiliano-Rossi-portrait-acer-front.jpg 800w, https:\/\/itbranschen.com\/wp-content\/uploads\/2026\/09\/Massimiliano-Rossi-portrait-acer-front-x.jpg 300w, https:\/\/itbranschen.com\/wp-content\/uploads\/2026\/09\/Massimiliano-Rossi-portrait-acer-front-x-1.jpg 150w, https:\/\/itbranschen.com\/wp-content\/uploads\/2026\/09\/Massimiliano-Rossi-portrait-acer-front-x-2.jpg 80w, https:\/\/itbranschen.com\/wp-content\/uploads\/2026\/09\/Massimiliano-Rossi-portrait-acer-front-x-3.jpg 768w, https:\/\/itbranschen.com\/wp-content\/uploads\/2026\/09\/Massimiliano-Rossi-portrait-acer-front-x-4.jpg 12w, https:\/\/itbranschen.com\/wp-content\/uploads\/2026\/09\/Massimiliano-Rossi-portrait-acer-front-x-6.jpg 72w, https:\/\/itbranschen.com\/wp-content\/uploads\/2026\/09\/Massimiliano-Rossi-portrait-acer-front-x-7.jpg 144w, https:\/\/itbranschen.com\/wp-content\/uploads\/2026\/09\/Massimiliano-Rossi-portrait-acer-front-x-11.jpg 688w, https:\/\/itbranschen.com\/wp-content\/uploads\/2026\/09\/Massimiliano-Rossi-portrait-acer-front-x-12.jpg 332w, https:\/\/itbranschen.com\/wp-content\/uploads\/2026\/09\/Massimiliano-Rossi-portrait-acer-front-x-14.jpg 664w\" sizes=\"(max-width: 800px) 100vw, 800px\" \/><figcaption class=\"wp-element-caption\">Massimiliano Rossi, vice vd f\u00f6r kommersiell verksamhet, station\u00e4ra datorer, bildsk\u00e4rmar och kundservice i EMEA p\u00e5 Acer.<\/figcaption><\/figure>\n\n\n\n<p class=\"wp-block-paragraph\">Skillnaden kan delvis f\u00f6rklaras av investeringsklimatet. Europeiska f\u00f6retag beh\u00f6ver f\u00f6rh\u00e5lla sig till ekonomisk os\u00e4kerhet, h\u00f6gre h\u00e5rdvarupriser och omfattande krav p\u00e5 dataskydd och regelefterlevnad. Samtidigt kan just dessa krav \u00f6ka intresset f\u00f6r lokala AI-l\u00f6sningar som ger organisationerna b\u00e4ttre kontroll \u00f6ver hur information behandlas.<\/p>\n\n\n\n<p class=\"wp-block-paragraph\">Acer r\u00e4knar med att efterfr\u00e5gan kommer att utvecklas gradvis under 2027. F\u00f6retaget arbetar d\u00e4rf\u00f6r med flera tekniska plattformar fr\u00e5n bland andra Intel, AMD och Nvidia, i st\u00e4llet f\u00f6r att knyta sitt erbjudande till en enda leverant\u00f6r.<\/p>\n\n\n\n<h2 class=\"wp-block-heading\">H\u00f6gre priser f\u00f6r\u00e4ndrar PC-marknaden<\/h2>\n\n\n\n<p class=\"wp-block-paragraph\">Den europeiska PC-marknaden p\u00e5verkas \u00e4ven av stigande kostnader f\u00f6r minne, lagring, processorer, energi och logistik. Det pressar etablerade prisniv\u00e5er och g\u00f6r det sv\u00e5rare f\u00f6r tillverkarna att erbjuda kraftigare datorer utan att priserna stiger.<\/p>\n\n\n\n<p class=\"wp-block-paragraph\">Acer bed\u00f6mer att marknaden kan komma att minska sett till antalet s\u00e5lda enheter. Samtidigt v\u00e4ntas en st\u00f6rre andel kunder v\u00e4lja mer avancerade produkter med l\u00e4ngre f\u00f6rv\u00e4ntad livsl\u00e4ngd.<\/p>\n\n\n\n<p class=\"wp-block-paragraph\">F\u00f6r f\u00f6retagens IT-avdelningar inneb\u00e4r det att ink\u00f6pspriset blir en mindre isolerad fr\u00e5ga. Faktorer som energif\u00f6rbrukning, reparerbarhet, support, s\u00e4kerhet och m\u00f6jligheten att anv\u00e4nda datorn under fler \u00e5r f\u00e5r st\u00f6rre betydelse f\u00f6r den totala kostnaden.<\/p>\n\n\n\n<h2 class=\"wp-block-heading\">Vero 16 ska vara enklare att reparera<\/h2>\n\n\n\n<p class=\"wp-block-paragraph\">Den nya Acer Vero 16 \u00e4r ett tydligt exempel p\u00e5 f\u00f6r\u00e4ndringen. Tidigare generationer av Vero-serien fokuserade framf\u00f6r allt p\u00e5 \u00e5tervunnen plast och en relativt tillg\u00e4nglig prisniv\u00e5. Den nya modellen f\u00e5r en mer p\u00e5kostad konstruktion och en tydligare inriktning mot professionella anv\u00e4ndare.<\/p>\n\n\n\n<p class=\"wp-block-paragraph\">Datorns \u00f6vre h\u00f6lje best\u00e5r av 50 procent \u00e5tervunnet aluminium fr\u00e5n industrin och 50 procent aluminium som producerats med l\u00e4gre koldioxidutsl\u00e4pp. Undersidan anv\u00e4nder 60 procent \u00e5tervunnen konsumentplast.<\/p>\n\n\n\n<p class=\"wp-block-paragraph\">Acer ut\u00f6kar samtidigt sitt tidigare fokus p\u00e5 att minska, \u00e5teranv\u00e4nda och \u00e5tervinna genom att l\u00e4gga till reparerbarhet som en fj\u00e4rde princip.<\/p>\n\n\n\n<p class=\"wp-block-paragraph\">Vero 16 har bland annat ett chassi som kan \u00f6ppnas utan specialverktyg, utbytbar lagring och batteri samt komponenter som \u00e4r utformade f\u00f6r att f\u00f6renkla service. Konstruktionen ska \u00e4ven g\u00f6ra det m\u00f6jligt att byta moderkort och d\u00e4rmed f\u00f6rl\u00e4nga datorns tekniska livsl\u00e4ngd.<\/p>\n\n\n\n<p class=\"wp-block-paragraph\">Det \u00e4r en viktig utveckling f\u00f6r f\u00f6retag som vill minska b\u00e5de elektronikavfall och kostnaderna f\u00f6r att regelbundet ers\u00e4tta hela datorparker.<\/p>\n\n\n\n<h2 class=\"wp-block-heading\">H\u00e5llbarhet m\u00e5ste ge ett m\u00e4tbart aff\u00e4rsv\u00e4rde<\/h2>\n\n\n\n<p class=\"wp-block-paragraph\">Massimiliano Rossi pekar p\u00e5 en central utmaning f\u00f6r h\u00e5llbar teknik: m\u00e5nga kunder efterfr\u00e5gar mer h\u00e5llbara produkter, men viljan att betala ett tydligt pristill\u00e4gg \u00e4r begr\u00e4nsad.<\/p>\n\n\n\n<p class=\"wp-block-paragraph\">Acer v\u00e4ljer d\u00e4rf\u00f6r att positionera Vero 16 h\u00f6gre p\u00e5 marknaden. Tanken \u00e4r att reparerbarhet, l\u00e4ngre anv\u00e4ndningstid och b\u00e4ttre materialval ska skapa ett konkret v\u00e4rde som kan motivera investeringen.<\/p>\n\n\n\n<p class=\"wp-block-paragraph\">F\u00f6r f\u00f6retagskunder kan det argumentet vara mer \u00f6vertygande \u00e4n enbart anv\u00e4ndningen av \u00e5tervunnet material. Om datorn kan anv\u00e4ndas l\u00e4ngre, repareras enklare och uppgraderas utan att hela enheten beh\u00f6ver bytas ut p\u00e5verkas b\u00e5de den totala \u00e4gandekostnaden och organisationens milj\u00f6arbete.<\/p>\n\n\n\n<p class=\"wp-block-paragraph\">Acer Vero 16 v\u00e4ntas bli tillg\u00e4nglig i Europa under det f\u00f6rsta kvartalet 2027.<\/p>\n\n\n\n<h2 class=\"wp-block-heading\">IT-Branschens analys<\/h2>\n\n\n\n<p class=\"wp-block-paragraph\">Acers presentation i Berlin visar att gr\u00e4nsen mellan persondatorn, arbetsstationen och den lokala AI-infrastrukturen h\u00e5ller p\u00e5 att suddas ut.<\/p>\n\n\n\n<p class=\"wp-block-paragraph\">Det \u00e4r s\u00e4rskilt relevant f\u00f6r europeiska f\u00f6retag. Kraven p\u00e5 dataskydd, digital suver\u00e4nitet och kontroll \u00f6ver aff\u00e4rskritisk information g\u00f6r att lokal AI kan f\u00e5 en st\u00f6rre strategisk betydelse h\u00e4r \u00e4n p\u00e5 marknader d\u00e4r molnet fortfarande \u00e4r det sj\u00e4lvklara f\u00f6rstahandsvalet.<\/p>\n\n\n\n<p class=\"wp-block-paragraph\">Samtidigt m\u00e5ste l\u00f6sningarna vara ekonomiskt f\u00f6rsvarbara. F\u00f6retag kommer sannolikt inte att investera i nya AI-datorer enbart f\u00f6r att tekniken \u00e4r tillg\u00e4nglig. De beh\u00f6ver tydliga anv\u00e4ndningsomr\u00e5den, m\u00e4tbara produktivitetsvinster och en s\u00e4ker f\u00f6rvaltning av b\u00e5de data och AI-agenter.<\/p>\n\n\n\n<p class=\"wp-block-paragraph\">Acer positionerar sig f\u00f6r denna utveckling genom att kombinera lokal ber\u00e4kningskapacitet med hybridl\u00f6sningar, reparerbarhet och st\u00f6d f\u00f6r flera processorplattformar. Om strategin lyckas avg\u00f6rs inte bara av h\u00e5rdvarans prestanda, utan av hur enkelt f\u00f6retag och kanalpartners kan omvandla tekniken till fungerande l\u00f6sningar.<\/p>\n","protected":false},"excerpt":{"rendered":"\u200b\ufeffAcer utvecklar kompakta AI-arbetsstationer och mer h\u00e5llbara f\u00f6retagssystem, med fokus p\u00e5 lokal databehandling och l\u00e5ngsiktig reparerbarhet f\u00f6r att m\u00f6ta europeiska f\u00f6retags behov.\ufeff\u200b","protected":false},"author":1,"featured_media":33354,"comment_status":"closed","ping_status":"closed","sticky":false,"template":"","format":"standard","meta":{"csco_display_header_overlay":false,"csco_singular_sidebar":"","csco_page_header_type":"","csco_page_load_nextpost":"","csco_post_video_location":[],"csco_post_video_location_hash":"","csco_post_video_url":"","csco_post_video_bg_start_time":0,"csco_post_video_bg_end_time":0,"footnotes":""},"categories":[47,8635],"tags":[8624,8630,8628,8629,2379,3655,1617,8575,1728,899,8627,1395,2597,8574,8632,1768,2916,1782,751,1589,8626,8625,8634,3071,8631,89,8633,3075],"itb_content_type":[8303],"class_list":["post-33350","post","type-post","status-publish","format-standard","has-post-thumbnail","category-artificiell-intelligens","category-hardvara","tag-acer","tag-acer-qubi-claw","tag-acer-veriton","tag-acer-vero-16","tag-agentbaserad-ai","tag-ai-arbetsstationer","tag-ai-datorer","tag-berlin","tag-datasuveranitet","tag-emea","tag-foretagsdatorer","tag-hallbar-it","tag-hybrid-ai","tag-ifa-2026","tag-intel-core-ultra","tag-it-branschen-2","tag-it-kanalen-2","tag-it-nyheter","tag-it-branschen","tag-it-kanalen","tag-lokal-ai","tag-massimiliano-rossi","tag-nextacer","tag-nordisk-it-media","tag-nvidia-rtx-spark","tag-nyheter","tag-reparerbarhet","tag-svensk-it-nyhetssajt","cs-entry","cs-video-wrap"],"_links":{"self":[{"href":"https:\/\/itbranschen.com\/sv\/wp-json\/wp\/v2\/posts\/33350","targetHints":{"allow":["GET"]}}],"collection":[{"href":"https:\/\/itbranschen.com\/sv\/wp-json\/wp\/v2\/posts"}],"about":[{"href":"https:\/\/itbranschen.com\/sv\/wp-json\/wp\/v2\/types\/post"}],"author":[{"embeddable":true,"href":"https:\/\/itbranschen.com\/sv\/wp-json\/wp\/v2\/users\/1"}],"replies":[{"embeddable":true,"href":"https:\/\/itbranschen.com\/sv\/wp-json\/wp\/v2\/comments?post=33350"}],"version-history":[{"count":5,"href":"https:\/\/itbranschen.com\/sv\/wp-json\/wp\/v2\/posts\/33350\/revisions"}],"predecessor-version":[{"id":33361,"href":"https:\/\/itbranschen.com\/sv\/wp-json\/wp\/v2\/posts\/33350\/revisions\/33361"}],"wp:featuredmedia":[{"embeddable":true,"href":"https:\/\/itbranschen.com\/sv\/wp-json\/wp\/v2\/media\/33354"}],"wp:attachment":[{"href":"https:\/\/itbranschen.com\/sv\/wp-json\/wp\/v2\/media?parent=33350"}],"wp:term":[{"taxonomy":"category","embeddable":true,"href":"https:\/\/itbranschen.com\/sv\/wp-json\/wp\/v2\/categories?post=33350"},{"taxonomy":"post_tag","embeddable":true,"href":"https:\/\/itbranschen.com\/sv\/wp-json\/wp\/v2\/tags?post=33350"},{"taxonomy":"itb_content_type","embeddable":true,"href":"https:\/\/itbranschen.com\/sv\/wp-json\/wp\/v2\/itb_content_type?post=33350"}],"curies":[{"name":"wp","href":"https:\/\/api.w.org\/{rel}","templated":true}]}}