{"id":33290,"date":"2026-09-04T10:36:55","date_gmt":"2026-09-04T08:36:55","guid":{"rendered":"https:\/\/itbranschen.com\/?p=33290"},"modified":"2026-09-04T10:37:15","modified_gmt":"2026-09-04T08:37:15","slug":"jabra-reach-forenklar-samarbetet-vid-videomoten-med-en-enda-kabel","status":"publish","type":"post","link":"https:\/\/itbranschen.com\/sv\/jabra-reach-forenklar-samarbetet-vid-videomoten-med-en-enda-kabel\/","title":{"rendered":"Jabra Reach f\u00f6renklar samarbetet vid videom\u00f6ten med en enda kabel"},"content":{"rendered":"\n<p class=\"wp-block-paragraph\"><strong>Den nya BYOD-l\u00f6sningen f\u00f6r anslutning, som \u00e4r utformad f\u00f6r att fungera med hela Jabra PanaCast-sortimentet, ska hj\u00e4lpa organisationer att skapa mer hanterbara och enhetliga m\u00f6tesrumsinstallationer.<\/strong><\/p>\n\n\n\n<p class=\"wp-block-paragraph\">Jabra, en global ledare inom professionella ljud- och videol\u00f6sningar, presenterar idag Jabra Reach, en BYOD-f\u00f6rl\u00e4ngningsl\u00f6sning med en enda kabel. Jabra Reach \u00e4r utformad f\u00f6r att hj\u00e4lpa f\u00f6retag att installera och skala upp videom\u00f6tesrum p\u00e5 ett mer effektivt och enhetligt s\u00e4tt i m\u00f6tesrum av alla storlekar. Jabra presenterar \u00e4ven nya firmwarefunktioner f\u00f6r Jabra PanaCast-portf\u00f6ljen, vilket ska ut\u00f6ka insikterna om m\u00f6tesrummen, anpassningsm\u00f6jligheterna och funktionerna f\u00f6r enhetshantering.<\/p>\n\n\n\n<figure class=\"wp-block-video\"><video autoplay loop muted src=\"https:\/\/www.jabra.com\/-\/media\/Images\/Products\/Jabra-Reach\/Video\/Jabra-Reach-Plug-and-Play-Animation-MP4_NEW.mp4\" playsinline><\/video><\/figure>\n\n\n\n<p class=\"wp-block-paragraph\">I takt med att organisationer \u00f6kar anv\u00e4ndning av BYOD-l\u00f6sningar (Bring Your Own Device) f\u00f6r videosamarbete till fler m\u00f6tesrum f\u00f6r att st\u00f6dja hybridarbete blir det allt sv\u00e5rare att erbjuda samma anv\u00e4ndarupplevelse fr\u00e5n rum till rum. Olika kablar, adaptrar och rumsutformningar kan leda till inkonsekventa installationer, \u00f6ka risken f\u00f6r anslutningsproblem och \u00f6ka administrationsb\u00f6rdan f\u00f6r AV- och IT-teamen.<\/p>\n\n\n\n<p class=\"wp-block-paragraph\"><strong>Skala upp BYOD utan att \u00f6ka komplexiteten<\/strong><br>Jabra Reach l\u00f6ser dessa utmaningar genom att ers\u00e4tta fragmenterade installationer med flera kablar med en enda anslutning f\u00f6r video, ljud, USB och str\u00f6mf\u00f6rs\u00f6rjning (valfritt). Anv\u00e4ndarna ansluter helt enkelt en b\u00e4rbar dator via USB-C f\u00f6r att f\u00e5 tillg\u00e5ng till rummets sk\u00e4rm, kamera, mikrofoner och h\u00f6gtalare.<\/p>\n\n\n\n<p class=\"wp-block-paragraph\">Jabra Reach bygger p\u00e5 HDBaseT-teknik och ut\u00f6kar denna anslutning upp till 100 meter (328 fot), vilket m\u00f6jligg\u00f6r enhetliga installationer i rum av olika storlekar. Detta hj\u00e4lper installationsteam att skapa snabbare och renare installationer med f\u00e4rre potentiella felpunkter och g\u00f6r det enklare att replikera installationer i stor skala.<\/p>\n\n\n\n<p class=\"wp-block-paragraph\">\u2013 Att g\u00e5 in i ett rum och ansluta sin egen b\u00e4rbara dator borde vara det enklaste i v\u00e4rlden, men alltf\u00f6r ofta \u00e4r det inte s\u00e5. Man har fel kabel, fel kontakt, en signal som bryts eller ett bord fullt av adaptrar. Jabra Reach l\u00f6ser det p\u00e5 infrastrukturniv\u00e5. Anv\u00e4ndarna beh\u00f6ver bara ansluta en kabel, och den fungerar med alla videobarer eller rumsystem utan att p\u00e5verka hur den befintliga installationen fungerar. Det g\u00f6r anslutningen p\u00e5litlig och reproducerbar i alla rum, s\u00e4ger Holger Reisinger, Senior Vice President p\u00e5 Jabras aff\u00e4rsenhet f\u00f6r video.<\/p>\n\n\n\n<figure class=\"wp-block-image is-resized\"><img fetchpriority=\"high\" decoding=\"async\" width=\"1920\" height=\"1079\" src=\"https:\/\/itbranschen.com\/wp-content\/uploads\/2026\/09\/Jabra-Reach-with-PanaCast-55-VBS-new.png\" alt=\"| IT-Branschen\" class=\"wp-image-33336\" style=\"aspect-ratio:1.7794253938832252;width:1920px;height:auto\" title=\"| IT-Branschen\" srcset=\"https:\/\/itbranschen.com\/wp-content\/uploads\/2026\/09\/Jabra-Reach-with-PanaCast-55-VBS-new.png 1920w, https:\/\/itbranschen.com\/wp-content\/uploads\/2026\/09\/Jabra-Reach-with-PanaCast-55-VBS-new-300x169.png 300w, https:\/\/itbranschen.com\/wp-content\/uploads\/2026\/09\/Jabra-Reach-with-PanaCast-55-VBS-new-1024x575.png 1024w, https:\/\/itbranschen.com\/wp-content\/uploads\/2026\/09\/Jabra-Reach-with-PanaCast-55-VBS-new-768x432.png 768w, https:\/\/itbranschen.com\/wp-content\/uploads\/2026\/09\/Jabra-Reach-with-PanaCast-55-VBS-new-1536x863.png 1536w, https:\/\/itbranschen.com\/wp-content\/uploads\/2026\/09\/Jabra-Reach-with-PanaCast-55-VBS-new-18x10.png 18w, https:\/\/itbranschen.com\/wp-content\/uploads\/2026\/09\/Jabra-Reach-with-PanaCast-55-VBS-new-332x187.png 332w, https:\/\/itbranschen.com\/wp-content\/uploads\/2026\/09\/Jabra-Reach-with-PanaCast-55-VBS-new-664x373.png 664w, https:\/\/itbranschen.com\/wp-content\/uploads\/2026\/09\/Jabra-Reach-with-PanaCast-55-VBS-new-688x387.png 688w, https:\/\/itbranschen.com\/wp-content\/uploads\/2026\/09\/Jabra-Reach-with-PanaCast-55-VBS-new-1376x774.png 1376w, https:\/\/itbranschen.com\/wp-content\/uploads\/2026\/09\/Jabra-Reach-with-PanaCast-55-VBS-new-1044x587.png 1044w, https:\/\/itbranschen.com\/wp-content\/uploads\/2026\/09\/Jabra-Reach-with-PanaCast-55-VBS-new-1400x787.png 1400w\" sizes=\"(max-width: 1920px) 100vw, 1920px\" \/><\/figure>\n\n\n\n<p class=\"wp-block-paragraph\">Flexibla monteringsalternativ m\u00f6jligg\u00f6r snygga och diskreta installationer vid bordet och bakom sk\u00e4rmen, medan dolda portar och s\u00e4krade kablar skapar en manipuleringss\u00e4ker installation. Valfri USB-C-str\u00f6mf\u00f6rs\u00f6rjning p\u00e5 upp till 100 W g\u00f6r det dessutom m\u00f6jligt att ladda en b\u00e4rbar dator via samma anslutning.<\/p>\n\n\n\n<p class=\"wp-block-paragraph\"><a href=\"https:\/\/itbranschen.com\/jabra-evolve3-ai-headset\/\" data-type=\"post\" data-id=\"28033\">Jabra<\/a> Reach kan hanteras via Jabra Plus Management, vilket ger centraliserad \u00f6versikt och kontroll som hj\u00e4lper IT-team att konfigurera, \u00f6vervaka och ge support f\u00f6r m\u00f6tesrum fr\u00e5n en central plattform. Jabra Reach \u00e4r utformat f\u00f6r att fungera med alla Jabras videol\u00f6sningar f\u00f6r m\u00f6tesrum och hj\u00e4lper organisationer att maximera avkastningen p\u00e5 sina befintliga investeringar i m\u00f6tesrum.<\/p>\n\n\n\n<p class=\"wp-block-paragraph\"><strong>Nya funktioner i hela Jabra PanaCast-sortimentet<\/strong><br>Parallellt med Jabra Reach ut\u00f6kar Jabra sitt Jabra PanaCast-sortiment genom firmwareuppdateringar. Firmwareuppdateringarna tillf\u00f6r nya funktioner till befintliga Jabra-videol\u00f6sningar, vilket m\u00f6jligg\u00f6r b\u00e4ttre \u00f6versikt, anpassningsm\u00f6jligheter och enhetlig hantering av enheter i stor skala.<\/p>\n\n\n\n<p class=\"wp-block-paragraph\">Firmwareuppdateringarna introducerar fyra f\u00f6rb\u00e4ttringar:<\/p>\n\n\n\n<ul class=\"wp-block-list\">\n<li>People Count, som ger organisationer b\u00e4ttre inblick i utnyttjandet av m\u00f6tesrummen.<\/li>\n\n\n\n<li>Custom Wallpaper, som g\u00f6r det m\u00f6jligt f\u00f6r f\u00f6retag att anpassa sk\u00e4rmarna i m\u00f6tesrummen med f\u00f6retagets varum\u00e4rke och information.<\/li>\n\n\n\n<li>Web UI via USB, som m\u00f6jligg\u00f6r webbl\u00e4sarbaserad konfiguration och enhetshantering.<\/li>\n\n\n\n<li>CLI-funktionalitet, som g\u00f6r det m\u00f6jligt f\u00f6r IT-team och AV-integrat\u00f6rer att drifts\u00e4tta och hantera enheter mer effektivt i stor skala.<\/li>\n<\/ul>\n\n\n\n<p class=\"wp-block-paragraph\">Firmwareuppdateringarna kommer att bli tillg\u00e4ngliga i hela Jabra PanaCast-sortimentet fram till slutet av \u00e5ret.<\/p>\n\n\n\n<p class=\"wp-block-paragraph\"><strong>L\u00e4s mer om Jabra Reach p\u00e5 <a href=\"https:\/\/www.jabra.com\/reach\" target=\"_blank\" rel=\"noreferrer noopener\">www.jabra.com\/reach<\/a><\/strong><\/p>\n\n\n\n<p class=\"wp-block-paragraph\"><\/p>\n","protected":false},"excerpt":{"rendered":"\u200b\ufeffJabra Reach f\u00f6renklar videom\u00f6ten genom en enda kabel f\u00f6r ljud, video, USB och str\u00f6m, vilket skapar enhetliga och p\u00e5litliga installationer i alla m\u00f6tesrum.\ufeff\u200b","protected":false},"author":1,"featured_media":33335,"comment_status":"closed","ping_status":"closed","sticky":false,"template":"","format":"standard","meta":{"csco_display_header_overlay":false,"csco_singular_sidebar":"","csco_page_header_type":"","csco_page_load_nextpost":"","csco_post_video_location":[],"csco_post_video_location_hash":"","csco_post_video_url":"","csco_post_video_bg_start_time":0,"csco_post_video_bg_end_time":0,"footnotes":""},"categories":[21],"tags":[8622,5191,2431,5,5199,1335,1768,2916,1589,2412,8623,8620,8621,1008,3071,3075,8,5189,2415],"itb_content_type":[8303],"class_list":["post-33290","post","type-post","status-publish","format-standard","has-post-thumbnail","category-nyheter","tag-av-teknik","tag-byod","tag-digital-arbetsplats","tag-foretag","tag-foretagsteknik","tag-hybridarbete","tag-it-branschen-2","tag-it-kanalen-2","tag-it-kanalen","tag-jabra","tag-jabra-panacast","tag-jabra-plus-management","tag-jabra-reach","tag-motesrum","tag-nordisk-it-media","tag-svensk-it-nyhetssajt","tag-sverige","tag-usb-c","tag-videokonferens","cs-entry","cs-video-wrap"],"_links":{"self":[{"href":"https:\/\/itbranschen.com\/sv\/wp-json\/wp\/v2\/posts\/33290","targetHints":{"allow":["GET"]}}],"collection":[{"href":"https:\/\/itbranschen.com\/sv\/wp-json\/wp\/v2\/posts"}],"about":[{"href":"https:\/\/itbranschen.com\/sv\/wp-json\/wp\/v2\/types\/post"}],"author":[{"embeddable":true,"href":"https:\/\/itbranschen.com\/sv\/wp-json\/wp\/v2\/users\/1"}],"replies":[{"embeddable":true,"href":"https:\/\/itbranschen.com\/sv\/wp-json\/wp\/v2\/comments?post=33290"}],"version-history":[{"count":0,"href":"https:\/\/itbranschen.com\/sv\/wp-json\/wp\/v2\/posts\/33290\/revisions"}],"wp:featuredmedia":[{"embeddable":true,"href":"https:\/\/itbranschen.com\/sv\/wp-json\/wp\/v2\/media\/33335"}],"wp:attachment":[{"href":"https:\/\/itbranschen.com\/sv\/wp-json\/wp\/v2\/media?parent=33290"}],"wp:term":[{"taxonomy":"category","embeddable":true,"href":"https:\/\/itbranschen.com\/sv\/wp-json\/wp\/v2\/categories?post=33290"},{"taxonomy":"post_tag","embeddable":true,"href":"https:\/\/itbranschen.com\/sv\/wp-json\/wp\/v2\/tags?post=33290"},{"taxonomy":"itb_content_type","embeddable":true,"href":"https:\/\/itbranschen.com\/sv\/wp-json\/wp\/v2\/itb_content_type?post=33290"}],"curies":[{"name":"wp","href":"https:\/\/api.w.org\/{rel}","templated":true}]}}