{"id":33233,"date":"2026-09-02T08:56:30","date_gmt":"2026-09-02T06:56:30","guid":{"rendered":"https:\/\/itbranschen.com\/?p=33233"},"modified":"2026-09-02T09:02:11","modified_gmt":"2026-09-02T07:02:11","slug":"searchlight-investerar-aderian-group","status":"publish","type":"post","link":"https:\/\/itbranschen.com\/sv\/searchlight-investerar-aderian-group\/","title":{"rendered":"Searchlight investerar i Aderian Group \u2013 ska accelerera nordisk expansion"},"content":{"rendered":"\n<p class=\"wp-block-paragraph\"><strong>Det globala investmentbolaget Searchlight Capital Partners investerar i svenska Aderian Group. Investeringen ska ge IT-koncernen nya resurser f\u00f6r fortsatt expansion i Norden, samtidigt som Aderian planerar att st\u00e4rka sitt erbjudande inom bland annat cybers\u00e4kerhet, AI, analys och molntj\u00e4nster.<\/strong><\/p>\n\n\n\n<p class=\"wp-block-paragraph\">Searchlight Capital Partners har offentliggjort en investering i Aderian Group, en nordisk leverant\u00f6r av managed IT-tj\u00e4nster med fler \u00e4n 10 000 sm\u00e5 och medelstora f\u00f6retagskunder i Sverige och Norge.<\/p>\n\n\n\n<p class=\"wp-block-paragraph\">I samband med transaktionen \u00e5terinvesterar Aderians ledning i bolaget och kommer fortsatt att vara betydande aktie\u00e4gare tillsammans med Searchlight.<\/p>\n\n\n\n<p class=\"wp-block-paragraph\">Investeringen markerar n\u00e4sta steg i en snabb tillv\u00e4xtresa f\u00f6r Aderian, som sedan starten 2022 har vuxit till omkring <strong>2,5 miljarder kronor i oms\u00e4ttning, fler \u00e4n 850 medarbetare och \u00f6ver 10 000 kunder<\/strong> i Sverige och Norge.<\/p>\n\n\n\n<h2 class=\"wp-block-heading\">\u00d6ver 30 f\u00f6rv\u00e4rv sedan starten<\/h2>\n\n\n\n<p class=\"wp-block-paragraph\"><a href=\"https:\/\/itbranschen.com\/tag\/aderian-group\/\" data-type=\"post_tag\" data-id=\"8600\">Aderian<\/a> erbjuder tj\u00e4nster och l\u00f6sningar inom bland annat moln, cybers\u00e4kerhet, AI och analys, n\u00e4tverk, IT-drift och moderna digitala arbetsplatser.<\/p>\n\n\n\n<p class=\"wp-block-paragraph\">Tillv\u00e4xten har skett b\u00e5de organiskt och genom en omfattande f\u00f6rv\u00e4rvsstrategi. Sedan starten har koncernen genomf\u00f6rt <strong>\u00f6ver 30 strategiska f\u00f6rv\u00e4rv<\/strong>.<\/p>\n\n\n\n<p class=\"wp-block-paragraph\">Tidigare under 2026 tog Aderian \u00e4ven steget in p\u00e5 den norska marknaden genom f\u00f6rv\u00e4rv av fem norska IT-bolag.<\/p>\n\n\n\n<p class=\"wp-block-paragraph\">Med Searchlight som ny investerare \u00e4r planen att forts\u00e4tta utveckla koncernens tj\u00e4nsteerbjudande, bland annat inom <strong>cybers\u00e4kerhet, AI och analys<\/strong>, samt accelerera expansionen i Norden genom b\u00e5de organisk tillv\u00e4xt och ytterligare strategiska f\u00f6rv\u00e4rv.<\/p>\n\n\n\n<h2 class=\"wp-block-heading\">Siktar p\u00e5 en ledande position i Norden<\/h2>\n\n\n\n<p class=\"wp-block-paragraph\"><strong><a href=\"https:\/\/www.linkedin.com\/in\/christian-dempe-38742b8a\/\" target=\"_blank\" data-schema-attribute=\"mentions\" rel=\"noreferrer noopener sponsored\">Christian Dempe<\/a>, vd och koncernchef f\u00f6r Aderian Group<\/strong>, beskriver investeringen som ett viktigt steg i bolagets utveckling.<\/p>\n\n\n\n<p class=\"wp-block-paragraph\">Enligt Dempe har Aderian under de senaste tre och ett halvt \u00e5ren byggt upp en stark verksamhet och etablerat sig som en IT-partner f\u00f6r sm\u00e5 och medelstora f\u00f6retag i Sverige och Norge.<\/p>\n\n\n\n<p class=\"wp-block-paragraph\">Med Searchlights st\u00f6d bed\u00f6mer bolaget att det f\u00e5r b\u00e4ttre f\u00f6ruts\u00e4ttningar att \u00f6ka tillv\u00e4xttakten, utveckla sin kompetens och st\u00e4rka n\u00e4rvaron p\u00e5 den nordiska marknaden. M\u00e5ls\u00e4ttningen \u00e4r att utvecklas till en ledande pan-nordisk leverant\u00f6r av managed IT-tj\u00e4nster.<\/p>\n\n\n\n<h2 class=\"wp-block-heading\">Searchlight g\u00e5r in som ny partner<\/h2>\n\n\n\n<p class=\"wp-block-paragraph\"><a href=\"https:\/\/cts.businesswire.com\/ct\/CT?id=smartlink&amp;url=http%3A%2F%2Fwww.searchlightcap.com&amp;esheet=54527104&amp;newsitemid=20260501780075&amp;lan=en-US&amp;anchor=www.searchlightcap.com&amp;index=1&amp;md5=36d8c484ccecc88fe2dc444f4805084b\" target=\"_blank\" rel=\"noreferrer noopener\">Searchlight Capital Partners<\/a> \u00e4r ett globalt investmentbolag med omkring <strong>17 miljarder dollar i f\u00f6rvaltat kapital<\/strong> och kontor i London, New York, Miami och Toronto. Bolaget investerar bland annat inom telekommunikation, media, f\u00f6retagstj\u00e4nster, industri och finansiella tj\u00e4nster.<\/p>\n\n\n\n<p class=\"wp-block-paragraph\">Giles Marshall, partner p\u00e5 Searchlight, lyfter fram kombinationen av Aderians storlek och de lokala bolagens kundrelationer och marknadsk\u00e4nnedom som en viktig del av investeringen.<\/p>\n\n\n\n<p class=\"wp-block-paragraph\">Searchlight ser enligt bolaget m\u00f6jligheter att st\u00f6dja Aderians fortsatta expansion och utveckling p\u00e5 den nordiska marknaden.<\/p>\n\n\n\n<h2 class=\"wp-block-heading\">Adelis s\u00e4ljer majoritets\u00e4gandet<\/h2>\n\n\n\n<p class=\"wp-block-paragraph\">Transaktionen inneb\u00e4r samtidigt att Adelis Equity Partners s\u00e4ljer sitt majoritets\u00e4gande i Aderian till Searchlight Capital. Adelis blev majoritets\u00e4gare i februari 2023, n\u00e4r Aderian bestod av tio svenska managed IT-servicebolag.<\/p>\n\n\n\n<p class=\"wp-block-paragraph\">Under Adelis \u00e4garperiod har Aderians oms\u00e4ttning enligt Adelis tredubblats till omkring <strong>2,5 miljarder kronor<\/strong>, medan EBITA har mer \u00e4n tredubblats till <strong>\u00f6ver 300 miljoner kronor<\/strong>. Expansionen har drivits genom organisk tillv\u00e4xt, fler \u00e4n 30 till\u00e4ggsf\u00f6rv\u00e4rv och investeringar i organisationen.<\/p>\n\n\n\n<p class=\"wp-block-paragraph\">Erik Hallert, partner p\u00e5 Adelis Equity Partners, beskriver utvecklingen fr\u00e5n en id\u00e9 till en ledande nordisk IT-plattform p\u00e5 n\u00e5gra \u00e5r som en betydande resa och bed\u00f6mer att Aderian har en stark position inf\u00f6r n\u00e4sta tillv\u00e4xtfas.<\/p>\n\n\n\n<h2 class=\"wp-block-heading\">Aderian forts\u00e4tter konsolideringen av den nordiska IT-marknaden<\/h2>\n\n\n\n<p class=\"wp-block-paragraph\">Investeringen kommer i ett l\u00e4ge d\u00e4r Aderian snabbt har byggt upp en st\u00f6rre plattform av lokala IT-bolag.<\/p>\n\n\n\n<p class=\"wp-block-paragraph\">Koncernens modell bygger p\u00e5 att kombinera lokal n\u00e4rvaro och entrepren\u00f6rskap med resurser och specialistkompetens fr\u00e5n en gemensam grupp. Tj\u00e4nsteportf\u00f6ljen omfattar bland annat IT- och applikationsdrift, infrastruktur, molntj\u00e4nster, cybers\u00e4kerhet, data och AI, anv\u00e4ndarst\u00f6d och digitalisering.<\/p>\n\n\n\n<p class=\"wp-block-paragraph\">Med Searchlights kapital och internationella n\u00e4tverk g\u00e5r Aderian nu vidare med ambitionen att v\u00e4xa ytterligare i Norden, b\u00e5de genom den befintliga verksamheten och genom nya f\u00f6rv\u00e4rv.<\/p>\n\n\n\n<h3 class=\"wp-block-heading\">Om Aderian Group<\/h3>\n\n\n\n<p class=\"wp-block-paragraph\"><a href=\"https:\/\/www.aderian.se\" target=\"_blank\" rel=\"noreferrer noopener\">Aderian Group<\/a> grundades 2022 och digitaliserar sm\u00e5 och medelstora organisationer genom IT-tj\u00e4nster och l\u00f6sningar. Koncernen har fler \u00e4n 850 medarbetare, omkring 2,5 miljarder kronor i oms\u00e4ttning och \u00f6ver 10 000 kunder i Sverige och Norge.<\/p>\n\n\n\n<p class=\"wp-block-paragraph\"><\/p>\n\n\n\n<p class=\"wp-block-paragraph\"><\/p>\n","protected":false},"excerpt":{"rendered":"\u200b\ufeffSearchlight Capital Partners injicerar kapital i Aderian Group, vilket ska snabba p\u00e5 expansionen i Norden och f\u00f6rst\u00e4rka erbjudanden inom AI, cybers\u00e4kerhet och molntj\u00e4nster f\u00f6r sm\u00e5 och medelstora f\u00f6retag.\ufeff\u200b","protected":false},"author":1,"featured_media":33235,"comment_status":"closed","ping_status":"closed","sticky":false,"template":"","format":"standard","meta":{"csco_display_header_overlay":false,"csco_singular_sidebar":"","csco_page_header_type":"","csco_page_load_nextpost":"","csco_post_video_location":[],"csco_post_video_location_hash":"","csco_post_video_url":"","csco_post_video_bg_start_time":0,"csco_post_video_bg_end_time":0,"footnotes":""},"categories":[1403],"tags":[8602,8600,24,8599,31,1801,1026,2916,1589,1630,2145,1089,908,58,3071,193,8601,8],"itb_content_type":[8305],"class_list":["post-33233","post","type-post","status-publish","format-standard","has-post-thumbnail","category-investeringar","tag-adelis-equity-partners","tag-aderian-group","tag-ai","tag-christian-dempe","tag-cybersakerhet","tag-forvarv","tag-investeringar","tag-it-kanalen-2","tag-it-kanalen","tag-it-tjanster","tag-managed-services","tag-molntjanster","tag-msp","tag-norden","tag-nordisk-it-media","tag-norge","tag-searchlight-capital-partners","tag-sverige","cs-entry","cs-video-wrap"],"_links":{"self":[{"href":"https:\/\/itbranschen.com\/sv\/wp-json\/wp\/v2\/posts\/33233","targetHints":{"allow":["GET"]}}],"collection":[{"href":"https:\/\/itbranschen.com\/sv\/wp-json\/wp\/v2\/posts"}],"about":[{"href":"https:\/\/itbranschen.com\/sv\/wp-json\/wp\/v2\/types\/post"}],"author":[{"embeddable":true,"href":"https:\/\/itbranschen.com\/sv\/wp-json\/wp\/v2\/users\/1"}],"replies":[{"embeddable":true,"href":"https:\/\/itbranschen.com\/sv\/wp-json\/wp\/v2\/comments?post=33233"}],"version-history":[{"count":4,"href":"https:\/\/itbranschen.com\/sv\/wp-json\/wp\/v2\/posts\/33233\/revisions"}],"predecessor-version":[{"id":33238,"href":"https:\/\/itbranschen.com\/sv\/wp-json\/wp\/v2\/posts\/33233\/revisions\/33238"}],"wp:featuredmedia":[{"embeddable":true,"href":"https:\/\/itbranschen.com\/sv\/wp-json\/wp\/v2\/media\/33235"}],"wp:attachment":[{"href":"https:\/\/itbranschen.com\/sv\/wp-json\/wp\/v2\/media?parent=33233"}],"wp:term":[{"taxonomy":"category","embeddable":true,"href":"https:\/\/itbranschen.com\/sv\/wp-json\/wp\/v2\/categories?post=33233"},{"taxonomy":"post_tag","embeddable":true,"href":"https:\/\/itbranschen.com\/sv\/wp-json\/wp\/v2\/tags?post=33233"},{"taxonomy":"itb_content_type","embeddable":true,"href":"https:\/\/itbranschen.com\/sv\/wp-json\/wp\/v2\/itb_content_type?post=33233"}],"curies":[{"name":"wp","href":"https:\/\/api.w.org\/{rel}","templated":true}]}}