{"id":30412,"date":"2026-08-03T11:44:23","date_gmt":"2026-08-03T09:44:23","guid":{"rendered":"https:\/\/itbranschen.com\/?p=30412"},"modified":"2026-08-07T18:57:29","modified_gmt":"2026-08-07T16:57:29","slug":"nutanix-nya-distributorer-norden-baltikum-ai-hybrid-multicloud","status":"publish","type":"post","link":"https:\/\/itbranschen.com\/sv\/nutanix-nya-distributorer-norden-baltikum-ai-hybrid-multicloud\/","title":{"rendered":"Nutanix utser nya distribut\u00f6rer i Norden och Baltikum"},"content":{"rendered":"\n<p class=\"wp-block-paragraph\"><em><strong>Siktar p\u00e5 \u00f6kad tillv\u00e4xt inom cloud native, hybrid mulitcloud och AI med Arrow och SEC Datacom och TD Baltics<\/strong><\/em><\/p>\n\n\n\n<p class=\"wp-block-paragraph\">Mjukvaruf\u00f6retaget <strong><a href=\"https:\/\/www.nutanix.com\/\" target=\"_blank\" rel=\"noreferrer noopener\">Nutanix<\/a> (NASDAQ: <a href=\"https:\/\/ir.nutanix.com\/\" target=\"_blank\" rel=\"noreferrer noopener\">NTNX<\/a>)<\/strong> tillk\u00e4nnager idag en strategisk f\u00f6r\u00e4ndring av sin distributionsmodell f\u00f6r Norden och Baltikum, med verkan fr\u00e5n den 1 augusti. De tre nyutsedda distribut\u00f6rerna \u00e4r Arrow Enterprise Computing Solutions f\u00f6r hela Norden, SEC Datacom f\u00f6r Norge, Sverige, Danmark och Finland samt TD Baltics f\u00f6r de tre baltiska l\u00e4nderna.<\/p>\n\n\n\n<p class=\"wp-block-paragraph\">Den nya distributionsmodellen st\u00e4rker f\u00f6retagets l\u00e5ngsiktiga tillv\u00e4xtsm\u00e5l b\u00e5de inom det etablerade omr\u00e5det enterprise hybrid multicloud och inom det snabbt v\u00e4xande strategiska segmenten molnbaserade applikationer och artificiell intelligens. F\u00f6r\u00e4ndringen kommer efter en gedigen upphandlingsprocess.<\/p>\n\n\n\n<blockquote class=\"wp-block-quote is-layout-flow wp-block-quote-is-layout-flow\">\n<p class=\"wp-block-paragraph\">\u2013 IT-infrastrukturen i Norden \u00e4r mitt i ett teknikskifte. F\u00f6retag beh\u00f6ver modernisera sina milj\u00f6er f\u00f6r att kunna dra nytta av AI och molntj\u00e4nster, <strong>s\u00e4ger <a href=\"https:\/\/www.linkedin.com\/in\/matsericson\/\" target=\"_blank\" rel=\"noreferrer noopener sponsored\">Mats Ericson<\/a>, regionchef f\u00f6r Norden och Baltikum p\u00e5 Nutanix.<\/strong><\/p>\n<\/blockquote>\n\n\n\n<p class=\"wp-block-paragraph\">Med den nya modellen f\u00e5r Nutanix flera distribut\u00f6rer i regionen, vilket st\u00e4rker partnern\u00e4tverket och skapar b\u00e4ttre f\u00f6ruts\u00e4ttningar f\u00f6r tillv\u00e4xt. Uppl\u00e4gget ger full t\u00e4ckning i regionen, starkare lokalt st\u00f6d och r\u00e4tt teknisk kompetens, s\u00e5 att partners kan v\u00e4xa och m\u00f6ta sina kunders behov p\u00e5 b\u00e4sta m\u00f6jliga s\u00e4tt.<\/p>\n\n\n\n<p class=\"wp-block-paragraph\">\u2013 Vi \u00e4r verkligen glada \u00f6ver att samarbeta med <strong>Arrow, SEC Datacom och TD Baltics.<\/strong> De h\u00e4r tre distribut\u00f6rerna har alla en stark lokal n\u00e4rvaro, r\u00e4tt kompetens och ett genuint engagemang f\u00f6r att st\u00f6dja v\u00e5ra partners. Med det nya uppl\u00e4gget, som startar den 1 augusti, bygger vi en snabbr\u00f6rlig och stark kanal, n\u00e5got som gynnar b\u00e5de <strong>Nutanix och v\u00e5ra partners<\/strong> b\u00e5de p\u00e5 kort och p\u00e5 l\u00e5ng sikt, forts\u00e4tter <strong>Mats Ericsson<\/strong><\/p>\n\n\n\n<p class=\"wp-block-paragraph\">Det nya uppl\u00e4gget bygger p\u00e5 tre noggrant utvalda distribut\u00f6rer, var och en vald f\u00f6r sin expertis och lokala n\u00e4rvaro i regionen.<\/p>\n\n\n\n<blockquote class=\"wp-block-quote is-layout-flow wp-block-quote-is-layout-flow\">\n<p class=\"wp-block-paragraph\">\u2013 F\u00f6r oss \u00e4r det helt avg\u00f6rande att ha r\u00e4tt distributionspartners vid v\u00e5r sida i takt med att vi utvecklar v\u00e5rt partnern\u00e4tverk, <strong>s\u00e4ger <a href=\"https:\/\/www.linkedin.com\/in\/stefkoopman\/\" target=\"_blank\" data-schema-attribute=\"mentions\" rel=\"noreferrer noopener sponsored\">Stef Koopman<\/a>, kanalchef f\u00f6r Benelux och Norden p\u00e5 Nutanix<\/strong> och forts\u00e4tter:<\/p>\n<\/blockquote>\n\n\n\n<p class=\"wp-block-paragraph\">Vi \u00e4r helt \u00f6vertygade om att det h\u00e4r uppl\u00e4gget g\u00f6r det m\u00f6jligt f\u00f6r oss att st\u00f6tta v\u00e5ra partners med r\u00e4tt resurser, r\u00e4tt kompetens och r\u00e4tt fokus, s\u00e5 att vi kan v\u00e4xa tillsammans.<\/p>\n\n\n\n<h2 class=\"wp-block-heading\">Om Nutanix<\/h2>\n\n\n\n<p class=\"wp-block-paragraph\">Nutanix \u00e4r en global ledare inom molnmjukvara och hybrid multicloud computing. Med en gemensam plattform hj\u00e4lper <a href=\"https:\/\/itbranschen.com\/tag\/nutanix\/\" data-type=\"post_tag\" data-id=\"958\">Nutanix<\/a> organisationer att k\u00f6ra applikationer och hantera data var som helst \u2013 oavsett om det sker i publika moln, privata datacenter eller i kombinerade milj\u00f6er. Mer \u00e4n 30 000 kunder v\u00e4rlden \u00f6ver f\u00f6rlitar sig p\u00e5 Nutanix f\u00f6r att modernisera sin IT p\u00e5 ett enkelt och kostnadseffektivt s\u00e4tt. L\u00e4s mer p\u00e5<a href=\"http:\/\/www.nutanix.com\/\" target=\"_blank\" rel=\"noopener\"> <\/a><a href=\"http:\/\/www.nutanix.com\/\" target=\"_blank\" rel=\"noreferrer noopener\"><strong>www.nutanix.com<\/strong><\/a><\/p>\n\n\n\n<p class=\"wp-block-paragraph\"><\/p>\n","protected":false},"excerpt":{"rendered":"\u200b\ufeffNutanix introducerar en ny distributionsmodell med tre distribut\u00f6rer i Norden och Baltikum, med fokus p\u00e5 att driva tillv\u00e4xt inom hybrid multicloud och AI genom starkare lokalt st\u00f6d och kompetens.\ufeff\u200b","protected":false},"author":1,"featured_media":30415,"comment_status":"closed","ping_status":"closed","sticky":false,"template":"","format":"standard","meta":{"csco_display_header_overlay":false,"csco_singular_sidebar":"","csco_page_header_type":"","csco_page_load_nextpost":"","csco_post_video_location":[],"csco_post_video_location_hash":"","csco_post_video_url":"","csco_post_video_bg_start_time":0,"csco_post_video_bg_end_time":0,"footnotes":""},"categories":[21],"tags":[24,8248,1422,5893,8250,125,1094,2350,2377,3661,1768,4452,6122,6838,1782,6827,3199,751,1843,215,1589,7627,6447,2338,1061,58,958,8252,5770,8249,4678,8251],"itb_content_type":[8305],"class_list":["post-30412","post","type-post","status-publish","format-standard","has-post-thumbnail","category-nyheter","tag-ai","tag-arrow-enterprise-computing-solutions","tag-artificiell-intelligens","tag-baltikum","tag-cloud-native","tag-datacenter","tag-digital-transformation","tag-enterprise-it","tag-foretags-it-2","tag-hybrid-multicloud","tag-it-branschen-2","tag-it-branschen-nyheter","tag-it-media-group","tag-it-media-group-sverige","tag-it-nyheter","tag-it-nyheter-nordics","tag-it-nyheter-sverige","tag-it-branschen","tag-it-distribution","tag-it-infrastruktur","tag-it-kanalen","tag-it-kanalen-nyheter","tag-it-kanalen-sverige","tag-kanalpartners","tag-molninfrastruktur","tag-norden","tag-nutanix","tag-nutanix-partner-network","tag-partnerkanal","tag-sec-datacom","tag-sverige-it-nyheter","tag-td-baltics","cs-entry","cs-video-wrap"],"_links":{"self":[{"href":"https:\/\/itbranschen.com\/sv\/wp-json\/wp\/v2\/posts\/30412","targetHints":{"allow":["GET"]}}],"collection":[{"href":"https:\/\/itbranschen.com\/sv\/wp-json\/wp\/v2\/posts"}],"about":[{"href":"https:\/\/itbranschen.com\/sv\/wp-json\/wp\/v2\/types\/post"}],"author":[{"embeddable":true,"href":"https:\/\/itbranschen.com\/sv\/wp-json\/wp\/v2\/users\/1"}],"replies":[{"embeddable":true,"href":"https:\/\/itbranschen.com\/sv\/wp-json\/wp\/v2\/comments?post=30412"}],"version-history":[{"count":0,"href":"https:\/\/itbranschen.com\/sv\/wp-json\/wp\/v2\/posts\/30412\/revisions"}],"wp:featuredmedia":[{"embeddable":true,"href":"https:\/\/itbranschen.com\/sv\/wp-json\/wp\/v2\/media\/30415"}],"wp:attachment":[{"href":"https:\/\/itbranschen.com\/sv\/wp-json\/wp\/v2\/media?parent=30412"}],"wp:term":[{"taxonomy":"category","embeddable":true,"href":"https:\/\/itbranschen.com\/sv\/wp-json\/wp\/v2\/categories?post=30412"},{"taxonomy":"post_tag","embeddable":true,"href":"https:\/\/itbranschen.com\/sv\/wp-json\/wp\/v2\/tags?post=30412"},{"taxonomy":"itb_content_type","embeddable":true,"href":"https:\/\/itbranschen.com\/sv\/wp-json\/wp\/v2\/itb_content_type?post=30412"}],"curies":[{"name":"wp","href":"https:\/\/api.w.org\/{rel}","templated":true}]}}