{"id":29555,"date":"2026-07-22T21:04:45","date_gmt":"2026-07-22T19:04:45","guid":{"rendered":"https:\/\/itbranschen.com\/?p=29555"},"modified":"2026-07-22T21:20:36","modified_gmt":"2026-07-22T19:20:36","slug":"no18-norra-bantorget-stockholm-premium-coworking","status":"publish","type":"post","link":"https:\/\/itbranschen.com\/sv\/no18-norra-bantorget-stockholm-premium-coworking\/","title":{"rendered":"No18 etablerar ny premiumarbetsplats vid Norra Bantorget i Stockholm"},"content":{"rendered":"\n<p class=\"wp-block-paragraph\"><strong>No18 forts\u00e4tter sin expansion i Stockholm med en ny premiumarbetsplats vid Norra Bantorget. Den nya etableringen p\u00e5 Torsgatan 8 erbjuder privata kontor, coworking, m\u00f6tesrum, businesslounger och eventlokaler i en varsamt renoverad sekelskiftesfastighet mitt i huvudstaden.<\/strong><\/p>\n\n\n\n<p class=\"wp-block-paragraph\">Satsningen speglar en tydlig utveckling p\u00e5 kontorsmarknaden, d\u00e4r f\u00f6retag i allt h\u00f6gre grad efterfr\u00e5gar flexibla arbetsplatser som kombinerar professionell infrastruktur, h\u00f6g serviceniv\u00e5, n\u00e4tverksm\u00f6jligheter och inspirerande arbetsmilj\u00f6er. Samtidigt blir kontoret en allt viktigare strategisk tillg\u00e5ng f\u00f6r att attrahera kompetens, st\u00e4rka f\u00f6retagskulturen och skapa b\u00e4ttre f\u00f6ruts\u00e4ttningar f\u00f6r hybridarbete.<\/p>\n\n\n\n<h2 class=\"wp-block-heading\">No18 Norra Bantorget blir f\u00f6retagets tredje etablering i Stockholm<\/h2>\n\n\n\n<p class=\"wp-block-paragraph\">Med etableringen av <strong>No18 Norra Bantorget<\/strong> st\u00e4rker f\u00f6retaget sin n\u00e4rvaro i huvudstaden. Den nya adressen p\u00e5 Torsgatan 8 ligger bara n\u00e5gra minuters promenad fr\u00e5n <strong>Stockholm Centralstation och Arlanda Express<\/strong>, vilket ger god tillg\u00e4nglighet f\u00f6r b\u00e5de svenska och internationella f\u00f6retag.<\/p>\n\n\n\n<p class=\"wp-block-paragraph\">Enligt No18 \u00e4r ambitionen att skapa mer \u00e4n ett traditionellt kontor. Milj\u00f6n ska fungera som en plats d\u00e4r arbete, m\u00f6ten, n\u00e4tverkande och sociala aktiviteter samlas under samma tak och d\u00e4r medlemmarna f\u00e5r tillg\u00e5ng till en arbetsmilj\u00f6 som kombinerar flexibilitet med h\u00f6g service och ett aktivt aff\u00e4rsn\u00e4tverk.<\/p>\n\n\n\n<h2 class=\"wp-block-heading\">Historisk fastighet m\u00f6ter framtidens arbetsplats<\/h2>\n\n\n\n<p class=\"wp-block-paragraph\">Den nya anl\u00e4ggningen ligger i en v\u00e4lbevarad sekelskiftesfastighet med h\u00f6gt i tak, stora f\u00f6nster och rikligt ljusinsl\u00e4pp. Byggnadens historiska karakt\u00e4r har bevarats samtidigt som lokalerna har anpassats f\u00f6r dagens moderna arbetsliv.<\/p>\n\n\n\n<p class=\"wp-block-paragraph\">No18 beskriver konceptet som en milj\u00f6 som ska k\u00e4nnas mer som ett exklusivt hem eller ett boutiquehotell \u00e4n ett traditionellt kontor. Kombinationen av historisk arkitektur och moderna arbetsmilj\u00f6er ska skapa en inspirerande plats d\u00e4r medlemmarna trivs, m\u00f6ts och utvecklar sina verksamheter.<\/p>\n\n\n\n<figure class=\"wp-block-gallery has-nested-images columns-3 is-cropped wp-block-gallery-17 is-layout-flex wp-block-gallery-is-layout-flex\" style=\"border-top-left-radius:0px;border-top-right-radius:0px;border-bottom-left-radius:0px;border-bottom-right-radius:0px\">\n<figure class=\"wp-block-image has-custom-border\"><img decoding=\"async\" src=\"https:\/\/www.no18.com\/assets\/img\/VenuesPages\/desktop\/PrivateOffice.jpg\" alt=\"Private Offices\" style=\"border-top-left-radius:15px;border-top-right-radius:15px;border-bottom-left-radius:15px;border-bottom-right-radius:15px\" title=\"Privateoffice | IT-Branschen\"\/><\/figure>\n\n\n\n<figure class=\"wp-block-image has-custom-border\"><img decoding=\"async\" src=\"https:\/\/www.no18.com\/assets\/img\/VenuesPages\/desktop\/PrivateDesk.jpg\" alt=\"Private Desks\" style=\"border-top-left-radius:15px;border-top-right-radius:15px;border-bottom-left-radius:15px;border-bottom-right-radius:15px\" title=\"Privatedesk | IT-Branschen\"\/><\/figure>\n\n\n\n<figure class=\"wp-block-image has-custom-border\"><img decoding=\"async\" src=\"https:\/\/www.no18.com\/assets\/img\/VenuesPages\/desktop\/Co-Working.jpg\" alt=\"CoWorking Spaces\" style=\"border-top-left-radius:15px;border-top-right-radius:15px;border-bottom-left-radius:15px;border-bottom-right-radius:15px\" title=\"Co Working | IT-Branschen\"\/><\/figure>\n\n\n\n<figure class=\"wp-block-image has-custom-border\"><img decoding=\"async\" src=\"https:\/\/www.no18.com\/assets\/img\/VenuesPages\/desktop\/ConferenceRooms.jpg\" alt=\"Conference Rooms\" style=\"border-top-left-radius:15px;border-top-right-radius:15px;border-bottom-left-radius:15px;border-bottom-right-radius:15px\" title=\"Conferencerooms | IT-Branschen\"\/><\/figure>\n\n\n\n<figure class=\"wp-block-image has-custom-border\"><img decoding=\"async\" src=\"https:\/\/www.no18.com\/assets\/img\/VenuesPages\/desktop\/BusinessLounges.jpg\" alt=\"Business Lounges\" style=\"border-top-left-radius:15px;border-top-right-radius:15px;border-bottom-left-radius:15px;border-bottom-right-radius:15px\" title=\"Businesslounges | IT-Branschen\"\/><\/figure>\n\n\n\n<figure class=\"wp-block-image has-custom-border\"><img decoding=\"async\" src=\"https:\/\/www.no18.com\/assets\/img\/VenuesPages\/desktop\/EventSpace.jpg\" alt=\"Event Space\" style=\"border-top-left-radius:15px;border-top-right-radius:15px;border-bottom-left-radius:15px;border-bottom-right-radius:15px\" title=\"Eventspace | IT-Branschen\"\/><\/figure>\n<\/figure>\n\n\n\n<h2 class=\"wp-block-heading\">Privata kontor, coworking och moderna m\u00f6tesmilj\u00f6er<\/h2>\n\n\n\n<p class=\"wp-block-paragraph\">Den nya anl\u00e4ggningen erbjuder flera olika typer av arbetsplatser beroende p\u00e5 verksamhetens behov.<\/p>\n\n\n\n<p class=\"wp-block-paragraph\">F\u00f6retag kan v\u00e4lja mellan privata kontor, dedikerade skrivbord och flexibla coworkingplatser. Dessutom finns fullt utrustade konferensrum, m\u00f6teslokaler, businesslounger och eventytor som kan anv\u00e4ndas f\u00f6r kundm\u00f6ten, workshops, presentationer och st\u00f6rre f\u00f6retagsevenemang.<\/p>\n\n\n\n<p class=\"wp-block-paragraph\">Den flexibla modellen g\u00f6r det enklare f\u00f6r f\u00f6retag att anpassa sina kontorsl\u00f6sningar efter verksamhetens behov, utan l\u00e5nga hyresavtal eller omfattande investeringar i egna lokaler och servicefunktioner.<\/p>\n\n\n\n<h2 class=\"wp-block-heading\">Ett strategiskt l\u00e4ge i centrala Stockholm<\/h2>\n\n\n\n<p class=\"wp-block-paragraph\">L\u00e4get vid <strong><a href=\"https:\/\/www.no18.com\/venues\/stockholm\/stockholm-norra-bantorget\" target=\"_blank\" rel=\"noreferrer noopener\">Norra Bantorget<\/a><\/strong> inneb\u00e4r n\u00e4rhet till <strong>Stockholm Centralstation, Arlanda Express, tunnelbana, pendelt\u00e5g och flera busslinjer<\/strong>. F\u00f6r internationella f\u00f6retag och organisationer med frekventa aff\u00e4rsresor inneb\u00e4r det kortare restider och smidigare tillg\u00e5ng till b\u00e5de flygplatsen och stadens viktigaste aff\u00e4rsomr\u00e5den.<\/p>\n\n\n\n<p class=\"wp-block-paragraph\">Samtidigt ligger anl\u00e4ggningen n\u00e4ra <strong>Vasastan och Stockholms city<\/strong> med restauranger, hotell och ett stort antal f\u00f6retag inom teknik, finans, konsultverksamhet och professionella tj\u00e4nster.<\/p>\n\n\n\n<p class=\"wp-block-paragraph\">Det centrala l\u00e4get g\u00f6r anl\u00e4ggningen attraktiv f\u00f6r f\u00f6retag som vill kombinera moderna arbetsmilj\u00f6er med goda kommunikationer och n\u00e4rhet till kunder, samarbetspartner och medarbetare.<\/p>\n\n\n\n<figure class=\"wp-block-image\"><img decoding=\"async\" src=\"https:\/\/www.no18.com\/Assets\/img\/Home\/Imms-HomeCarousel-1.jpg\" alt=\"https:\/\/www.no18.com\/Assets\/img\/Home\/Imms-HomeCarousel-1.jpg\" title=\"Imms Homecarousel | IT-Branschen\"\/><\/figure>\n\n\n\n<h2 class=\"wp-block-heading\">Coworking forts\u00e4tter att utvecklas<\/h2>\n\n\n\n<p class=\"wp-block-paragraph\">Coworking har under det senaste decenniet utvecklats fr\u00e5n att fr\u00e4mst rikta sig till frilansare och startups till att bli en etablerad kontorsl\u00f6sning \u00e4ven f\u00f6r v\u00e4xande f\u00f6retag och st\u00f6rre organisationer.<\/p>\n\n\n\n<p class=\"wp-block-paragraph\">Hybridarbete, snabb tillv\u00e4xt och f\u00f6r\u00e4ndrade lokalbehov g\u00f6r att allt fler verksamheter efterfr\u00e5gar flexibla kontorsl\u00f6sningar som enkelt kan skalas upp eller ned i takt med verksamhetens utveckling.<\/p>\n\n\n\n<p class=\"wp-block-paragraph\">M\u00e5nga akt\u00f6rer investerar d\u00e4rf\u00f6r i <strong>design, service, restauranger, medlemsf\u00f6rm\u00e5ner och aff\u00e4rsn\u00e4tverk<\/strong> f\u00f6r att skapa ett tydligare merv\u00e4rde \u00e4n vad ett traditionellt kontor kan erbjuda.<\/p>\n\n\n\n<h2 class=\"wp-block-heading\">Arbetsplatsen blir en konkurrensf\u00f6rdel<\/h2>\n\n\n\n<p class=\"wp-block-paragraph\">F\u00f6r m\u00e5nga f\u00f6retag handlar valet av kontor inte l\u00e4ngre bara om kvadratmeter och hyreskostnader.<\/p>\n\n\n\n<p class=\"wp-block-paragraph\">En attraktiv arbetsmilj\u00f6 kan bidra till att locka nya medarbetare, st\u00e4rka f\u00f6retagskulturen och skapa b\u00e4ttre f\u00f6ruts\u00e4ttningar f\u00f6r innovation, samarbete och kunskapsutbyte.<\/p>\n\n\n\n<p class=\"wp-block-paragraph\">Gemensamma ytor och medlemsaktiviteter ger dessutom m\u00f6jlighet att bygga relationer med andra f\u00f6retag, entrepren\u00f6rer och konsulter som delar samma arbetsmilj\u00f6.<\/p>\n\n\n\n<p class=\"wp-block-paragraph\">Utvecklingen visar att <strong>coworking<\/strong> i allt st\u00f6rre utstr\u00e4ckning handlar om att skapa aff\u00e4rsn\u00e4tverk och gemenskaper, inte bara erbjuda kontorsplatser.<\/p>\n\n\n\n<h2 class=\"wp-block-heading\">No18 st\u00e4rker sin internationella n\u00e4rvaro<\/h2>\n\n\n\n<p class=\"wp-block-paragraph\">Ut\u00f6ver sina anl\u00e4ggningar i Stockholm <strong>finns No18 \u00e4ven representerat i flera internationella st\u00e4der, bland annat Atlanta, Singapore, Gent och Montevideo<\/strong>. F\u00f6retagets webbplats listar dessutom en kommande etablering i Mexico City.<\/p>\n\n\n\n<p class=\"wp-block-paragraph\">Den internationella n\u00e4rvaron g\u00f6r det m\u00f6jligt f\u00f6r medlemmar att f\u00e5 tillg\u00e5ng till arbetsplatser och <strong>aff\u00e4rsn\u00e4tverk \u00e4ven utanf\u00f6r Sverige<\/strong>, n\u00e5got som blir allt viktigare f\u00f6r f\u00f6retag med internationella kunder, samarbetspartner och medarbetare.<\/p>\n\n\n\n<h2 class=\"wp-block-heading\">Flexibilitet blir en strategisk fr\u00e5ga f\u00f6r framtidens f\u00f6retag<\/h2>\n\n\n\n<p class=\"wp-block-paragraph\">Utvecklingen p\u00e5 kontorsmarknaden visar att f\u00f6retag i allt h\u00f6gre grad efterfr\u00e5gar l\u00f6sningar som kombinerar flexibilitet, centrala l\u00e4gen och h\u00f6g serviceniv\u00e5.<\/p>\n\n\n\n<p class=\"wp-block-paragraph\"><a href=\"https:\/\/itbranschen.com\/tag\/no18\/\" data-type=\"post_tag\" data-id=\"7920\">No18:s<\/a> etablering vid <strong>Norra Bantorget<\/strong> visar hur premiumsegmentet inom coworking forts\u00e4tter att utvecklas. Konkurrensen handlar inte l\u00e4ngre enbart om flexibla kontor, utan ocks\u00e5 om design, service, l\u00e4ge, aff\u00e4rsn\u00e4tverk och m\u00f6jligheten att skapa attraktiva arbetsmilj\u00f6er f\u00f6r b\u00e5de medarbetare och kunder.<\/p>\n\n\n\n<p class=\"wp-block-paragraph\">F\u00f6r f\u00f6retag som s\u00f6ker <strong><a href=\"https:\/\/www.no18.com\/venues\" target=\"_blank\" data-schema-attribute=\"mentions\" rel=\"noreferrer noopener\">moderna arbetsplatser i centrala Stockholm<\/a><\/strong> blir <strong>No18:s<\/strong> nya etablering ytterligare ett alternativ i en marknad d\u00e4r flexibilitet, upplevelse och gemenskap f\u00e5r allt st\u00f6rre betydelse.<\/p>\n\n\n\n<p class=\"wp-block-paragraph\">Den nya satsningen st\u00e4rker samtidigt <strong><a href=\"https:\/\/www.no18.com\/\" target=\"_blank\" rel=\"noreferrer noopener\">No18:s<\/a><\/strong> position p\u00e5 den svenska marknaden och speglar en bredare utveckling d\u00e4r arbetsplatsen blir en viktig del av f\u00f6retagens strategi f\u00f6r tillv\u00e4xt, innovation och kompetensf\u00f6rs\u00f6rjning.<\/p>\n\n\n\n<p class=\"wp-block-paragraph\"><\/p>\n","protected":false},"excerpt":{"rendered":"\u200b\ufeffNo18 \u00f6ppnar nytt kontor vid Norra Bantorget i en vackert renoverad sekelskiftesfastighet, med privata kontor, coworking och eventlokaler n\u00e4ra centralstationen i Stockholm.\ufeff\u200b","protected":false},"author":1,"featured_media":29561,"comment_status":"closed","ping_status":"closed","sticky":false,"template":"","format":"standard","meta":{"csco_display_header_overlay":false,"csco_singular_sidebar":"","csco_page_header_type":"","csco_page_load_nextpost":"","csco_post_video_location":[],"csco_post_video_location_hash":"","csco_post_video_url":"","csco_post_video_bg_start_time":0,"csco_post_video_bg_end_time":0,"footnotes":""},"categories":[21,4],"tags":[1977,7922,3,1067,7919,1335,7925,5135,1008,7920,7921,7926,7,7923,7924],"itb_content_type":[],"class_list":["post-29555","post","type-post","status-publish","format-standard","has-post-thumbnail","category-nyheter","category-foretag","tag-arbetsplats","tag-business-community","tag-coworking","tag-flexibla-kontor","tag-future-of-work","tag-hybridarbete","tag-kontor","tag-kontorsmarknaden","tag-motesrum","tag-no18","tag-norra-bantorget","tag-premium-office","tag-stockholm","tag-stockholm-central","tag-torsgatan-8","cs-entry","cs-video-wrap"],"_links":{"self":[{"href":"https:\/\/itbranschen.com\/sv\/wp-json\/wp\/v2\/posts\/29555","targetHints":{"allow":["GET"]}}],"collection":[{"href":"https:\/\/itbranschen.com\/sv\/wp-json\/wp\/v2\/posts"}],"about":[{"href":"https:\/\/itbranschen.com\/sv\/wp-json\/wp\/v2\/types\/post"}],"author":[{"embeddable":true,"href":"https:\/\/itbranschen.com\/sv\/wp-json\/wp\/v2\/users\/1"}],"replies":[{"embeddable":true,"href":"https:\/\/itbranschen.com\/sv\/wp-json\/wp\/v2\/comments?post=29555"}],"version-history":[{"count":0,"href":"https:\/\/itbranschen.com\/sv\/wp-json\/wp\/v2\/posts\/29555\/revisions"}],"wp:featuredmedia":[{"embeddable":true,"href":"https:\/\/itbranschen.com\/sv\/wp-json\/wp\/v2\/media\/29561"}],"wp:attachment":[{"href":"https:\/\/itbranschen.com\/sv\/wp-json\/wp\/v2\/media?parent=29555"}],"wp:term":[{"taxonomy":"category","embeddable":true,"href":"https:\/\/itbranschen.com\/sv\/wp-json\/wp\/v2\/categories?post=29555"},{"taxonomy":"post_tag","embeddable":true,"href":"https:\/\/itbranschen.com\/sv\/wp-json\/wp\/v2\/tags?post=29555"},{"taxonomy":"itb_content_type","embeddable":true,"href":"https:\/\/itbranschen.com\/sv\/wp-json\/wp\/v2\/itb_content_type?post=29555"}],"curies":[{"name":"wp","href":"https:\/\/api.w.org\/{rel}","templated":true}]}}