{"id":27364,"date":"2026-06-23T10:09:20","date_gmt":"2026-06-23T08:09:20","guid":{"rendered":"https:\/\/itbranschen.com\/?p=27364"},"modified":"2026-06-23T10:09:33","modified_gmt":"2026-06-23T08:09:33","slug":"netel-group-cuebid-cybersakerhet","status":"publish","type":"post","link":"https:\/\/itbranschen.com\/sv\/netel-group-cuebid-cybersakerhet\/","title":{"rendered":"Netel Group st\u00e4rker cybers\u00e4kerheten genom strategiskt samarbete med Cuebid"},"content":{"rendered":"\n<p class=\"wp-block-paragraph\"><strong>Netel Group har valt Cuebid som strategisk partner f\u00f6r att st\u00e4rka och vidareutveckla f\u00f6retagets cybers\u00e4kerhetsprogram. Tillsammans med specialiserade s\u00e4kerhetsleverant\u00f6rer ska Cuebid hj\u00e4lpa Netel att st\u00e4rka sina grundl\u00e4ggande cybers\u00e4kerhetsf\u00f6rm\u00e5gor f\u00f6r att skydda, uppt\u00e4cka och hantera cyberhot.<\/strong><\/p>\n\n\n\n<p class=\"wp-block-paragraph\">Som en ledande akt\u00f6r inom utveckling och underh\u00e5ll av kritisk infrastruktur verkar Netel i en milj\u00f6 d\u00e4r kraven p\u00e5 s\u00e4kerhet, kontroll och motst\u00e5ndskraft blir allt viktigare. Samtidigt arbetar f\u00f6retaget l\u00e5ngsiktigt med att skapa st\u00f6rre synergier, \u00f6kad styrning och b\u00e4ttre visibilitet inom koncernen.<\/p>\n\n\n\n<p class=\"wp-block-paragraph\">\u2013 F\u00f6r oss handlar det om att \u00f6ka insynen i v\u00e5rt s\u00e4kerhetslandskap och skapa b\u00e4ttre f\u00f6ruts\u00e4ttningar att prioritera och agera p\u00e5 r\u00e4tt saker fram\u00e5t. D\u00e4r har dialogen med <strong><a href=\"https:\/\/cuebid.se\/\" target=\"_blank\" rel=\"noreferrer noopener\">Cuebid<\/a><\/strong> varit v\u00e4ldigt v\u00e4rdefull, <strong>s\u00e4ger Henrik Lindstr\u00f6m, IT-chef p\u00e5 <a href=\"https:\/\/itbranschen.com\/tag\/netel-group\/\" data-type=\"post_tag\" data-id=\"6586\">Netel<\/a><\/strong>.<\/p>\n\n\n\n<p class=\"wp-block-paragraph\">Enligt <strong><a href=\"https:\/\/www.linkedin.com\/in\/hlindstrom\/\" target=\"_blank\" data-schema-attribute=\"mentions\" rel=\"noreferrer noopener sponsored\">Henrik Lindstr\u00f6m<\/a><\/strong> har det personliga engagemanget och den n\u00e4ra dialogen varit viktiga faktorer bakom valet av Cuebid som partner.<\/p>\n\n\n\n<p class=\"wp-block-paragraph\">Med en koncentrerad IT-organisation har Netel valt att arbeta n\u00e4ra specialiserade partners f\u00f6r att st\u00e4rka cybers\u00e4kerheten p\u00e5 ett s\u00e4tt som fungerar tillsammans med verksamhetens behov och utveckling. En viktig del av samarbetet \u00e4r att f\u00e5 tillg\u00e5ng till r\u00e5dgivning och expertis inom fr\u00e5gor som r\u00f6r s\u00e4kerhet, risker och prioriteringar fr\u00e5n en partner med specialistkompetens inom s\u00e4ker infrastruktur och cybers\u00e4kerhet.<\/p>\n\n\n\n<p class=\"wp-block-paragraph\">\u2013 Vi vill st\u00e4rka v\u00e5r f\u00f6rm\u00e5ga att uppt\u00e4cka och hantera risker samtidigt som vi g\u00f6r det p\u00e5 ett s\u00e4tt som fungerar f\u00f6r verksamheten. F\u00f6r oss \u00e4r det viktigt att ha r\u00e4tt partner f\u00f6r r\u00e4tt omr\u00e5de, <strong>s\u00e4ger Henrik Lindstr\u00f6m<\/strong>.<\/p>\n\n\n\n<p class=\"wp-block-paragraph\">Genom samarbetet f\u00e5r Netel st\u00f6d i att oms\u00e4tta s\u00e4kerhetsinsikter till konkreta prioriteringar och \u00e5tg\u00e4rder med fokus p\u00e5 st\u00e4rkt skydd, \u00f6kad synlighet, f\u00f6rb\u00e4ttrad hotdetektion och ett mer proaktivt s\u00e4kerhetsarbete.<\/p>\n\n\n\n<p class=\"wp-block-paragraph\">\u2013 M\u00e5nga f\u00f6retag efterfr\u00e5gar i dag en partner som kan kombinera strategisk r\u00e5dgivning med specialistkompetens inom s\u00e4ker infrastruktur och cybers\u00e4kerhet. D\u00e4r vill vi vara en l\u00e5ngsiktig partner som hj\u00e4lper Netel att oms\u00e4tta s\u00e4kerhetsinsikter till praktiska och verksamhetsanpassade \u00e5tg\u00e4rder, <strong>s\u00e4ger <a href=\"https:\/\/www.linkedin.com\/in\/johan-carlsson-5879a214\/\" target=\"_blank\" data-schema-attribute=\"mentions\" rel=\"noreferrer noopener sponsored\">Johan Carlsson<\/a>, Senior Key Account Manager p\u00e5 Cuebid<\/strong>.<\/p>\n\n\n\n<p class=\"wp-block-paragraph\">\u2013 Att vi f\u00e5r f\u00f6rtroendet att samarbeta med Netel \u00e4r mycket gl\u00e4djande och ett viktigt steg f\u00f6r oss inom <a href=\"https:\/\/itbranschen.com\/tag\/cuebid\/\" data-type=\"post_tag\" data-id=\"6588\">Cuebid<\/a>. Vi ser fram emot att arbeta tillsammans med Netels organisation f\u00f6r att skapa l\u00e5ngsiktigt v\u00e4rde, st\u00e4rka verksamheten och bidra med den kompetens och de l\u00f6sningar som kr\u00e4vs f\u00f6r att st\u00f6dja deras fortsatta tillv\u00e4xt och utveckling, <strong>s\u00e4ger <a href=\"https:\/\/www.linkedin.com\/in\/johan-l-1525651a9\/\" target=\"_blank\" data-schema-attribute=\"mentions\" rel=\"noreferrer noopener sponsored\">Johan Liljegren<\/a>, vd f\u00f6r Cuebid Syd<\/strong>.<\/p>\n\n\n\n<h2 class=\"wp-block-heading\">Om Netel<\/h2>\n\n\n\n<p class=\"wp-block-paragraph\">Med \u00f6ver 25 \u00e5rs erfarenhet \u00e4r Netel en ledande akt\u00f6r inom utveckling och underh\u00e5ll av kritisk infrastruktur inom infraservice, kraft och telekom. Bolaget finns representerat genom hela v\u00e4rdekedjan, fr\u00e5n design och produktion till drift och underh\u00e5ll av kundernas anl\u00e4ggningar.<\/p>\n\n\n\n<p class=\"wp-block-paragraph\"><strong><a href=\"https:\/\/netelgroup.com\/\" target=\"_blank\" rel=\"noreferrer noopener\">Netel<\/a><\/strong> arbetar f\u00f6r att skapa en tillg\u00e4nglig och tillf\u00f6rlitlig framtid d\u00e4r teknologi f\u00f6rbinder och utvecklar samh\u00e4llet. Under 2025 omsatte bolaget 2 915 miljoner kronor och koncernen har drygt 780 anst\u00e4llda. Netel \u00e4r sedan 2021 noterat p\u00e5 Nasdaq Stockholm.<\/p>\n\n\n\n<p class=\"wp-block-paragraph\"><\/p>\n","protected":false},"excerpt":{"rendered":"\u200b\ufeffNetel Group har valt Cuebid som strategisk partner f\u00f6r att st\u00e4rka cybers\u00e4kerheten genom b\u00e4ttre riskhantering, hotdetektion och verksamhetsanpassade s\u00e4kerhets\u00e5tg\u00e4rder.\ufeff\u200b","protected":false},"author":1,"featured_media":27367,"comment_status":"closed","ping_status":"closed","sticky":false,"template":"","format":"standard","meta":{"csco_display_header_overlay":false,"csco_singular_sidebar":"","csco_page_header_type":"","csco_page_load_nextpost":"","csco_post_video_location":[],"csco_post_video_location_hash":"","csco_post_video_url":"","csco_post_video_bg_start_time":0,"csco_post_video_bg_end_time":0,"footnotes":""},"categories":[21,4],"tags":[3077,6588,5149,3234,1837,3436,1134,3078,3074,3063,31,5467,1367,1094,522,3076,5271,6594,2693,6597,1768,2916,1782,3069,215,1097,6590,1731,4641,4141,4083,1130,6585,6586,174,3072,3071,6587,1292,6589,6591,3516,1746,6011,6596,6593,2366,6592,1294,2102,1283,3075,3073,128,6595],"itb_content_type":[],"class_list":["post-27364","post","type-post","status-publish","format-standard","has-post-thumbnail","category-nyheter","category-foretag","tag-b2b-it-media-sverige","tag-cuebid","tag-cyber-defense","tag-cyber-resilience","tag-cyber-resilience-act","tag-cyber-security-sweden","tag-cyberhot","tag-cyberhot-banker-nordics","tag-cyberrapport-finans-sverige","tag-cyberrisker","tag-cybersakerhet","tag-cybersakerhet-nyheter","tag-cybersakerhet-sverige","tag-digital-transformation","tag-dora","tag-enterprise-it-sakerhet-nordics","tag-foretagssakerhet","tag-hotdetektion","tag-hotlandskap","tag-infraservice","tag-it-branschen-2","tag-it-kanalen-2","tag-it-nyheter","tag-it-sakerhet-nyheter-sverige","tag-it-infrastruktur","tag-it-sakerhet","tag-it-sakerhet-foretag-2","tag-kritisk-infrastruktur","tag-msp-nordics","tag-msp-sverige","tag-nasdaq-stockholm","tag-natverkssakerhet","tag-netel","tag-netel-group","tag-nis2","tag-nordisk-cybersakerhet-media","tag-nordisk-it-media","tag-proaktiv-sakerhet","tag-riskhantering","tag-saker-infrastruktur","tag-sakerhetsarbete","tag-sakerhetsincidenter","tag-sakerhetslosningar","tag-sakerhetsovervakning","tag-sakerhetsovervakning-foretag","tag-sakerhetspartner","tag-sakerhetsplattform-2","tag-sakerhetsradgivning","tag-sakerhetsstrategi","tag-security-operations","tag-soc","tag-svensk-it-nyhetssajt","tag-tech-tidningen","tag-telekom","tag-verksamhetskritisk-infrastruktur","cs-entry","cs-video-wrap"],"_links":{"self":[{"href":"https:\/\/itbranschen.com\/sv\/wp-json\/wp\/v2\/posts\/27364","targetHints":{"allow":["GET"]}}],"collection":[{"href":"https:\/\/itbranschen.com\/sv\/wp-json\/wp\/v2\/posts"}],"about":[{"href":"https:\/\/itbranschen.com\/sv\/wp-json\/wp\/v2\/types\/post"}],"author":[{"embeddable":true,"href":"https:\/\/itbranschen.com\/sv\/wp-json\/wp\/v2\/users\/1"}],"replies":[{"embeddable":true,"href":"https:\/\/itbranschen.com\/sv\/wp-json\/wp\/v2\/comments?post=27364"}],"version-history":[{"count":0,"href":"https:\/\/itbranschen.com\/sv\/wp-json\/wp\/v2\/posts\/27364\/revisions"}],"wp:featuredmedia":[{"embeddable":true,"href":"https:\/\/itbranschen.com\/sv\/wp-json\/wp\/v2\/media\/27367"}],"wp:attachment":[{"href":"https:\/\/itbranschen.com\/sv\/wp-json\/wp\/v2\/media?parent=27364"}],"wp:term":[{"taxonomy":"category","embeddable":true,"href":"https:\/\/itbranschen.com\/sv\/wp-json\/wp\/v2\/categories?post=27364"},{"taxonomy":"post_tag","embeddable":true,"href":"https:\/\/itbranschen.com\/sv\/wp-json\/wp\/v2\/tags?post=27364"},{"taxonomy":"itb_content_type","embeddable":true,"href":"https:\/\/itbranschen.com\/sv\/wp-json\/wp\/v2\/itb_content_type?post=27364"}],"curies":[{"name":"wp","href":"https:\/\/api.w.org\/{rel}","templated":true}]}}