{"id":12724,"date":"2025-06-10T11:09:16","date_gmt":"2025-06-10T09:09:16","guid":{"rendered":"https:\/\/itbranschen.com\/?p=12724"},"modified":"2026-03-13T19:26:41","modified_gmt":"2026-03-13T18:26:41","slug":"ingram-micro-ingar-strategiskt-partnerskap-med-asus","status":"publish","type":"post","link":"https:\/\/itbranschen.com\/sv\/ingram-micro-ingar-strategiskt-partnerskap-med-asus\/","title":{"rendered":"Ingram Micro ing\u00e5r strategiskt partnerskap med ASUS"},"content":{"rendered":"\n<p class=\"wp-block-paragraph\"><a href=\"https:\/\/se.ingrammicro.eu\/\" target=\"_blank\" rel=\"noreferrer noopener\"><strong>Ingram Micro<\/strong><\/a> \u00e4r stolta \u00f6ver att kunna meddela ett nytt och sp\u00e4nnande <strong><a href=\"https:\/\/www.asus.com\/se\/\" target=\"_blank\" rel=\"noreferrer noopener\">partnerskap med ASUS<\/a><\/strong>, en globalt erk\u00e4nd ledare inom konsumentelektronik och datorh\u00e5rdvara. ASUS, med huvudkontor i Taiwan, \u00e4r v\u00e4lk\u00e4nda f\u00f6r att designa och tillverka v\u00e4rldens mest s\u00e5lda och prisbel\u00f6nta moderkort, samt ett omfattande sortiment av h\u00f6gpresterande persondatorer, sk\u00e4rmar, grafikkort, routrar och andra banbrytande teknologil\u00f6sningar.<\/p>\n\n\n\n<p class=\"wp-block-paragraph\">Med <a href=\"https:\/\/itbranschen.com\/asus-presenterar-nasta-generations-infrastrukturlosningar-med-avancerad-kylportfolj-pa-sc24\/\" data-type=\"post\" data-id=\"8413\">ASUS<\/a> nu officiellt ombord som en nyckelleverant\u00f6r st\u00e4rker Ingram Micro sin tydliga satsning p\u00e5 att erbjuda ett brett, konkurrenskraftigt och innovativt sortiment av <strong>h\u00f6gkvalitativa teknikprodukter till kunder i hela Norden<\/strong>. Det strategiska samarbetet st\u00e4rker inte bara Ingram Micros erbjudande inom PC- och Chromebook-kategorierna, utan m\u00f6ter ocks\u00e5 den v\u00e4xande efterfr\u00e5gan p\u00e5 p\u00e5litliga och moderna datal\u00f6sningar fr\u00e5n b\u00e5de f\u00f6retag och privatpersoner.<\/p>\n\n\n\n<figure class=\"wp-block-image size-large is-resized\"><img fetchpriority=\"high\" decoding=\"async\" width=\"683\" height=\"1024\" src=\"https:\/\/itbranschen.com\/wp-content\/uploads\/2025\/06\/TonyKalomirakis-683x1024.jpg\" alt=\"| IT-Branschen\" class=\"wp-image-12726\" style=\"aspect-ratio:0.75;object-fit:cover;width:688px;height:auto\" title=\"| IT-Branschen\" srcset=\"https:\/\/itbranschen.com\/wp-content\/uploads\/2025\/06\/TonyKalomirakis-683x1024.jpg 683w, https:\/\/itbranschen.com\/wp-content\/uploads\/2025\/06\/TonyKalomirakis-200x300.jpg 200w, https:\/\/itbranschen.com\/wp-content\/uploads\/2025\/06\/TonyKalomirakis-768x1152.jpg 768w, https:\/\/itbranschen.com\/wp-content\/uploads\/2025\/06\/TonyKalomirakis-332x498.jpg 332w, https:\/\/itbranschen.com\/wp-content\/uploads\/2025\/06\/TonyKalomirakis-664x996.jpg 664w, https:\/\/itbranschen.com\/wp-content\/uploads\/2025\/06\/TonyKalomirakis-688x1032.jpg 688w, https:\/\/itbranschen.com\/wp-content\/uploads\/2025\/06\/TonyKalomirakis.jpg 945w\" sizes=\"(max-width: 683px) 100vw, 683px\" \/><figcaption class=\"wp-element-caption\">Tony Kalomirakis, Head of Product Management p\u00e5 Ingram Micro.<\/figcaption><\/figure>\n\n\n\n<p class=\"wp-block-paragraph\">Under de kommande m\u00e5naderna kommer <a href=\"https:\/\/itbranschen.com\/positionera-ingram-micro-i-norden-for-framtida-tillvaxt\/\" data-type=\"post\" data-id=\"264\">Ingram Micro<\/a> successivt att ut\u00f6ka sitt produktutbud med ett omfattande urval av ASUS-produkter, fr\u00e5n kraftfulla <strong>f\u00f6retagsdatorer och Chromebooks till komponenter, tillbeh\u00f6r och spelriggar<\/strong>. Detta s\u00e4kerst\u00e4ller att partners, \u00e5terf\u00f6rs\u00e4ljare och slutkunder i Norden f\u00e5r snabb, bekv\u00e4m och p\u00e5litlig tillg\u00e5ng till n\u00e5gra av marknadens mest efterfr\u00e5gade teknologier \u2013 allt med st\u00f6d av Ingram Micros v\u00e4rldsledande logistik, kundservice och tekniska support.<\/p>\n\n\n\n<blockquote class=\"wp-block-quote is-layout-flow wp-block-quote-is-layout-flow\">\n<p class=\"wp-block-paragraph\"><em>&#8220;Vi \u00e4r glada att kunna meddela v\u00e5rt nya partnerskap med ASUS, en av de <a href=\"https:\/\/itbranschen.com\/peter-arrhenius-utsedd-till-ny-koncern-vd-for-hiq\/\">ledande tillverkarna<\/a> av datorer. Det h\u00e4r samarbetet markerar en viktig milstolpe i v\u00e5r portf\u00f6ljutveckling och g\u00f6r det m\u00f6jligt f\u00f6r oss att leverera \u00e4nnu st\u00f6rre v\u00e4rde till v\u00e5ra kunder,&#8221;<\/em> s\u00e4ger <strong>Tony Kalomirakis<\/strong>, Head of Product Management p\u00e5 Ingram Micro. <em>&#8220;V\u00e5r gemensamma str\u00e4van efter kvalitet, <a href=\"https:\/\/itbranschen.com\/tdk-valjer-arrow-electronics-som-forsta-paneuropeiska-distributor-for-tdk-lambda-produkter\/\" title=\"TDK v\u00e4ljer Arrow Electronics som f\u00f6rsta paneuropeiska distribut\u00f6r f\u00f6r TDK-Lambda-produkter\" data-wpil-monitor-id=\"28\">innovation och kundn\u00f6jdhet<\/a> g\u00f6r detta till ett naturligt och \u00f6msesidigt f\u00f6rdelaktigt partnerskap.<\/em><\/p>\n<\/blockquote>\n\n\n\n<p class=\"wp-block-paragraph\">I takt med att den digitala transformationen accelererar och behovet av robusta, s\u00e4kra och h\u00f6gpresterande datal\u00f6sningar \u00f6kar, positionerar detta partnerskap <strong>Ingram Micro och ASUS<\/strong> att \u00e4nnu b\u00e4ttre m\u00f6ta marknadens krav med flexibla, skalbara och framtidss\u00e4kra teknologier.<\/p>\n\n\n\n<p class=\"wp-block-paragraph\">Oavsett om du utrustar ett f\u00f6retag, ett klassrum eller en gaming-setup, s\u00e5 lovar samarbetet mellan Ingram Micro och ASUS att leverera innovation, tillf\u00f6rlitlighet och valm\u00f6jlighet \u2013 precis n\u00e4r du beh\u00f6ver det.<\/p>\n","protected":false},"excerpt":{"rendered":"\u200b\ufeffIngram Micro st\u00e4rker sitt erbjudande i Norden genom ett nytt samarbete med ASUS, vilket ger kunder snabbt och s\u00e4kert tillg\u00e5ng till avancerade datal\u00f6sningar och spelriggar.\ufeff\u200b","protected":false},"author":1,"featured_media":12725,"comment_status":"closed","ping_status":"closed","sticky":false,"template":"","format":"standard","meta":{"csco_display_header_overlay":false,"csco_singular_sidebar":"","csco_page_header_type":"featured","csco_page_load_nextpost":"","csco_post_video_location":[],"csco_post_video_location_hash":"","csco_post_video_url":"","csco_post_video_bg_start_time":0,"csco_post_video_bg_end_time":0,"footnotes":""},"categories":[21,4],"tags":[132,5,57,3069,1589,3071,572,3075,3073],"itb_content_type":[],"class_list":["post-12724","post","type-post","status-publish","format-standard","has-post-thumbnail","category-nyheter","category-foretag","tag-asus","tag-foretag","tag-ingram-micro","tag-it-sakerhet-nyheter-sverige","tag-it-kanalen","tag-nordisk-it-media","tag-partnerskap","tag-svensk-it-nyhetssajt","tag-tech-tidningen","cs-entry","cs-video-wrap"],"_links":{"self":[{"href":"https:\/\/itbranschen.com\/sv\/wp-json\/wp\/v2\/posts\/12724","targetHints":{"allow":["GET"]}}],"collection":[{"href":"https:\/\/itbranschen.com\/sv\/wp-json\/wp\/v2\/posts"}],"about":[{"href":"https:\/\/itbranschen.com\/sv\/wp-json\/wp\/v2\/types\/post"}],"author":[{"embeddable":true,"href":"https:\/\/itbranschen.com\/sv\/wp-json\/wp\/v2\/users\/1"}],"replies":[{"embeddable":true,"href":"https:\/\/itbranschen.com\/sv\/wp-json\/wp\/v2\/comments?post=12724"}],"version-history":[{"count":0,"href":"https:\/\/itbranschen.com\/sv\/wp-json\/wp\/v2\/posts\/12724\/revisions"}],"wp:featuredmedia":[{"embeddable":true,"href":"https:\/\/itbranschen.com\/sv\/wp-json\/wp\/v2\/media\/12725"}],"wp:attachment":[{"href":"https:\/\/itbranschen.com\/sv\/wp-json\/wp\/v2\/media?parent=12724"}],"wp:term":[{"taxonomy":"category","embeddable":true,"href":"https:\/\/itbranschen.com\/sv\/wp-json\/wp\/v2\/categories?post=12724"},{"taxonomy":"post_tag","embeddable":true,"href":"https:\/\/itbranschen.com\/sv\/wp-json\/wp\/v2\/tags?post=12724"},{"taxonomy":"itb_content_type","embeddable":true,"href":"https:\/\/itbranschen.com\/sv\/wp-json\/wp\/v2\/itb_content_type?post=12724"}],"curies":[{"name":"wp","href":"https:\/\/api.w.org\/{rel}","templated":true}]}}