{"id":12001,"date":"2025-04-24T09:07:28","date_gmt":"2025-04-24T07:07:28","guid":{"rendered":"https:\/\/itbranschen.com\/?p=12001"},"modified":"2026-03-13T19:24:34","modified_gmt":"2026-03-13T18:24:34","slug":"ar-ditt-system-redo-for-en-framtid-utan-gsm-och-3g","status":"publish","type":"post","link":"https:\/\/itbranschen.com\/sv\/ar-ditt-system-redo-for-en-framtid-utan-gsm-och-3g\/","title":{"rendered":"\u00c4r ditt system redo f\u00f6r en framtid utan GSM och 3G?"},"content":{"rendered":"\n<p class=\"wp-block-paragraph\" id=\"it-nyheter\"><strong>Mobiln\u00e4ten i Sverige<\/strong> st\u00e5r inf\u00f6r ett teknikskifte. Under det n\u00e4rmaste \u00e5ren kommer 2G (GSM) och 3G att successivt tas ur drift. Men vad inneb\u00e4r det i praktiken f\u00f6r f\u00f6retag, organisationer och verksamheter som bygger sin kommunikation p\u00e5 dessa tekniker?<\/p>\n\n\n\n<p class=\"wp-block-paragraph\">F\u00f6r vissa verksamheter handlar det om sm\u00e5 justeringar. F\u00f6r andra kan det bli en kritisk punkt d\u00e4r hela driftmilj\u00f6n beh\u00f6ver ses \u00f6ver. I den h\u00e4r artikeln g\u00e5r vi igenom vad nedsl\u00e4ckningen av <strong>2G och 3G<\/strong> betyder, och hur du f\u00f6rbereder dig inf\u00f6r en framtid med <strong>4G och 5G<\/strong>, och det \u00e4r verkligen br\u00e5ttom nu om du inte har en plan, men det \u00e4r fortfarande litet tid kvar!<\/p>\n\n\n\n<h2 class=\"wp-block-heading\">Tidsplanen: n\u00e4r st\u00e4ngs n\u00e4ten?<\/h2>\n\n\n\n<p class=\"wp-block-paragraph\">Alla stora operat\u00f6rer i Sverige har meddelat att de kommer st\u00e4nga sina 3G-n\u00e4t 2025. Samtidigt kommer 2G-n\u00e4ten att fasas ut \u2013 <a href=\"https:\/\/itbranschen.com\/fran-microsoft-till-tele2-robert-karlsson-om-resan-och-framtiden\/\">f\u00f6r Telia s\u00e5<\/a> sent som 2027, men \u00f6vriga operat\u00f6rer st\u00e4nger ned 2025. Det inneb\u00e4r att m\u00e5nga uppkopplade produkter och tj\u00e4nster som idag fungerar smidigt riskerar att bli obrukbara om inga \u00e5tg\u00e4rder vidtas.<\/p>\n\n\n\n<h3 class=\"wp-block-heading\">D\u00e4rf\u00f6r beh\u00f6ver du agera i tid<\/h3>\n\n\n\n<p class=\"wp-block-paragraph\" id=\"l\u00e4s-mer\"><strong>2G och 3G-n\u00e4ten<\/strong> har varit ryggraden i <strong><a href=\"https:\/\/www.induo.com\/b\/vad-ar-m2m-router\/\" target=\"_blank\" data-schema-attribute=\"about\" rel=\"noreferrer noopener nofollow\">svensk IoT och M2M-kommunikation<\/a><\/strong> under l\u00e5ng tid. Men tekniken \u00e4r f\u00f6r\u00e5ldrad, drar mer energi \u00e4n nyare standarder, och det frekvensutrymme de anv\u00e4nder beh\u00f6vs nu f\u00f6r att bygga ut <strong>4G och 5G<\/strong>. Samtidigt v\u00e4xer 5G fram, som erbjuder betydligt h\u00f6gre kapacitet, l\u00e4gre latens och st\u00f6rre m\u00f6jlighet till framtidss\u00e4krade l\u00f6sningar.<\/p>\n\n\n\n<p class=\"wp-block-paragraph\">F\u00f6r att s\u00e4kerst\u00e4lla drift och samtidigt modernisera sin infrastruktur \u00e4r det viktigt att b\u00f6rja bytet i god tid.<\/p>\n\n\n\n<h3 class=\"wp-block-heading\">P\u00e5verkan p\u00e5 f\u00f6retag och system<\/h3>\n\n\n\n<p class=\"wp-block-paragraph\"><a href=\"https:\/\/itbranschen.com\/redcap-5g-revolutionen-ar-har-mot-tva-nya-5g-routrar\/\"><\/a>I Sverige anv\u00e4nds GSM och 3G fortfarande inom en rad olika branscher. Det handlar bland annat om:<\/p>\n\n\n\n<ul class=\"wp-block-list\">\n<li>Larm och passagesystem<\/li>\n\n\n\n<li>\u00d6vervakning och fj\u00e4rrstyrning<\/li>\n\n\n\n<li>SCADA-system och styrning inom industri<\/li>\n\n\n\n<li>Hisslarm och driftlarm<\/li>\n<\/ul>\n\n\n\n<p class=\"wp-block-paragraph\">M\u00e5nga av dessa system har varit i drift i \u00f6ver m\u00e5nga \u00e5r \u2013 stabila, bepr\u00f6vade och ofta utan uppenbart behov av uppgradering. Men nu \u00e4r det dags att agera.<\/p>\n\n\n\n<p class=\"wp-block-paragraph\">En bra startpunkt \u00e4r att ta reda p\u00e5 om den <strong><a href=\"https:\/\/itbranschen.com\/induos-ulf-seijmer-avslojar-iot-trenderna-for-2025\/\" data-type=\"post\" data-id=\"8509\">utrustning<\/a><\/strong> du anv\u00e4nder idag \u00e4r kompatibel med nyare n\u00e4t eller om en komplett ers\u00e4ttning kr\u00e4vs.<\/p>\n\n\n\n<h3 class=\"wp-block-heading\">V\u00e4lj en trygg partner<\/h3>\n\n\n\n<p class=\"wp-block-paragraph\">Hos Induo hj\u00e4lper vi dig att navigera i teknikskiftet. Vi har m\u00e5nga \u00e5rs erfarenhet av att byta ut<strong> <a class=\"wpil_keyword_link\" href=\"https:\/\/itbranschen.com\/tag\/gsm\/\" title=\"GSM\" data-wpil-keyword-link=\"linked\" data-wpil-monitor-id=\"1994\">GSM<\/a>&#8211; och 3G-l\u00f6sningar<\/strong> mot moderna alternativ. V\u00e5rt r\u00e5d \u00e4r enkelt: b\u00f6rja i tid. Vi hj\u00e4lper dig att hitta r\u00e4tt teknik, v\u00e4lja r\u00e4tt produkter och skapa en smidig \u00f6verg\u00e5ng.<\/p>\n\n\n\n<p class=\"wp-block-paragraph\">Vill du f\u00f6rdjupa dig ytterligare? L\u00e4s mer i v\u00e5ra blogginl\u00e4gg:<\/p>\n\n\n\n<ul class=\"wp-block-list\">\n<li><a href=\"https:\/\/www.induo.com\/b\/teknikskifte-till-5g\/\" target=\"_blank\" rel=\"noreferrer noopener nofollow\">Teknikskifte till 5G \u2013 vad beh\u00f6ver du t\u00e4nka p\u00e5?<\/a><\/li>\n\n\n\n<li><a href=\"https:\/\/www.induo.com\/b\/2g-och-3g-fasas-ut\/\" target=\"_blank\" rel=\"noreferrer noopener nofollow\"><a href=\"https:\/\/itbranschen.com\/redcap-5g-revolutionen-ar-har-mot-tva-nya-5g-routrar\/\"><\/a>2G och 3G fasas ut \u2013 hur f\u00f6rbereder du dig?<\/a><\/li>\n<\/ul>\n\n\n\n<p class=\"wp-block-paragraph\">Genom att agera nu minimerar du risken f\u00f6r driftstopp och f\u00e5r samtidigt m\u00f6jlighet att modernisera din kommunikation.<\/p>\n\n\n\n<h3 class=\"wp-block-heading\">\ud83d\udccc Checklista \u2013 S\u00e5 f\u00f6rbereder du dig f\u00f6r 2G\/3G-nedsl\u00e4ckningen<\/h3>\n\n\n\n<ul class=\"wp-block-list\">\n<li>Identifiera enheter och tj\u00e4nster som anv\u00e4nder GSM\/3G<\/li>\n\n\n\n<li>Kontakta leverant\u00f6rer f\u00f6r att f\u00e5 klarhet i <a class=\"wpil_keyword_link\" href=\"https:\/\/itbranschen.com\/tag\/status\/\" title=\"status\" data-wpil-keyword-link=\"linked\" data-wpil-monitor-id=\"5786\">status<\/a><\/li>\n\n\n\n<li>Planera migrering till 4G eller 5G<\/li>\n\n\n\n<li>Budgetera f\u00f6r uppgradering i god tid<\/li>\n<\/ul>\n","protected":false},"excerpt":{"rendered":"\u200b\ufeffNedsl\u00e4ckningen av 2G och 3G hotar stabila system inom larm, \u00f6vervakning och industri \u2013 det \u00e4r br\u00e5ttom att planera migrering till modernare 4G och 5G f\u00f6r att undvika driftstopp.\ufeff\u200b","protected":false},"author":1,"featured_media":12009,"comment_status":"closed","ping_status":"closed","sticky":false,"template":"","format":"standard","meta":{"csco_display_header_overlay":false,"csco_singular_sidebar":"","csco_page_header_type":"featured","csco_page_load_nextpost":"","csco_post_video_location":[],"csco_post_video_location_hash":"","csco_post_video_url":"","csco_post_video_bg_start_time":0,"csco_post_video_bg_end_time":0,"footnotes":""},"categories":[27],"tags":[467,520,5,466,386,3069,1589,3071,3075,3073,128],"itb_content_type":[],"class_list":["post-12001","post","type-post","status-publish","format-standard","has-post-thumbnail","category-teknik-innovation","tag-3g","tag-5g","tag-foretag","tag-gsm","tag-induos","tag-it-sakerhet-nyheter-sverige","tag-it-kanalen","tag-nordisk-it-media","tag-svensk-it-nyhetssajt","tag-tech-tidningen","tag-telekom","cs-entry","cs-video-wrap"],"_links":{"self":[{"href":"https:\/\/itbranschen.com\/sv\/wp-json\/wp\/v2\/posts\/12001","targetHints":{"allow":["GET"]}}],"collection":[{"href":"https:\/\/itbranschen.com\/sv\/wp-json\/wp\/v2\/posts"}],"about":[{"href":"https:\/\/itbranschen.com\/sv\/wp-json\/wp\/v2\/types\/post"}],"author":[{"embeddable":true,"href":"https:\/\/itbranschen.com\/sv\/wp-json\/wp\/v2\/users\/1"}],"replies":[{"embeddable":true,"href":"https:\/\/itbranschen.com\/sv\/wp-json\/wp\/v2\/comments?post=12001"}],"version-history":[{"count":0,"href":"https:\/\/itbranschen.com\/sv\/wp-json\/wp\/v2\/posts\/12001\/revisions"}],"wp:featuredmedia":[{"embeddable":true,"href":"https:\/\/itbranschen.com\/sv\/wp-json\/wp\/v2\/media\/12009"}],"wp:attachment":[{"href":"https:\/\/itbranschen.com\/sv\/wp-json\/wp\/v2\/media?parent=12001"}],"wp:term":[{"taxonomy":"category","embeddable":true,"href":"https:\/\/itbranschen.com\/sv\/wp-json\/wp\/v2\/categories?post=12001"},{"taxonomy":"post_tag","embeddable":true,"href":"https:\/\/itbranschen.com\/sv\/wp-json\/wp\/v2\/tags?post=12001"},{"taxonomy":"itb_content_type","embeddable":true,"href":"https:\/\/itbranschen.com\/sv\/wp-json\/wp\/v2\/itb_content_type?post=12001"}],"curies":[{"name":"wp","href":"https:\/\/api.w.org\/{rel}","templated":true}]}}