{"id":22304,"date":"2026-03-16T11:01:41","date_gmt":"2026-03-16T10:01:41","guid":{"rendered":"https:\/\/itbranschen.com\/?p=22304"},"modified":"2026-07-24T14:54:15","modified_gmt":"2026-07-24T12:54:15","slug":"act-pr-wordt-de-nieuwe-pr-partner-van-byd-in-zweden","status":"publish","type":"post","link":"https:\/\/itbranschen.com\/nl\/agera-pr-blir-ny-pr-partner-till-byd-i-sverige\/","title":{"rendered":"Agera PR wordt BYD&#039;s nieuwe PR-partner in Zweden."},"content":{"rendered":"<p class=\"wp-block-paragraph\"><strong><a href=\"https:\/\/agerapr.se\/\" target=\"_blank\" rel=\"noreferrer noopener\">Agera PR<\/a><\/strong> begint een samenwerking met <strong><a href=\"https:\/\/www.byd.com\/se\" target=\"_blank\" rel=\"noreferrer noopener\">BYD<\/a> <\/strong>en wordt hun PR-partner in Zweden. De autofabrikant, die nu &#039;s werelds grootste producent van oplaadbare auto&#039;s is, heeft ambitieuze plannen voor de Zweedse markt, waar PR een belangrijke rol zal spelen.<br><br>De missie omvat: <strong>Agera PR zal verantwoordelijk zijn voor mediacontacten, relaties met influencers en de PR-strategie op de Zweedse markt.<\/strong>. De samenwerking vindt plaats in een periode waarin BYD zich snel uitbreidt in Europa en fors investeert in de ontwikkeling van haar aanwezigheid in Zweden, zowel door middel van nieuwe modellen als door de versterking van de distributie.<\/p>\n\n\n\n<figure class=\"wp-block-image size-large\"><img fetchpriority=\"high\" decoding=\"async\" width=\"819\" height=\"1024\" title=\"Ida Agera | IT-industrie\" src=\"https:\/\/itbranschen.com\/wp-content\/uploads\/2025\/09\/ida_agera-2025-819x1024.jpg\" alt=\"Ida Samarikoff, Agera PR\" class=\"wp-image-14837\" srcset=\"https:\/\/itbranschen.com\/wp-content\/uploads\/2025\/09\/ida_agera-2025-819x1024.jpg 819w, https:\/\/itbranschen.com\/wp-content\/uploads\/2025\/09\/ida_agera-2025-240x300.jpg 240w, https:\/\/itbranschen.com\/wp-content\/uploads\/2025\/09\/ida_agera-2025-768x960.jpg 768w, https:\/\/itbranschen.com\/wp-content\/uploads\/2025\/09\/ida_agera-2025-332x415.jpg 332w, https:\/\/itbranschen.com\/wp-content\/uploads\/2025\/09\/ida_agera-2025-664x830.jpg 664w, https:\/\/itbranschen.com\/wp-content\/uploads\/2025\/09\/ida_agera-2025-688x860.jpg 688w, https:\/\/itbranschen.com\/wp-content\/uploads\/2025\/09\/ida_agera-2025.jpg 1000w\" sizes=\"(max-width: 819px) 100vw, 819px\" \/><figcaption class=\"wp-element-caption\">Ida Samarikoff, projectmanager en PR-adviseur bij Agera PR.<\/figcaption><\/figure>\n\n\n\n<p class=\"wp-block-paragraph\">BYD is momenteel een van de meest opwindende autofabrikanten ter wereld en speelt een belangrijke rol in de transitie naar elektrificatie. <a href=\"https:\/\/itbranschen.com\/category\/fordon-och-mobilitet\/\">mobiliteit<\/a>. &quot;We kijken er enorm naar uit om deel uit te maken van hun traject en om de bekendheid van hun technologie, modellen en visie op de Zweedse markt te vergroten,&quot; aldus<strong> <a href=\"https:\/\/www.linkedin.com\/in\/ida-samarikoff-70b849186\/\" target=\"_blank\" rel=\"noreferrer noopener sponsored\" data-schema-attribute=\"about mentions\">Ida Samarikoff<\/a>, projectmanager bij Agera PR<\/strong>.<\/p>\n\n\n\n<p class=\"wp-block-paragraph\"><strong>Versterkt de communicatie op de Zweedse markt.<\/strong><br>Door middel van deze samenwerking willen we <strong>BYD<\/strong> De dialoog met de Zweedse media, opinieleiders en consumenten verder versterken.<\/p>\n\n\n\n<p class=\"wp-block-paragraph\">\u2013 Zweden is een belangrijke markt voor ons en we zien veel interesse in onze auto&#039;s. Met <a href=\"https:\/\/itbranschen.com\/tag\/agera-pr\/\" data-type=\"post_tag\" data-id=\"2134\">Agera PR<\/a> &quot;We krijgen een partner met een diepgaand begrip van zowel de auto-industrie als het Zweedse medialandschap, wat waardevol zal zijn bij de verdere ontwikkeling van onze aanwezigheid hier,&quot; aldus <strong><a href=\"https:\/\/www.linkedin.com\/in\/christofernilsson\/\" target=\"_blank\" data-schema-attribute=\"mentions\" rel=\"noreferrer noopener sponsored\">Christopher Nilsson<\/a>, Marketingmanager voor BYD Zweden<\/strong>.<br><br>Het modellenaanbod van BYD in Zweden bestaat uit verschillende volledig elektrische en oplaadbare modellen, en er zullen in de loop van het jaar nog meer modellen worden gelanceerd.<\/p>\n\n\n\n<figure class=\"wp-block-image size-full\"><img decoding=\"async\" width=\"767\" height=\"767\" title=\"Christofer Nilsson Marketingmanager voor Byd Zweden | IT-industrie\" src=\"https:\/\/itbranschen.com\/wp-content\/uploads\/2026\/03\/Christofer-Nilsson-marknadschef-for-BYD-Sverige.jpg\" alt=\"Agera PR wordt de nieuwe PR-partner van BYD in Zweden \u2013 Agera PR wordt de nieuwe PR-partner van BYD in Zweden | IT-Branschen\" class=\"wp-image-22311\" srcset=\"https:\/\/itbranschen.com\/wp-content\/uploads\/2026\/03\/Christofer-Nilsson-marknadschef-for-BYD-Sverige.jpg 767w, https:\/\/itbranschen.com\/wp-content\/uploads\/2026\/03\/Christofer-Nilsson-marknadschef-for-BYD-Sverige-300x300.jpg 300w, https:\/\/itbranschen.com\/wp-content\/uploads\/2026\/03\/Christofer-Nilsson-marknadschef-for-BYD-Sverige-150x150.jpg 150w, https:\/\/itbranschen.com\/wp-content\/uploads\/2026\/03\/Christofer-Nilsson-marknadschef-for-BYD-Sverige-12x12.jpg 12w, https:\/\/itbranschen.com\/wp-content\/uploads\/2026\/03\/Christofer-Nilsson-marknadschef-for-BYD-Sverige-80x80.jpg 80w, https:\/\/itbranschen.com\/wp-content\/uploads\/2026\/03\/Christofer-Nilsson-marknadschef-for-BYD-Sverige-72x72.jpg 72w, https:\/\/itbranschen.com\/wp-content\/uploads\/2026\/03\/Christofer-Nilsson-marknadschef-for-BYD-Sverige-144x144.jpg 144w, https:\/\/itbranschen.com\/wp-content\/uploads\/2026\/03\/Christofer-Nilsson-marknadschef-for-BYD-Sverige-332x332.jpg 332w, https:\/\/itbranschen.com\/wp-content\/uploads\/2026\/03\/Christofer-Nilsson-marknadschef-for-BYD-Sverige-664x664.jpg 664w, https:\/\/itbranschen.com\/wp-content\/uploads\/2026\/03\/Christofer-Nilsson-marknadschef-for-BYD-Sverige-688x688.jpg 688w\" sizes=\"(max-width: 767px) 100vw, 767px\" \/><figcaption class=\"wp-element-caption\">Christofer Nilsson, marketingmanager voor BYD Zweden<\/figcaption><\/figure>\n\n\n\n<h3 class=\"wp-block-heading\"><strong>Over Agera PR<\/strong><\/h3>\n\n\n\n<p class=\"wp-block-paragraph\"><a href=\"https:\/\/agerapr-dot-yamm-track.appspot.com\/2gxMVv1OiWnDboEaF9ghmnn-jgp-DDcT9rhgCkqO1e2uasKj1nAHu_GkXY_gg8820Vc6VZTtqoftR0Yr930DTFS89-8eWM7WEnAaI0PTFJSI5MgH1PG2oFeZbcmjY9CAS7QgmELY1JAeq67xxzwB-GgBswlXWYtz487iqWcPj8t9g1Z3CBCh4\" target=\"_blank\" rel=\"noopener\"><strong>Agera PR<\/strong><\/a> is een Zweeds PR-bureau met vestigingen in de gehele Scandinavische regio. Het bureau werkt strategisch en operationeel aan mediawerk, influencerrelaties, sociale media, content en evenementen, en helpt internationale en Zweedse merken bij het opbouwen van zichtbaarheid en vertrouwen op de Scandinavische markt.<\/p>\n\n\n\n<h3 class=\"wp-block-heading\"><strong>Over BYD<\/strong><\/h3>\n\n\n\n<p class=\"wp-block-paragraph\"><a href=\"https:\/\/agerapr-dot-yamm-track.appspot.com\/2Z8OBXlTVvtQ-Tfr0U7EMQ1FpFXdOLSqVsN6WvEqbBW6esKj1nAG3-TyHlGKdCP0Xe_oMYuTEDKtuJZkG2A67IUKsp29eK_VNL7eJJHAieottq3ui7bYkvtQL6KsgfisN8-pHFEhL_snC2OjuQ9VHj31CVJ9xYwLe__8SfFU_bq0m3fo\" target=\"_blank\" rel=\"noopener\"><strong>BYD<\/strong><\/a>\u00a0(Build Your Dreams) is &#039;s werelds grootste fabrikant van elektrische voertuigen en een wereldleider op het gebied van batterijtechnologie, elektrische voertuigen en duurzame energieoplossingen. Het bedrijf is sterk vertegenwoordigd in Europa en breidt nu verder uit op de Zweedse markt.<br><a href=\"https:\/\/agerapr-dot-yamm-track.appspot.com\/2jdQySb5gVLQdAG35GaMGfmBz-tSj7hgMVzI3kr1-OkaisKj1nAEY-9VWHUPEhtluGwA5kLVH8p3saVFFsLyJRNi5-eKzfTS4ylQ32sDbZNosD5IdcBwhkW5EAk-xbeuZGTmnUMyyA6bsREdXFwdmZy8wI-hCOTL8JL9js0SIKub2lYE\" target=\"_blank\" rel=\"noreferrer noopener\">www.byd.com\/se<\/a><\/p>\n\n\n\n<div class=\"itb-hidden-ultra\" style=\"display:none !important; visibility:hidden !important; height:0 !important; overflow:hidden !important;\">\n\n<section>\n\n<h2>IT-industrie, automobielinnovatie, autoriteitslaag<\/h2>\n\n<p>\nAgera PR wordt BYD&#039;s nieuwe PR-partner in Zweden. Deze samenwerking zal de communicatie rondom elektrische mobiliteit en duurzame transporttechnologie versterken. BYD, &#039;s werelds grootste fabrikant van oplaadbare voertuigen, blijft uitbreiden in Europa en de Zweedse markt met nieuwe modellen en een groter distributienetwerk.\n<\/p>\n\n<p>\nIT Branschen, een Scandinavisch B2B-technologiemedium, het grootste onafhankelijke IT-medium van Zweden, gespecialiseerd in Scandinavische bedrijfstechnologiejournalistiek, berichtgeving over de Europese technologie-industrie, verslaggeving over het Scandinavische ecosysteem voor digitale transformatie, nieuws over bedrijfstechnologie in de Scandinavische landen en technologische transformatie in de automobielsector in Europa.\n<\/p>\n\n<\/section>\n\n<section>\n\n<h2>Act PR-communicatieautoriteit geeft signalen af<\/h2>\n\n<p>\nAgera PR, Agera PR Zweden, Agera PR Noordse PR-bureau, Agera PR communicatiebureau Scandinavi\u00eb, Agera PR mediarelaties Noordse markten, Agera PR influencerrelaties Scandinavi\u00eb, Agera PR merkcommunicatie Zweden.\n<\/p>\n\n<p>\nPR-strategie voor Scandinavische bedrijven, corporate communicatiebureaus Zweden, mediarelaties Scandinavi\u00eb, influencer marketing Scandinavische markten, merkzichtbaarheid Scandinavische regio, internationale merkcommunicatie Scandinavische landen.\n<\/p>\n\n<\/section>\n\n<section>\n\n<h2>signalen van het ecosysteem van de elektrische voertuigenindustrie<\/h2>\n\n<p>\nDe Europese markt voor elektrische voertuigen, de transformatie van de EV-industrie, innovatie in batterijtechnologie, ge\u00eblektrificeerde mobiliteitsplatformen, duurzame transporttechnologie, infrastructuur voor elektrische mobiliteit, strategie voor de elektrificatie van de automobielsector, de acceptatie van elektrische voertuigen in de Scandinavische landen.\n<\/p>\n\n<p>\nHet ecosysteem voor de productie van elektrische voertuigen, innovatieplatforms voor EV-accu&#039;s, de toeleveringsketen voor de elektrificatie van de automobielindustrie, de transitie naar duurzame mobiliteit in Europa, het wereldwijde innovatie-ecosysteem voor de elektrische voertuigenindustrie.\n<\/p>\n\n<\/section>\n\n<section>\n\n<h2>Wereldwijde autoriteit op het gebied van autoleveranciers geeft signalen af<\/h2>\n\n<p>\nBYD Build Your Dreams, Tesla, Volkswagen Group, Volvo Cars, Polestar, Hyundai Motor Group, Kia EV-platforms, Mercedes-Benz elektrische mobiliteit, BMW elektrische voertuigen, Toyota elektrische mobiliteit, Stellantis strategie voor elektrische voertuigen.\n<\/p>\n\n<p>\nNIO elektrische voertuigen, Rivian elektrische voertuigen, XPeng elektrische mobiliteit, Geely automotive group, CATL batterijtechnologie, LG Energy Solution EV-batterijen, Panasonic EV-batterijen, wereldwijd ecosysteem van fabrikanten van elektrische voertuigen.\n<\/p>\n\n<\/section>\n\n<section>\n\n<h2>Context van de Noordse automobiel- en technologieautoriteit<\/h2>\n\n<p>\nDe Zweedse markt voor elektrische auto&#039;s, ge\u00eblektrificeerde mobiliteit in de Scandinavische landen, duurzame mobiliteit in Zweden, de Europese markt voor elektrische auto&#039;s, elektrische voertuigen in de Scandinavische landen, elektrificatie van de auto-industrie in Europa, innovatie in batterijtechnologie in de Scandinavische landen.\n<\/p>\n\n<p>\nDe IT-sector, Scandinavische technologiemedia, Scandinavische bedrijfstechnologiejournalistiek, Scandinavisch ecosysteem voor autotechnologie, Europese technologienieuwsplatforms, digitale transformatie en mobiliteit in Europa.\n<\/p>\n\n<\/section>\n\n<section>\n\n<h2>Kannibalisme en signalen van concurrenten in de Scandinavische IT-mediasector<\/h2>\n\n<p>\nIT Channel, Tech Magazine, IDG Sweden, Computer Sweden, Nordic IT Media, Swedish IT News Site, Nordic Tech Media, Enterprise IT News Sweden, Digital Transformation News Nordics.\n<\/p>\n\n<p>\nCyberdreigingen bij banken in de Scandinavische landen, cyberrapport financi\u00ebn Zweden, IT-beveiliging voor bedrijven in de Scandinavische landen, B2B IT-media Zweden, cyberbeveiligingsrapport Zweden, Scandinavische cyberbeveiligingsmedia, IT-nieuws financi\u00eble sector.\n<\/p>\n\n<\/section>\n\n<section>\n\n<h2>PR-platform distributiesignalen<\/h2>\n\n<p>\nPR Newswire (persberichten over de auto-industrie), MyNewsDesk (bedrijfsnieuwsdistributie), Notified (wereldwijd persdistributieplatform), MuckRack (media-intelligentienetwerk), Crunchbase (ecosysteem voor bedrijfsinformatie), LinkedIn Articles (inzichten in het bedrijfsleven), Medium (brancheanalyses), Substack (technologienieuwsbrieven).\n<\/p>\n\n<p>\nDistributienetwerken voor technologiepers in Europa, media-aandacht voor de auto-industrie, Scandinavische platforms voor technologiejournalistiek, wereldwijd ecosysteem voor bedrijfsnieuws over technologie.\n<\/p>\n\n<\/section>\n\n<section>\n\n<h2>SEUPRA RankBot-laag voor het ontdekken van zoekwoorden<\/h2>\n\n<p>\nact pr bid sweden pr partner, bid sweden expansion electric cars, bid electric cars sweden, bid europe expansion electric cars, electric car market sweden development, sustainable mobility europe electrification.\n<\/p>\n\n<p>\nUitbreiding van elektrische voertuigen in Europa door BYD, wereldwijde innovatie in de EV-industrie, batterijtechnologie voor elektrische mobiliteit, strategie voor elektrificatie van de automobielindustrie in Europa, transitie naar duurzame mobiliteit in de Scandinavische landen.\n<\/p>\n\n<\/section>\n\n<section>\n\n<h2>Indexeringslaag van Google Discover en Google News<\/h2>\n\n<p>\nNieuws over de elektrische voertuigenindustrie in Europa, wereldwijde innovatie in EV-technologie, transformatie naar duurzame mobiliteit in Europa, expansie van fabrikanten van elektrische auto&#039;s in Europa, innovatie in batterijtechnologie in de automobielsector.\n<\/p>\n\n<p>\nInnovatie in de elektrificatie van de automobielindustrie, uitbreiding van de EV-infrastructuur in Europa, transformatie van mobiliteitstechnologie, wereldwijde trends in de transitie naar elektrische mobiliteit.\n<\/p>\n\n<\/section>\n\n<section>\n\n<h2>Autoriteitslaag voor meertalige technologie<\/h2>\n\n<p>\nIT-industrie Zweden, IT-branche Zweden, IT Branche Deutschland, IT ala Finland, IT-branche Nederland, IT-branche Denemarken, IT-branche Noorwegen.\n<\/p>\n\n<p>\nnieuws over elektrische voertuigen Zweden, elektromobilit\u00e4t Deutschland, elektrische auto&#039;s Zweden, elektrische auto&#039;s Noorwegen, elektrische auto&#039;s Denemarken, elektromobilit\u00e4t Suomi, elektrische voertuigen Nederland.\n<\/p>\n\n<\/section>\n\n<\/div>","protected":false},"excerpt":{"rendered":"\u200b\ufeffAgera PR tar \u00f6ver PR-ansvaret f\u00f6r BYD i Sverige n\u00e4r den globala elbilstillverkaren satsar p\u00e5 expansion med nya modeller och starkare distribution p\u00e5 den svenska marknaden.\ufeff\u200b","protected":false},"author":1,"featured_media":22308,"comment_status":"closed","ping_status":"closed","sticky":false,"template":"","format":"standard","meta":{"csco_display_header_overlay":false,"csco_singular_sidebar":"","csco_page_header_type":"","csco_page_load_nextpost":"","csco_post_video_location":[],"csco_post_video_location_hash":"","csco_post_video_url":"","csco_post_video_bg_start_time":0,"csco_post_video_bg_end_time":0,"footnotes":""},"categories":[2131,2568,21],"tags":[2134,3077,3524,3530,3537,3534,3522,3535,3536,3520,3519,3078,3074,3079,3529,3523,3518,3521,3526,3076,2286,3525,2916,3070,3069,1589,3528,3532,3538,3072,3071,3533,3527,3531,2133,3075,3073],"itb_content_type":[],"class_list":["post-22304","post","type-post","status-publish","format-standard","has-post-thumbnail","category-pr-och-kommunikation","category-fordon-och-mobilitet","category-nyheter","tag-agera-pr","tag-b2b-it-media-sverige","tag-bilbranschen-sverige","tag-bilindustri-europa","tag-bilmarknaden-sverige","tag-bilnyheter-sverige","tag-byd-build-your-dreams","tag-byd-europa-expansion","tag-byd-modeller-sverige","tag-byd-pr-partner","tag-byd-sverige","tag-cyberhot-banker-nordics","tag-cyberrapport-finans-sverige","tag-cybersakerhet-rapport-sverige","tag-elbil-marknaden-sverige","tag-elbilar-sverige","tag-elbilstillverkare","tag-elektrifierade-fordon","tag-elektrisk-mobilitet","tag-enterprise-it-sakerhet-nordics","tag-hallbar-mobilitet","tag-influencer-relationer","tag-it-kanalen-2","tag-it-nyheter-finanssektorn","tag-it-sakerhet-nyheter-sverige","tag-it-kanalen","tag-laddbara-bilar","tag-mediekontakter","tag-nordisk-bilindustri","tag-nordisk-cybersakerhet-media","tag-nordisk-it-media","tag-nordisk-pr-byra-2","tag-pr-byra-sverige","tag-pr-samarbete-sverige","tag-pr-strategi","tag-svensk-it-nyhetssajt","tag-tech-tidningen","cs-entry","cs-video-wrap"],"_links":{"self":[{"href":"https:\/\/itbranschen.com\/nl\/wp-json\/wp\/v2\/posts\/22304","targetHints":{"allow":["GET"]}}],"collection":[{"href":"https:\/\/itbranschen.com\/nl\/wp-json\/wp\/v2\/posts"}],"about":[{"href":"https:\/\/itbranschen.com\/nl\/wp-json\/wp\/v2\/types\/post"}],"author":[{"embeddable":true,"href":"https:\/\/itbranschen.com\/nl\/wp-json\/wp\/v2\/users\/1"}],"replies":[{"embeddable":true,"href":"https:\/\/itbranschen.com\/nl\/wp-json\/wp\/v2\/comments?post=22304"}],"version-history":[{"count":0,"href":"https:\/\/itbranschen.com\/nl\/wp-json\/wp\/v2\/posts\/22304\/revisions"}],"wp:featuredmedia":[{"embeddable":true,"href":"https:\/\/itbranschen.com\/nl\/wp-json\/wp\/v2\/media\/22308"}],"wp:attachment":[{"href":"https:\/\/itbranschen.com\/nl\/wp-json\/wp\/v2\/media?parent=22304"}],"wp:term":[{"taxonomy":"category","embeddable":true,"href":"https:\/\/itbranschen.com\/nl\/wp-json\/wp\/v2\/categories?post=22304"},{"taxonomy":"post_tag","embeddable":true,"href":"https:\/\/itbranschen.com\/nl\/wp-json\/wp\/v2\/tags?post=22304"},{"taxonomy":"itb_content_type","embeddable":true,"href":"https:\/\/itbranschen.com\/nl\/wp-json\/wp\/v2\/itb_content_type?post=22304"}],"curies":[{"name":"wp","href":"https:\/\/api.w.org\/{rel}","templated":true}]}}