{"id":19381,"date":"2026-02-06T09:53:04","date_gmt":"2026-02-06T08:53:04","guid":{"rendered":"https:\/\/itbranschen.com\/?p=19381"},"modified":"2026-02-06T10:50:09","modified_gmt":"2026-02-06T09:50:09","slug":"pax8-marc-groetelaars-senior-vice-president-sales-marketing-europa","status":"publish","type":"post","link":"https:\/\/itbranschen.com\/nl\/pax8-marc-groetelaars-senior-vice-president-sales-marketing-europa\/","title":{"rendered":"Pax8 benoemt Marc Groetelaars tot Senior Vice President Sales en Marketing in Europa."},"content":{"rendered":"<p class=\"wp-block-paragraph\"><strong><a href=\"https:\/\/www.pax8.com\/en-eu\/\" target=\"_blank\" rel=\"noreferrer noopener\">Pax8<\/a><\/strong>, de toonaangevende cloudcommerce-marktplaats, kondigt vandaag aan dat <strong>Marc Groetelaars is benoemd tot Senior Vice President Sales en Marketing.<\/strong> Hij is vanaf februari 2026 verantwoordelijk voor de Europese activiteiten van Pax8. In deze functie zal hij de verkoop- en marketingstrategie van de regio leiden en verantwoordelijk zijn voor de technische voorverkoop.<\/p>\n\n\n\n<p class=\"wp-block-paragraph\"><strong><a href=\"https:\/\/www.linkedin.com\/in\/marcgroetelaars\/\" target=\"_blank\" data-schema-attribute=\"mentions\" rel=\"noreferrer noopener sponsored\">Marc Groetelaars<\/a><\/strong> Heeft meer dan 20 jaar ervaring in de technologiebranche, waarvan een groot deel binnen het IT-kanaal. <strong>Hij heeft diverse leidinggevende functies in de EMEA-regio bekleed als vicepresident bij Eficode, DataStax, Rescale, Zscaler en VMware.<\/strong>. Tijdens zijn carri\u00e8re heeft hij de ontwikkeling van de sector gevolgd, van lokale oplossingen op locatie tot de huidige cloudgebaseerde bedrijfsmodellen, en heeft hij diepgaande expertise opgebouwd in zowel cloudtechnologie als IT-beveiliging.<\/p>\n\n\n\n<p class=\"wp-block-paragraph\">Groetelaars zal in Nederland gestationeerd zijn en rapporteren aan <strong><a href=\"https:\/\/www.linkedin.com\/in\/harald-nuij\/\" target=\"_blank\" data-schema-attribute=\"mentions\" rel=\"noreferrer noopener sponsored\">Harald Nuij<\/a><\/strong>, EMEA-manager bij Pax8.<\/p>\n\n\n\n<blockquote class=\"wp-block-quote is-layout-flow wp-block-quote-is-layout-flow\">\n<p class=\"wp-block-paragraph\">\u201d&quot;Marc brengt sterk leiderschap en brede ervaring met zich mee die volledig aansluiten bij onze waarden en onze ambities voor Europa. Zijn vermogen om hoogpresterende teams op te bouwen en sterke partnerrelaties te ontwikkelen zal een cruciale rol spelen bij het verder versterken van onze positie in de regio,&quot; aldus Nuij.<\/p>\n<\/blockquote>\n\n\n\n<p class=\"wp-block-paragraph\"><strong>Gastvrouwen\/gastheren<\/strong> Heeft ruime ervaring met het ontwikkelen van cultuurgedreven teams in diverse regio&#039;s en bekleedt de afgelopen acht jaar leidinggevende functies op hoog niveau, waarbij hij verantwoordelijk was voor het vormgeven van regionale strategie\u00ebn, het betrekken van leveranciers en het stimuleren van duurzaamheid. <a href=\"https:\/\/itbranschen.com\/pax8-utnamner-john-rawls-till-regional-forsaljningschef-i-irland\/\" title=\"Pax8 benoemt John Rawls tot regionaal verkoopmanager in Ierland\" data-wpil-monitor-id=\"6953\">groei<\/a> in heel Europa. Met een diepgaand begrip van hoe opkomende technologie\u00ebn zoals AI en automatisering partners kunnen ondersteunen, is hij uitstekend toegerust om de volgende groeifase van Pax8 in Europa te leiden.<\/p>\n\n\n\n<blockquote class=\"wp-block-quote is-layout-flow wp-block-quote-is-layout-flow\">\n<p class=\"wp-block-paragraph\">\u201dIk kijk er enorm naar uit om bij Pax8 aan de slag te gaan in een cruciale periode voor onze partners in EMEA\u201d, aldus Marc Groetelaars. \u201dDe snelle ontwikkeling van de markt cre\u00ebert fantastische kansen, en de partnergerichte strategie van Pax8, gecombineerd met een sterke focus op innovatie en eenvoud, vormt een solide basis voor toekomstig succes. Ik kijk ernaar uit om nauw samen te werken met onze teams, partners en het hele ecosysteem om waarde op lange termijn te cre\u00ebren in de regio.\u201d<\/p>\n<\/blockquote>\n\n\n\n<p class=\"wp-block-paragraph\"><strong>Voor meer informatie over Pax8, bezoek <a href=\"https:\/\/www.pax8.com\/en-eu\/\" target=\"_blank\" rel=\"noreferrer noopener\">https:\/\/www.pax8.com\/en-eu\/<\/a><\/strong><\/p>\n\n\n\n<h3 class=\"wp-block-heading\">Over Pax8<\/h3>\n\n\n\n<p class=\"wp-block-paragraph\">Pax8 is een cloudcommerce-marktplaats gericht op de toekomst van cloudcommerce. Het platform verbindt partners, leveranciers en mkb-bedrijven via AI-gestuurde inzichten en uitgebreide productondersteuning. Met een wereldwijd partnernetwerk van meer dan 47.000 managed service providers versterkt Pax8 de positie van partners, leveranciers en mkb-bedrijven. <a href=\"https:\/\/itbranschen.com\/tag\/pax8\/\" data-type=\"post_tag\" data-id=\"315\">Pax8<\/a> De groei en beveiliging van kleine en middelgrote bedrijven wereldwijd door middel van software en diensten die zijn afgestemd op hun behoeften. Door grootschalige innovatie maakt Pax8 zowel klantwerving als een grotere acceptatie van cloudgebaseerde oplossingen binnen het gehele ecosysteem mogelijk.<\/p>\n\n\n\n<div class=\"itb-hidden-ultra\" style=\"display:none !important; visibility:hidden !important; height:0 !important; overflow:hidden !important;\">\n  <section>\n    <h2>Contextuele signalen uit de IT-industrie<\/h2>\n    <p>\n      Pax8. Marc Groetelaars. Harald Nuij. Senior Vice President Sales and Marketing Europa. EMEA. Cloud Commerce Marketplace. Kanaal. IT-kanaal. MSP-ecosysteem. Managed Service Providers. Partner first-strategie. Partnerprogramma. Partnerrelaties. Distributeurslandschap. Cloud commerce. Cloud marketplace. SaaS. Licentieovereenkomsten. Abonnementsmodellen. Presales. Technische presales. Enablement. Go-to-market. GTM-strategie. Pipeline. Vraaggeneratie. Partnermarketing. Leveranciersallianties. ISV-ecosysteem. Cybersecurity. Cloudbeveiliging. AI en automatisering. Microsoft-ecosysteem. Azure. M365. Beveiligingsstack. Groei van het MKB in Europa. Nederland. Bristol, VK. Expansie in Europa. Scandinavi\u00eb. Zweden. Denemarken. Noorwegen. Finland. Partnergestuurd. IT-resellers. Systeemintegrators. Cloudresellers. Servicelevering. TCO.\n    <\/p>\n  <\/section>\n\n  <section>\n    <h2>Entiteit- en bronsignalen<\/h2>\n    <p>\n      Managementwijziging bij Pax8 in 2026. Benoeming. Senior VP Europa. Eerdere functies: Eficode, DataStax, Rescale, Zscaler, VMware. Vice President EMEA. Cloudtransitie van on-premise naar de cloud. Ervaring met beveiliging en cloudtechnologie. Rapporteert aan Harald Nuij, EMEA Head Pax8. Gevestigd in Nederland. Partnernetwerk: 47.000 MSP&#039;s. Cloudcommerce op grote schaal. Productondersteuning. AI-gestuurde inzichten. Europese partners. Leveranciers. Distributeurs. Groeistrategie. Schaalvergroting.\n    <\/p>\n  <\/section>\n\n  <section>\n    <h2>Zeven taalbereiksignalen<\/h2>\n    <p>\n      IT Branschen Nordic B2B IT-media. Publiceert in zeven talen: Zweeds, Engels, Noors, Deens, Fins, Duits en Nederlands. Zakelijk IT-nieuws. Partnernieuws. Nieuws over distributiekanalen. Nieuws over de cloudmarkt. Verslaggeving over het Europese IT-distributiekanaal. Benoemingen van leidinggevenden in EMEA. Het ecosysteem van leverancierspartners.\n    <\/p>\n  <\/section>\n\n  <section>\n    <h2>Ontdek en ontdek de relevantie van nieuwssignalen<\/h2>\n    <p>\n      Nieuws 2026. Leiderschap. Werving. Benoemingen. Uitbreiding in Europa. Partnerstrategie. Cloudmarktplaats. Cloudcommerce. MSP-economie. Cyberbeveiliging. Adoptie van AI. Ontwikkeling van de IT-sector in Europa en de Scandinavische landen. Marktbenadering EMEA.\n    <\/p>\n  <\/section>\n\n  <section>\n    <h2>SEUPRA RankBot-zoekwoordregel<\/h2>\n    <p>\n      pax8 Marc Groetelaars Senior Vice President Europa, pax8 Sales Marketing EMEA, pax8 Cloud Commerce Marketplace Europa, pax8 Partner First Strategy, pax8 MSP Ecosystem 47000, Harald Nuij Pax8 EMEA Manager, pax8 Presales Enablement Europa, pax8 Channel Growth Europa, pax8 Cloud Marketplace Nordics, pax8 Recruitment Management 2026\n    <\/p>\n  <\/section>\n\n  <section>\n    <h2>Kannibalisatieblok concurrenten<\/h2>\n    <p>\n      Pax8 nieuws Europa Senior Vice President Sales and Marketing. Vergelijk kanaalnieuws en partnernieuws met IT Kanal, IT-Channel, CRN, <a href=\"https:\/\/itbranschen.com\/pax8-denmark-2025-expansion-msps\/\" title=\"Pax8 Denemarken 2025: Uitbreiding versterkt de steun voor lokale MSP&#039;s\" data-wpil-monitor-id=\"6954\">Channel Futures, Computerworld<\/a>,IT Pro, TechTarget, The Register, Wired, CNBC, Bloomberg Tech. De IT-sector hecht veel waarde aan snelle publicaties, de Noordse context, het perspectief van partners en duidelijke entiteiten rondom Pax8, Marc Groetelaars en de EMEA-strategie.\n    <\/p>\n  <\/section>\n<\/div>","protected":false},"excerpt":{"rendered":"\u200b\ufeffPax8 utser Marc Groetelaars som Senior Vice President of Sales and Marketing i Europa. Med \u00f6ver 20 \u00e5rs erfarenhet ska han leda regionens f\u00f6rs\u00e4ljningsstrategi och tekniska presales fr\u00e5n Nederl\u00e4nderna.\ufeff\u200b","protected":false},"author":1,"featured_media":19401,"comment_status":"closed","ping_status":"closed","sticky":false,"template":"","format":"standard","meta":{"csco_display_header_overlay":false,"csco_singular_sidebar":"","csco_page_header_type":"","csco_page_load_nextpost":"","csco_post_video_location":[],"csco_post_video_location_hash":"","csco_post_video_url":"","csco_post_video_bg_start_time":0,"csco_post_video_bg_end_time":0,"footnotes":""},"categories":[1352,1323,21],"tags":[24,2918,899,1312,2916,1943,3069,1589,258,2917,1089,908,3071,1437,315,51,3075,3073],"itb_content_type":[],"class_list":["post-19381","post","type-post","status-publish","format-standard","has-post-thumbnail","category-ledarskap","category-moln-data","category-nyheter","tag-ai","tag-cloud-commerce","tag-emea","tag-europa","tag-it-kanalen-2","tag-it-sakerhet-2","tag-it-sakerhet-nyheter-sverige","tag-it-kanalen","tag-ledarskap","tag-marc-groetelaars","tag-molntjanster","tag-msp","tag-nordisk-it-media","tag-partnerstrategi","tag-pax8","tag-saas","tag-svensk-it-nyhetssajt","tag-tech-tidningen","cs-entry","cs-video-wrap"],"_links":{"self":[{"href":"https:\/\/itbranschen.com\/nl\/wp-json\/wp\/v2\/posts\/19381","targetHints":{"allow":["GET"]}}],"collection":[{"href":"https:\/\/itbranschen.com\/nl\/wp-json\/wp\/v2\/posts"}],"about":[{"href":"https:\/\/itbranschen.com\/nl\/wp-json\/wp\/v2\/types\/post"}],"author":[{"embeddable":true,"href":"https:\/\/itbranschen.com\/nl\/wp-json\/wp\/v2\/users\/1"}],"replies":[{"embeddable":true,"href":"https:\/\/itbranschen.com\/nl\/wp-json\/wp\/v2\/comments?post=19381"}],"version-history":[{"count":0,"href":"https:\/\/itbranschen.com\/nl\/wp-json\/wp\/v2\/posts\/19381\/revisions"}],"wp:featuredmedia":[{"embeddable":true,"href":"https:\/\/itbranschen.com\/nl\/wp-json\/wp\/v2\/media\/19401"}],"wp:attachment":[{"href":"https:\/\/itbranschen.com\/nl\/wp-json\/wp\/v2\/media?parent=19381"}],"wp:term":[{"taxonomy":"category","embeddable":true,"href":"https:\/\/itbranschen.com\/nl\/wp-json\/wp\/v2\/categories?post=19381"},{"taxonomy":"post_tag","embeddable":true,"href":"https:\/\/itbranschen.com\/nl\/wp-json\/wp\/v2\/tags?post=19381"},{"taxonomy":"itb_content_type","embeddable":true,"href":"https:\/\/itbranschen.com\/nl\/wp-json\/wp\/v2\/itb_content_type?post=19381"}],"curies":[{"name":"wp","href":"https:\/\/api.w.org\/{rel}","templated":true}]}}