{"id":10040,"date":"2025-02-07T14:50:37","date_gmt":"2025-02-07T13:50:37","guid":{"rendered":"https:\/\/itbranschen.com\/?p=10040"},"modified":"2026-03-13T19:20:39","modified_gmt":"2026-03-13T18:20:39","slug":"martin-billenius-benoemd-tot-nieuwe-ceo-van-lithium","status":"publish","type":"post","link":"https:\/\/itbranschen.com\/nl\/martin-billenius-utses-till-ny-vd-for-litium\/","title":{"rendered":"Martin Billenius benoemd tot nieuwe CEO van Litium"},"content":{"rendered":"<p class=\"wp-block-paragraph\">De raad van bestuur van <strong><a href=\"https:\/\/www.litium.se\/\" target=\"_blank\" rel=\"noreferrer noopener\">Lithium AB<\/a><\/strong> heeft vandaag besloten om te benoemen <strong>Martin Billenius<\/strong> als de nieuwe CEO van het bedrijf. Martin, die sinds 2023 bestuurslid is van Litium, heeft een solide achtergrond als Chief Revenue Officer bij het wereldwijde SaaS-bedrijf Medius. Hij heeft uitgebreide ervaring in de branche en was in zijn meest recente functie wereldwijd verantwoordelijk voor het opbouwen en opschalen van een bedrijf dat uitgroeide tot de grootste van Zweden. <strong>SaaS-bedrijven<\/strong> met een omzet van miljarden.<\/p>\n\n\n\n<h3 class=\"wp-block-heading\">Patrik Settlin verlaat zijn rol als CEO<\/h3>\n\n\n\n<p class=\"wp-block-paragraph\"><strong>Patrick Settlin<\/strong>, die CEO was van <a href=\"https:\/\/www.litium.se\/litium-styrelse\" target=\"_blank\" rel=\"noreferrer noopener nofollow\">Lithium<\/a> sinds 2020, heeft de raad van bestuur vandaag laten weten dat hij terugtreedt als CEO van Litium. Patrik blijft tot de zomer van 2025 aan tot de overdracht.<\/p>\n\n\n\n<h3 class=\"wp-block-heading\">Een evenwichtige leiderschapswisseling<\/h3>\n\n\n\n<p class=\"wp-block-paragraph\">\u2013 Ik heb mijn eigen zakelijke idee\u00ebn en kansen die ik al lang wil verkennen. Het is iets dat in de loop der tijd sterker is geworden, en nu voelt het als het juiste moment om <a href=\"https:\/\/itbranschen.com\/iot-sakerhet-i-smarta-kontor\/\" title=\"IoT-beveiliging in slimme kantoren\" data-wpil-monitor-id=\"534\">de stap zetten<\/a>. <strong>Lithium<\/strong> Het bedrijf staat er sterk voor \u2013 we hebben grote vooruitgang geboekt, maar de reis is nog maar net begonnen. Het voelt goed om het stokje nu over te dragen, nu het bedrijf aan zijn volgende groeifase begint. Ik heb veel hart voor het bedrijf en onze fantastische medewerkers, en het is fijn om te zien dat we het stokje nu kunnen overdragen. <a href=\"https:\/\/itbranschen.com\/cispe-utmanar-broadcoms-vmware-avtal-pa-69-miljarder-dollar-i-eu-domstol\/\" title=\"CISPE vecht Broadcoms VMware-deal van 69 miljard dollar aan bij de EU-rechtbank\" data-wpil-monitor-id=\"389\">overhandigen aan Martin<\/a> &quot;Het voelt heel goed. Ik ben ervan overtuigd dat hij de juiste persoon is om Litium naar nieuwe hoogten te tillen&quot;, aldus Patrik Settlin.<\/p>\n\n\n\n<figure class=\"wp-block-image\"><img decoding=\"async\" src=\"https:\/\/dlejuzwq61njn.cloudfront.net\/app\/uploads\/2023\/02\/28164806\/martin_billenius_foto_samuel_uneus_2_1800x1013.jpg\" alt=\"https:\/\/dlejuzwq61njn.cloudfront.net\/app\/uploads\/2023\/02\/28164806\/martin_billenius_foto_samuel_uneus_2_1800x1013.jpg\" title=\"| IT-industrie\"><figcaption class=\"wp-element-caption\">Martin Billenius<\/figcaption><\/figure>\n\n\n\n<h3 class=\"wp-block-heading\">De groeireis van Litium onder leiding van Patrik Settlin<\/h3>\n\n\n\n<p class=\"wp-block-paragraph\">Onder leiding van Patrik Settlin heeft Litium haar omzet bijna verdubbeld en winstgevend gemaakt. <a href=\"https:\/\/itbranschen.com\/newsletter-signup\/\" data-type=\"page\" data-id=\"9014\">Het bedrijf<\/a> Litium heeft een sterke klantenbasis opgebouwd met toonaangevende merken en een prominente positie verworven in aantrekkelijke marktsegmenten. Tegenwoordig is Litium een van de grootste digitale handelsplatformen in de Scandinavische regio.<\/p>\n\n\n\n<h3 class=\"wp-block-heading\">Sterke toekomstperspectieven met Martin Billenius<\/h3>\n\n\n\n<p class=\"wp-block-paragraph\">\u2013 Een hartelijke en hartelijke dank aan Patrik en de hele organisatie voor het indrukwekkende werk dat de afgelopen vijf jaar is verricht. Het bedrijf heeft aanzienlijke stappen voorwaarts gezet en staat nu op een solide basis voor toekomstige uitdagingen. Perfecte timing is zeldzaam, maar in dit geval hadden we geen betere oplossing kunnen bedenken \u2013 om <strong>Welkom Martin als nieuwe CEO<\/strong> is een droomscenario voor de verdere ontwikkeling van Litium, zegt Johan Rutgersson, bestuurslid van <a href=\"https:\/\/www.litium.se\/litium\/om-oss\" target=\"_blank\" rel=\"noreferrer noopener\">Lithium<\/a>.<\/p>\n\n\n\n<h3 class=\"wp-block-heading\">Martin Billenius zal in februari 2025 de functie van CEO overnemen<\/h3>\n\n\n\n<p class=\"wp-block-paragraph\"><strong>Martin Billenius<\/strong> zal op 14 februari 2025 aantreden als CEO, maar zal tegelijkertijd zijn functie als lid van de raad van bestuur neerleggen.<\/p>\n\n\n\n<h3 class=\"wp-block-heading\">Focus op wereldwijde groei<\/h3>\n\n\n\n<p class=\"wp-block-paragraph\">\u2013 Ik ben ontzettend blij en trots om Litium naar de volgende fase te leiden. Het bedrijf heeft een sterk product en geweldige kansen op de wereldwijde B2B-markt. Ik had al heel vroeg het gevoel dat Litium een enorm potentieel heeft en ik geloof dat we door een duidelijker aanbod en door in de loop der tijd meer te investeren in internationale markten, nog groter succes kunnen behalen. Ik kijk ernaar uit om voort te bouwen op wat er al is bereikt en onze groei samen met het team, onze klanten en onze partners verder te stimuleren, aldus <strong>Martin Billenius<\/strong>, de nieuwe CEO van Lithium.<\/p>","protected":false},"excerpt":{"rendered":"\u200b\ufeffMartin Billenius, med bakgrund fr\u00e5n det globala SaaS-bolaget Medius, tar \u00f6ver som vd f\u00f6r Litium i februari 2025 n\u00e4r Patrik Settlin l\u00e4mnar efter en period med stark tillv\u00e4xt och l\u00f6nsamhet.\ufeff\u200b","protected":false},"author":1,"featured_media":10041,"comment_status":"open","ping_status":"closed","sticky":false,"template":"","format":"standard","meta":{"csco_display_header_overlay":false,"csco_singular_sidebar":"","csco_page_header_type":"","csco_page_load_nextpost":"","csco_post_video_location":[],"csco_post_video_location_hash":"","csco_post_video_url":"","csco_post_video_bg_start_time":0,"csco_post_video_bg_end_time":0,"footnotes":""},"categories":[21,4],"tags":[5,3069,1589,654,3071,3075,3073],"itb_content_type":[],"class_list":["post-10040","post","type-post","status-publish","format-standard","has-post-thumbnail","category-nyheter","category-foretag","tag-foretag","tag-it-sakerhet-nyheter-sverige","tag-it-kanalen","tag-litium-ab","tag-nordisk-it-media","tag-svensk-it-nyhetssajt","tag-tech-tidningen","cs-entry","cs-video-wrap"],"_links":{"self":[{"href":"https:\/\/itbranschen.com\/nl\/wp-json\/wp\/v2\/posts\/10040","targetHints":{"allow":["GET"]}}],"collection":[{"href":"https:\/\/itbranschen.com\/nl\/wp-json\/wp\/v2\/posts"}],"about":[{"href":"https:\/\/itbranschen.com\/nl\/wp-json\/wp\/v2\/types\/post"}],"author":[{"embeddable":true,"href":"https:\/\/itbranschen.com\/nl\/wp-json\/wp\/v2\/users\/1"}],"replies":[{"embeddable":true,"href":"https:\/\/itbranschen.com\/nl\/wp-json\/wp\/v2\/comments?post=10040"}],"version-history":[{"count":0,"href":"https:\/\/itbranschen.com\/nl\/wp-json\/wp\/v2\/posts\/10040\/revisions"}],"wp:featuredmedia":[{"embeddable":true,"href":"https:\/\/itbranschen.com\/nl\/wp-json\/wp\/v2\/media\/10041"}],"wp:attachment":[{"href":"https:\/\/itbranschen.com\/nl\/wp-json\/wp\/v2\/media?parent=10040"}],"wp:term":[{"taxonomy":"category","embeddable":true,"href":"https:\/\/itbranschen.com\/nl\/wp-json\/wp\/v2\/categories?post=10040"},{"taxonomy":"post_tag","embeddable":true,"href":"https:\/\/itbranschen.com\/nl\/wp-json\/wp\/v2\/tags?post=10040"},{"taxonomy":"itb_content_type","embeddable":true,"href":"https:\/\/itbranschen.com\/nl\/wp-json\/wp\/v2\/itb_content_type?post=10040"}],"curies":[{"name":"wp","href":"https:\/\/api.w.org\/{rel}","templated":true}]}}