{"id":33350,"date":"2026-09-04T14:28:21","date_gmt":"2026-09-04T12:28:21","guid":{"rendered":"https:\/\/itbranschen.com\/?p=33350"},"modified":"2026-09-04T14:28:35","modified_gmt":"2026-09-04T12:28:35","slug":"acer-lokal-ai-hallbara-foretagsdatorer","status":"publish","type":"post","link":"https:\/\/itbranschen.com\/nb\/acer-lokal-ai-hallbara-foretagsdatorer\/","title":{"rendered":"Acer satser mer p\u00e5 lokal AI og b\u00e6rekraftig forretningsdatabehandling"},"content":{"rendered":"<p class=\"wp-block-paragraph\"><strong>P\u00e5 next@Acer i Berlin avduket Acer et bredt fokus p\u00e5 lokal AI, kompakte arbeidsstasjoner og mer reparerbare PC-er. Bak produktnyhetene ligger en klar strategi: Acer \u00f8nsker \u00e5 styrke sin posisjon i bedriftsmarkedet ettersom organisasjoner s\u00f8ker st\u00f8rre kontroll over data, kostnader og maskinvarens levetid.<\/strong><\/p>\n\n\n\n<p class=\"wp-block-paragraph\">Utviklingen innen kunstig intelligens endrer kravene bedrifter stiller til datamaskiner. Det handler ikke lenger bare om raskere prosessorer eller bedre batterilevetid. Flere og flere organisasjoner \u00f8nsker \u00e5 kunne kj\u00f8re avanserte kunstig intelligens-modeller lokalt, uten at sensitiv informasjon m\u00e5 forlate deres eget IT-milj\u00f8.<\/p>\n\n\n\n<p class=\"wp-block-paragraph\">Det var ogs\u00e5 et av de klareste budskapene da Acer presenterte sine nyeste innovasjoner under next@Acer i forbindelse med <strong><a href=\"https:\/\/www.acer.com\/gb-en\/events\/nextatacer\" target=\"_blank\" rel=\"noreferrer noopener\">IFA 2026 i Berlin<\/a><\/strong>.<\/p>\n\n\n\n<figure class=\"wp-block-embed is-type-video is-provider-youtube wp-block-embed-youtube wp-embed-aspect-16-9 wp-has-aspect-ratio\"><div class=\"wp-block-embed__wrapper\">\n<iframe title=\"Next@Acer 2026 | Global pressekonferanse p\u00e5 IFA\" width=\"1200\" height=\"675\" src=\"https:\/\/www.youtube.com\/embed\/X2WfwZXdICY?feature=oembed\" frameborder=\"0\" allow=\"accelerometer; autoplay; clipboard-write; encrypted-media; gyroscope; picture-in-picture; web-share\" referrerpolicy=\"strict-origin-when-cross-origin\" allowfullscreen><\/iframe>\n<\/div><\/figure>\n\n\n\n<p class=\"wp-block-paragraph\">De nye produktene inkluderer kompakte systemer for lokale AI-arbeidsflyter, en ny Veriton AI-arbeidsstasjonsserie og en mer avansert generasjon av den b\u00e6rekraftsfokuserte Vero PC-en. Sammen demonstrerer produktene hvordan Acer s\u00f8ker \u00e5 forene ytelse, datasuverenitet, reparerbarhet og lengre produktlevetid.<\/p>\n\n\n\n<h2 class=\"wp-block-heading\">Lokal AI blir et strategisk forretningssp\u00f8rsm\u00e5l<\/h2>\n\n\n\n<p class=\"wp-block-paragraph\">En av de mest interessante nyhetene er Acer SFF RTX Spark, en kompakt stasjon\u00e6r datamaskin basert p\u00e5 Nvidias nye RTX Spark-plattform.<\/p>\n\n\n\n<p class=\"wp-block-paragraph\">Systemet er designet for krevende AI-arbeidsflyter og tilbyr opptil \u00e9n petaflop med AI-ytelse, if\u00f8lge Acer. Det kan utstyres med opptil 128 GB enhetlig minne og er blant annet beregnet for lokal utf\u00f8relse av generative og agentbaserte AI-modeller.<\/p>\n\n\n\n<p class=\"wp-block-paragraph\">For bedrifter kan muligheten til \u00e5 behandle informasjon lokalt v\u00e6re av stor betydning. Data trenger ikke alltid \u00e5 sendes til en ekstern skytjeneste, noe som kan forenkle h\u00e5ndteringen av forretningskritisk informasjon, kundedata og immaterielle eiendeler.<\/p>\n\n\n\n<p class=\"wp-block-paragraph\">Lokal kunstig intelligens erstatter ikke skyen, men den gir organisasjoner flere alternativer. Bedrifter kan velge hvilke arbeidsflyter de vil kj\u00f8re lokalt og hvilke som er bedre egnet for skybasert behandling. Resultatet er en mer fleksibel hybridmodell der sikkerhet, kostnader og ytelse kan veies mot hverandre.<\/p>\n\n\n\n<h2 class=\"wp-block-heading\">Veriton kombinerer lokale ressurser og skytjenester<\/h2>\n\n\n\n<p class=\"wp-block-paragraph\"><strong><a href=\"https:\/\/itbranschen.com\/tag\/acer\/\" data-type=\"post_tag\" data-id=\"8624\">Acer<\/a><\/strong> introduserte ogs\u00e5 Veriton RI110 AI Mini Workstation, en kompakt arbeidsstasjon for profesjonelle AI-milj\u00f8er.<\/p>\n\n\n\n<p class=\"wp-block-paragraph\">Datamaskinen kan utstyres med en Intel Core Ultra X7-prosessor, Intel Arc-grafikk, opptil 96 GB LPDDR5X-minne og opptil 4 TB SSD-lagring. If\u00f8lge Acer kan systemet h\u00e5ndtere AI-modeller med opptil 120 milliarder parametere.<\/p>\n\n\n\n<p class=\"wp-block-paragraph\">Arbeidsstasjonen kobles ogs\u00e5 til Acer Qubi Claw, en agentbasert AI-arbeidsflytl\u00f8sning. Teknologien er utviklet for \u00e5 la AI-agenter jobbe i et isolert milj\u00f8 der de kan analysere informasjon, planlegge oppgaver og utf\u00f8re ulike handlinger.<\/p>\n\n\n\n<p class=\"wp-block-paragraph\">Det viser hvordan PC-produsenter fremmer sine posisjoner i AI-\u00f8kosystemet. Konkurransen handler ikke lenger bare om \u00e5 levere maskinvare. Produsenter \u00f8nsker ogs\u00e5 \u00e5 tilby programvaren og verkt\u00f8yene som gj\u00f8r lokale AI-funksjoner nyttige i det daglige arbeidet.<\/p>\n\n\n\n<p class=\"wp-block-paragraph\">Veriton RI110 AI Mini Workstation forventes \u00e5 v\u00e6re tilgjengelig i Europa i f\u00f8rste kvartal 2027.<\/p>\n\n\n\n<h2 class=\"wp-block-heading\">Europa henger etter innen agentbasert AI<\/h2>\n\n\n\n<p class=\"wp-block-paragraph\"><strong><a href=\"https:\/\/www.linkedin.com\/in\/massimiliano-rossi-a537a57\/\" target=\"_blank\" data-schema-attribute=\"mentions\" rel=\"noreferrer noopener sponsored\">Massimiliano Rossi<\/a><\/strong>, visepresident for kommersiell drift, tjenester og produktforretningsenhet for Acer EMEA, beskriver ettersp\u00f8rselen etter avanserte AI-systemer som raskt voksende, men fortsatt ujevn.<\/p>\n\n\n\n<p class=\"wp-block-paragraph\">Bestillinger kan komme i st\u00f8rre volumer fra enkeltorganisasjoner, mens det bredere europeiske markedet fortsatt er p\u00e5 et tidlig stadium. Samtidig ser Acer en klar forskjell mellom Europa og Nord-Amerika, hvor introduksjonen av produkter for lokal og agentbasert AI er lenger fremme.<\/p>\n\n\n\n<figure class=\"wp-block-image size-full\"><img fetchpriority=\"high\" decoding=\"async\" width=\"800\" height=\"800\" src=\"https:\/\/itbranschen.com\/wp-content\/uploads\/2026\/09\/Massimiliano-Rossi-portrait-acer-front.jpg\" alt=\"Acer satser mer p\u00e5 lokal AI og b\u00e6rekraftige bedrifts-PC-er | IT-bransjen\" class=\"wp-image-33360\" title=\"| IT-bransjen\" srcset=\"https:\/\/itbranschen.com\/wp-content\/uploads\/2026\/09\/Massimiliano-Rossi-portrait-acer-front.jpg 800w, https:\/\/itbranschen.com\/wp-content\/uploads\/2026\/09\/Massimiliano-Rossi-portrait-acer-front-x.jpg 300w, https:\/\/itbranschen.com\/wp-content\/uploads\/2026\/09\/Massimiliano-Rossi-portrait-acer-front-x-1.jpg 150w, https:\/\/itbranschen.com\/wp-content\/uploads\/2026\/09\/Massimiliano-Rossi-portrait-acer-front-x-2.jpg 80w, https:\/\/itbranschen.com\/wp-content\/uploads\/2026\/09\/Massimiliano-Rossi-portrait-acer-front-x-3.jpg 768w, https:\/\/itbranschen.com\/wp-content\/uploads\/2026\/09\/Massimiliano-Rossi-portrait-acer-front-x-4.jpg 12w, https:\/\/itbranschen.com\/wp-content\/uploads\/2026\/09\/Massimiliano-Rossi-portrait-acer-front-x-6.jpg 72w, https:\/\/itbranschen.com\/wp-content\/uploads\/2026\/09\/Massimiliano-Rossi-portrait-acer-front-x-7.jpg 144w, https:\/\/itbranschen.com\/wp-content\/uploads\/2026\/09\/Massimiliano-Rossi-portrait-acer-front-x-11.jpg 688w, https:\/\/itbranschen.com\/wp-content\/uploads\/2026\/09\/Massimiliano-Rossi-portrait-acer-front-x-12.jpg 332w, https:\/\/itbranschen.com\/wp-content\/uploads\/2026\/09\/Massimiliano-Rossi-portrait-acer-front-x-14.jpg 664w\" sizes=\"(max-width: 800px) 100vw, 800px\" \/><figcaption class=\"wp-element-caption\">Massimiliano Rossi, visepresident for kommersiell drift, stasjon\u00e6re datamaskiner, skjermer og kundeservice i EMEA hos Acer.<\/figcaption><\/figure>\n\n\n\n<p class=\"wp-block-paragraph\">Forskjellen kan delvis forklares med investeringsklimaet. Europeiske selskaper m\u00e5 h\u00e5ndtere \u00f8konomisk usikkerhet, h\u00f8yere maskinvarepriser og omfattende krav til databeskyttelse og samsvar. Samtidig kan nettopp disse kravene \u00f8ke interessen for lokale AI-l\u00f8sninger som gir organisasjoner st\u00f8rre kontroll over hvordan informasjon behandles.<\/p>\n\n\n\n<p class=\"wp-block-paragraph\">Acer forventer at ettersp\u00f8rselen vil utvikle seg gradvis i l\u00f8pet av 2027. Selskapet jobber derfor med flere tekniske plattformer fra blant annet Intel, AMD og Nvidia, i stedet for \u00e5 knytte tilbudet sitt til \u00e9n enkelt leverand\u00f8r.<\/p>\n\n\n\n<h2 class=\"wp-block-heading\">H\u00f8yere priser endrer PC-markedet<\/h2>\n\n\n\n<p class=\"wp-block-paragraph\">Det europeiske PC-markedet p\u00e5virkes ogs\u00e5 av \u00f8kende kostnader for minne, lagring, prosessorer, energi og logistikk, noe som legger press p\u00e5 etablerte prisniv\u00e5er og gj\u00f8r det vanskeligere for produsenter \u00e5 tilby kraftigere datamaskiner uten \u00e5 \u00f8ke prisene.<\/p>\n\n\n\n<p class=\"wp-block-paragraph\">Acer ansl\u00e5r at markedet kan synke n\u00e5r det gjelder antall solgte enheter. Samtidig forventes en st\u00f8rre andel kunder \u00e5 velge mer avanserte produkter med lengre forventet levetid.<\/p>\n\n\n\n<p class=\"wp-block-paragraph\">For IT-avdelinger i bedrifter betyr dette at kj\u00f8pesummen blir mindre av et isolert problem. Faktorer som energiforbruk, reparasjonsmuligheter, support, sikkerhet og muligheten til \u00e5 bruke datamaskinen i flere \u00e5r blir viktigere for den totale kostnaden.<\/p>\n\n\n\n<h2 class=\"wp-block-heading\">Vero 16 burde v\u00e6re enklere \u00e5 reparere<\/h2>\n\n\n\n<p class=\"wp-block-paragraph\">Den nye Acer Vero 16 er et tydelig eksempel p\u00e5 endringen. Tidligere generasjoner av Vero-serien fokuserte prim\u00e6rt p\u00e5 resirkulert plast og en relativt tilgjengelig pris. Den nye modellen har et mer luksuri\u00f8st design og et tydeligere fokus p\u00e5 profesjonelle brukere.<\/p>\n\n\n\n<p class=\"wp-block-paragraph\">Datamaskinens \u00f8vre kabinett er laget av 50 prosent resirkulert industrialuminium og 50 prosent aluminium produsert med lavere karbonutslipp. Bunnen bruker 60 prosent resirkulert plast fra forbrukere.<\/p>\n\n\n\n<p class=\"wp-block-paragraph\">Acer utvider ogs\u00e5 sitt tidligere fokus p\u00e5 reduksjon, gjenbruk og resirkulering ved \u00e5 legge til reparerbarhet som et fjerde prinsipp.<\/p>\n\n\n\n<p class=\"wp-block-paragraph\">Vero 16 har et verkt\u00f8yfritt chassis, utskiftbart oppbevaringsrom og batteri, og komponenter som er utviklet for \u00e5 forenkle service. Designet tillater ogs\u00e5 utskifting av hovedkort, noe som forlenger datamaskinens tekniske levetid.<\/p>\n\n\n\n<p class=\"wp-block-paragraph\">Dette er en viktig utvikling for selskaper som \u00f8nsker \u00e5 redusere b\u00e5de elektronisk avfall og kostnadene ved regelmessig \u00e5 bytte ut hele datamaskinparker.<\/p>\n\n\n\n<h2 class=\"wp-block-heading\">B\u00e6rekraft m\u00e5 gi m\u00e5lbar forretningsverdi<\/h2>\n\n\n\n<p class=\"wp-block-paragraph\">Massimiliano Rossi peker p\u00e5 en sentral utfordring for b\u00e6rekraftig teknologi: mange kunder krever mer b\u00e6rekraftige produkter, men viljen til \u00e5 betale en klar prispremie er begrenset.<\/p>\n\n\n\n<p class=\"wp-block-paragraph\">Acer velger derfor \u00e5 posisjonere Vero 16 h\u00f8yere i markedet. Tanken er at reparerbarhet, lengre levetid og bedre materialvalg skal skape konkret verdi som kan rettferdiggj\u00f8re investeringen.<\/p>\n\n\n\n<p class=\"wp-block-paragraph\">For bedriftskunder kan dette argumentet v\u00e6re mer overbevisende enn bruk av resirkulerte materialer alene. Hvis datamaskinen kan vare lenger, repareres enklere og oppgraderes uten \u00e5 m\u00e5tte bytte ut hele enheten, vil det p\u00e5virke b\u00e5de de totale eierkostnadene og organisasjonens milj\u00f8prestasjon.<\/p>\n\n\n\n<p class=\"wp-block-paragraph\">Acer Vero 16 forventes \u00e5 v\u00e6re tilgjengelig i Europa i f\u00f8rste kvartal 2027.<\/p>\n\n\n\n<h2 class=\"wp-block-heading\">IT-bransjeanalyse<\/h2>\n\n\n\n<p class=\"wp-block-paragraph\">Acers presentasjon i Berlin viser at grensen mellom den personlige datamaskinen, arbeidsstasjonen og den lokale AI-infrastrukturen viskes ut.<\/p>\n\n\n\n<p class=\"wp-block-paragraph\">Dette er spesielt relevant for europeiske selskaper. Kravene til databeskyttelse, digital suverenitet og kontroll over forretningskritisk informasjon gj\u00f8r at lokal AI kan ha st\u00f8rre strategisk betydning her enn i markeder der skyen fortsatt er det \u00e5penbare f\u00f8rstevalget.<\/p>\n\n\n\n<p class=\"wp-block-paragraph\">Samtidig m\u00e5 l\u00f8sningene v\u00e6re \u00f8konomisk forsvarlige. Det er lite sannsynlig at bedrifter vil investere i nye AI-datamaskiner bare fordi teknologien er tilgjengelig. De trenger klare bruksomr\u00e5der, m\u00e5lbare produktivitetsgevinster og sikker h\u00e5ndtering av b\u00e5de data og AI-agenter.<\/p>\n\n\n\n<p class=\"wp-block-paragraph\">Acer posisjonerer seg for denne utviklingen ved \u00e5 kombinere lokal datakraft med hybridl\u00f8sninger, reparasjonsmuligheter og st\u00f8tte for flere prosessorplattformer. Suksessen til denne strategien vil ikke bare bli bestemt av maskinvarens ytelse, men ogs\u00e5 av hvor enkelt bedrifter og kanalpartnere kan transformere teknologien til fungerende l\u00f8sninger.<\/p>","protected":false},"excerpt":{"rendered":"Acer utvikler kompakte AI-arbeidsstasjoner og mer b\u00e6rekraftige bedriftssystemer, med fokus p\u00e5 lokal databehandling og langsiktig reparasjonsmulighet for \u00e5 m\u00f8te behovene til europeiske bedrifter.","protected":false},"author":1,"featured_media":33354,"comment_status":"closed","ping_status":"closed","sticky":false,"template":"","format":"standard","meta":{"csco_display_header_overlay":false,"csco_singular_sidebar":"","csco_page_header_type":"","csco_page_load_nextpost":"","csco_post_video_location":[],"csco_post_video_location_hash":"","csco_post_video_url":"","csco_post_video_bg_start_time":0,"csco_post_video_bg_end_time":0,"footnotes":""},"categories":[47,8635],"tags":[8624,8630,8628,8629,2379,3655,1617,8575,1728,899,8627,1395,2597,8574,8632,1768,2916,1782,751,1589,8626,8625,8634,3071,8631,89,8633,3075],"itb_content_type":[8303],"class_list":["post-33350","post","type-post","status-publish","format-standard","has-post-thumbnail","category-artificiell-intelligens","category-hardvara","tag-acer","tag-acer-qubi-claw","tag-acer-veriton","tag-acer-vero-16","tag-agentbaserad-ai","tag-ai-arbetsstationer","tag-ai-datorer","tag-berlin","tag-datasuveranitet","tag-emea","tag-foretagsdatorer","tag-hallbar-it","tag-hybrid-ai","tag-ifa-2026","tag-intel-core-ultra","tag-it-branschen-2","tag-it-kanalen-2","tag-it-nyheter","tag-it-branschen","tag-it-kanalen","tag-lokal-ai","tag-massimiliano-rossi","tag-nextacer","tag-nordisk-it-media","tag-nvidia-rtx-spark","tag-nyheter","tag-reparerbarhet","tag-svensk-it-nyhetssajt","cs-entry","cs-video-wrap"],"_links":{"self":[{"href":"https:\/\/itbranschen.com\/nb\/wp-json\/wp\/v2\/posts\/33350","targetHints":{"allow":["GET"]}}],"collection":[{"href":"https:\/\/itbranschen.com\/nb\/wp-json\/wp\/v2\/posts"}],"about":[{"href":"https:\/\/itbranschen.com\/nb\/wp-json\/wp\/v2\/types\/post"}],"author":[{"embeddable":true,"href":"https:\/\/itbranschen.com\/nb\/wp-json\/wp\/v2\/users\/1"}],"replies":[{"embeddable":true,"href":"https:\/\/itbranschen.com\/nb\/wp-json\/wp\/v2\/comments?post=33350"}],"version-history":[{"count":5,"href":"https:\/\/itbranschen.com\/nb\/wp-json\/wp\/v2\/posts\/33350\/revisions"}],"predecessor-version":[{"id":33361,"href":"https:\/\/itbranschen.com\/nb\/wp-json\/wp\/v2\/posts\/33350\/revisions\/33361"}],"wp:featuredmedia":[{"embeddable":true,"href":"https:\/\/itbranschen.com\/nb\/wp-json\/wp\/v2\/media\/33354"}],"wp:attachment":[{"href":"https:\/\/itbranschen.com\/nb\/wp-json\/wp\/v2\/media?parent=33350"}],"wp:term":[{"taxonomy":"category","embeddable":true,"href":"https:\/\/itbranschen.com\/nb\/wp-json\/wp\/v2\/categories?post=33350"},{"taxonomy":"post_tag","embeddable":true,"href":"https:\/\/itbranschen.com\/nb\/wp-json\/wp\/v2\/tags?post=33350"},{"taxonomy":"itb_content_type","embeddable":true,"href":"https:\/\/itbranschen.com\/nb\/wp-json\/wp\/v2\/itb_content_type?post=33350"}],"curies":[{"name":"wp","href":"https:\/\/api.w.org\/{rel}","templated":true}]}}