{"id":33248,"date":"2026-09-02T09:21:24","date_gmt":"2026-09-02T07:21:24","guid":{"rendered":"https:\/\/itbranschen.com\/?p=33248"},"modified":"2026-09-02T09:21:47","modified_gmt":"2026-09-02T07:21:47","slug":"bitzero-vertiv-ai-datasenter","status":"publish","type":"post","link":"https:\/\/itbranschen.com\/nb\/bitzero-vertiv-ai-datacenter\/","title":{"rendered":"Bitzero styrker teknisk kapasitet og forsyningskjede i samarbeid med Vertiv"},"content":{"rendered":"<p class=\"wp-block-paragraph\"><strong>Samarbeidet bygger p\u00e5 Bitzeros voksende nettverk av ledende infrastruktur- og teknologipartnere.<\/strong><\/p>\n\n\n\n<p class=\"wp-block-paragraph\"><a href=\"https:\/\/itbranschen.com\/tag\/bitzero\/\" data-type=\"post_tag\" data-id=\"8603\">Bitzero<\/a>, en leverand\u00f8r av b\u00e6rekraftig datasenterinfrastruktur for h\u00f8y ytelse (HPC) og AI, annonserte i dag et samarbeid med Vertiv, en global leder innen kritisk digital infrastruktur. Samarbeidet styrker ytterligere Bitzeros voksende nettverk av teknologipartnere og leverand\u00f8rer som st\u00f8tter leveransen av neste generasjons datasenterinfrastruktur.<\/p>\n\n\n\n<p class=\"wp-block-paragraph\">Vertiv er det nyeste tilskuddet til Bitzeros partnerskap, og bringer med seg bred ekspertise innen kraft, kj\u00f8ling og infrastruktur for \u00e5 st\u00f8tte byggingen av AI, HPC og store datasentre. Partnerskapet gir Bitzero tilgang til velpr\u00f8vd teknologi som kan bidra til \u00e5 akselerere prosjekter og m\u00f8te krav til ytelse, effektivitet og skalerbarhet.<\/p>\n\n\n\n<p class=\"wp-block-paragraph\">Vertivs teknologi og ekspertise forventes \u00e5 v\u00e6re en sentral del av Bitzeros plattform, med global ekspertise innen str\u00f8m og kj\u00f8ling \u2013 inkludert avansert v\u00e6skekj\u00f8ling som kreves i moderne AI- og HPC-milj\u00f8er. Etter hvert som servertettheten \u00f8ker og kundenes behov endrer seg, blir integrerte og modul\u00e6re infrastrukturl\u00f8sninger stadig viktigere for \u00e5 bygge robust, skalerbar og effektiv digital infrastruktur \u2013 noe som hjelper kundene med \u00e5 akselerere utrulling og redusere tiden til token.<\/p>\n\n\n\n<p class=\"wp-block-paragraph\">Samarbeidet gjenspeiler Bitzeros fortsatte innsats for \u00e5 bygge et nettverk av ledende akt\u00f8rer innen teknisk design, prosjektgjennomf\u00f8ring og forsyningskjede. Ved \u00e5 styrke relasjonene med spesialiserte infrastrukturleverand\u00f8rer forbereder selskapet seg p\u00e5 \u00e5 levere h\u00f8ytytende databehandlingsmilj\u00f8er som m\u00f8ter kravene til hyperskala, AI og andre avanserte applikasjoner.<\/p>\n\n\n\n<p class=\"wp-block-paragraph\">\u00abBitzero bygger et \u00f8kosystem av ledende leverand\u00f8rer innen alle kritiske omr\u00e5der innen datasenterbygging. I tr\u00e5d med v\u00e5re tidligere samarbeid styrker og utdyper Vertiv v\u00e5re tekniske muligheter innen str\u00f8m, kj\u00f8ling og infrastruktur \u2013 samtidig som vi forbedrer forsyningskjeden v\u00e5r etter hvert som vi fortsetter \u00e5 utvikle plattformen v\u00e5r for hyperskala-, AI- og HPC-applikasjoner.\u00bb, <strong>sier <a href=\"https:\/\/www.linkedin.com\/in\/mohammed-bakhashwain-486aa5362\/\" target=\"_blank\" data-schema-attribute=\"mentions\" rel=\"noreferrer noopener sponsored\">Mohammed Bakhashwain<\/a>, grunnlegger og administrerende direkt\u00f8r i Bitzero<\/strong>.<\/p>\n\n\n\n<p class=\"wp-block-paragraph\">\u00ab\u00c5 lykkes med \u00e5 skalere AI krever mer enn avansert datakraft \u2013 det krever en omfattende infrastruktur som kan h\u00e5ndtere stadig \u00f8kende str\u00f8m- og kj\u00f8lebehov. Vertiv har flere ti\u00e5r med erfaring innen kritisk digital infrastruktur, og hjelper organisasjoner med \u00e5 distribuere og drifte str\u00f8m- og kj\u00f8lesystemene som ligger til grunn for AI- og HPC-milj\u00f8er. Dette bidrar til \u00e5 akselerere AI-beredskapen og levere raskere tid til token-resultater. Vi er glade for \u00e5 st\u00f8tte Mohammed og Bitzero-teamet etter hvert som selskapet utvider sin kapasitet for \u00e5 m\u00f8te den \u00f8kende ettersp\u00f8rselen.\u00bb, <strong>sier <a href=\"https:\/\/www.linkedin.com\/in\/paulmryan\/\" target=\"_blank\" data-schema-attribute=\"mentions\" rel=\"noreferrer noopener sponsored\">Paul Ryan<\/a>, President for Europa, Midt\u00f8sten og Afrika (EMEA) hos Vertiv<\/strong>.<\/p>\n\n\n\n<p class=\"wp-block-paragraph\">Etter hvert som Bitzero fortsetter \u00e5 utvikle strategien sin, fokuserer selskapet p\u00e5 \u00e5 samle riktig ekspertise, infrastrukturleverand\u00f8rer og leveringskapasitet for \u00e5 st\u00f8tte langsiktig vekst innenfor prosjektportef\u00f8ljen.<\/p>\n\n\n\n<h2 class=\"wp-block-heading\">Om Bitzero Holdings Inc.<\/h2>\n\n\n\n<p class=\"wp-block-paragraph\"><strong><a href=\"https:\/\/bitzero.com\/\" target=\"_blank\" rel=\"noreferrer noopener\">Bitzero Holdings Inc.<\/a><\/strong>. (Nasdaq: AIBZ) (CSE: AIBZ.U) (FSE:000) er en leverand\u00f8r av IT-energiinfrastruktur og h\u00f8yeffektiv str\u00f8mforsyning for datasentre. Selskapet fokuserer p\u00e5 datasenterutvikling, h\u00f8yytelsesdatabehandlingskapasitet (HPC) og strategiske partnerskapsavtaler for datasenterhosting. Bitzero Holdings Inc. eier fire datasenteranlegg i Nord-Amerika.<\/p>\n\n\n\n<p class=\"wp-block-paragraph\"><\/p>","protected":false},"excerpt":{"rendered":"Bitzero samarbeider med Vertiv for \u00e5 forbedre sine tekniske muligheter og forsyningskjede, med fokus p\u00e5 avanserte str\u00f8m- og kj\u00f8lel\u00f8sninger for AI- og HPC-datasentre.","protected":false},"author":1,"featured_media":33251,"comment_status":"closed","ping_status":"closed","sticky":false,"template":"","format":"standard","meta":{"csco_display_header_overlay":false,"csco_singular_sidebar":"","csco_page_header_type":"","csco_page_load_nextpost":"","csco_post_video_location":[],"csco_post_video_location_hash":"","csco_post_video_url":"","csco_post_video_bg_start_time":0,"csco_post_video_bg_end_time":0,"footnotes":""},"categories":[1834,47],"tags":[24,5738,8603,125,5743,899,8604,5,1395,1832,5082,1768,2916,3069,751,215,1589,2628,1731,7203,3071,89,3075,8,3073,340],"itb_content_type":[8305],"class_list":["post-33248","post","type-post","status-publish","format-standard","has-post-thumbnail","category-datacenter","category-artificiell-intelligens","tag-ai","tag-ai-datacenter-2","tag-bitzero","tag-datacenter","tag-datacenterinfrastruktur","tag-emea","tag-flytande-kylning","tag-foretag","tag-hallbar-it","tag-hpc","tag-hyperscale","tag-it-branschen-2","tag-it-kanalen-2","tag-it-sakerhet-nyheter-sverige","tag-it-branschen","tag-it-infrastruktur","tag-it-kanalen","tag-kraftforsorjning","tag-kritisk-infrastruktur","tag-liquid-cooling","tag-nordisk-it-media","tag-nyheter","tag-svensk-it-nyhetssajt","tag-sverige","tag-tech-tidningen","tag-vertiv","cs-entry","cs-video-wrap"],"_links":{"self":[{"href":"https:\/\/itbranschen.com\/nb\/wp-json\/wp\/v2\/posts\/33248","targetHints":{"allow":["GET"]}}],"collection":[{"href":"https:\/\/itbranschen.com\/nb\/wp-json\/wp\/v2\/posts"}],"about":[{"href":"https:\/\/itbranschen.com\/nb\/wp-json\/wp\/v2\/types\/post"}],"author":[{"embeddable":true,"href":"https:\/\/itbranschen.com\/nb\/wp-json\/wp\/v2\/users\/1"}],"replies":[{"embeddable":true,"href":"https:\/\/itbranschen.com\/nb\/wp-json\/wp\/v2\/comments?post=33248"}],"version-history":[{"count":3,"href":"https:\/\/itbranschen.com\/nb\/wp-json\/wp\/v2\/posts\/33248\/revisions"}],"predecessor-version":[{"id":33252,"href":"https:\/\/itbranschen.com\/nb\/wp-json\/wp\/v2\/posts\/33248\/revisions\/33252"}],"wp:featuredmedia":[{"embeddable":true,"href":"https:\/\/itbranschen.com\/nb\/wp-json\/wp\/v2\/media\/33251"}],"wp:attachment":[{"href":"https:\/\/itbranschen.com\/nb\/wp-json\/wp\/v2\/media?parent=33248"}],"wp:term":[{"taxonomy":"category","embeddable":true,"href":"https:\/\/itbranschen.com\/nb\/wp-json\/wp\/v2\/categories?post=33248"},{"taxonomy":"post_tag","embeddable":true,"href":"https:\/\/itbranschen.com\/nb\/wp-json\/wp\/v2\/tags?post=33248"},{"taxonomy":"itb_content_type","embeddable":true,"href":"https:\/\/itbranschen.com\/nb\/wp-json\/wp\/v2\/itb_content_type?post=33248"}],"curies":[{"name":"wp","href":"https:\/\/api.w.org\/{rel}","templated":true}]}}