{"id":19339,"date":"2026-02-05T01:09:49","date_gmt":"2026-02-05T00:09:49","guid":{"rendered":"https:\/\/itbranschen.com\/?p=19339"},"modified":"2026-02-05T01:25:54","modified_gmt":"2026-02-05T00:25:54","slug":"everon-rickard-svensson-salgsmarkedssjef-sverige","status":"publish","type":"post","link":"https:\/\/itbranschen.com\/nb\/everon-rickard-svensson-sales-marketing-manager-sverige\/","title":{"rendered":"Everon styrker ledelsen \u2013 Rickard Svensson ny salgs- og markedssjef i Sverige"},"content":{"rendered":"<p class=\"wp-block-paragraph\"><strong><a href=\"https:\/\/everon.se\/\" target=\"_blank\" rel=\"noreferrer noopener\">Everon<\/a><\/strong> Sverige har rekruttert <strong>Rickard Svensson som ny salgs- og markedssjef<\/strong> for den svenske virksomheten. Rekrutteringen skjer p\u00e5 et tidspunkt hvor Everon er i en sterk vekstfase og fortsetter \u00e5 utvikle sitt tilbud innen sikker, digital og datadrevet omsorgsteknologi.<\/p>\n\n\n\n<p class=\"wp-block-paragraph\"><strong><a href=\"https:\/\/www.linkedin.com\/in\/rickard-svensson-82268415b\/\" target=\"_blank\" rel=\"noreferrer noopener\">Richard Svensson<\/a><\/strong> har v\u00e6rt aktiv i <strong>Everon Sverige siden 2025<\/strong> og kommer sist fra rollen som Account Manager. I sin nye rolle vil han ha det overordnede ansvaret for \u00e5 videreutvikle Everons salgs- og markedsarbeid i Sverige med fokus p\u00e5 samarbeid, struktur og langsiktig vekst.<\/p>\n\n\n\n<figure class=\"wp-block-image size-full\"><img fetchpriority=\"high\" decoding=\"async\" width=\"800\" height=\"800\" title=\"Rickard Svensson Everon | IT-bransjen\" src=\"https:\/\/itbranschen.com\/wp-content\/uploads\/2026\/02\/Rickard-Svensson-Everon.jpg\" alt=\"Rickard Svensson, ny salgs- og markedssjef hos Everon Sverige | IT-bransjen\" class=\"wp-image-19345\" srcset=\"https:\/\/itbranschen.com\/wp-content\/uploads\/2026\/02\/Rickard-Svensson-Everon.jpg 800w, https:\/\/itbranschen.com\/wp-content\/uploads\/2026\/02\/Rickard-Svensson-Everon-300x300.jpg 300w, https:\/\/itbranschen.com\/wp-content\/uploads\/2026\/02\/Rickard-Svensson-Everon-150x150.jpg 150w, https:\/\/itbranschen.com\/wp-content\/uploads\/2026\/02\/Rickard-Svensson-Everon-768x768.jpg 768w, https:\/\/itbranschen.com\/wp-content\/uploads\/2026\/02\/Rickard-Svensson-Everon-12x12.jpg 12w, https:\/\/itbranschen.com\/wp-content\/uploads\/2026\/02\/Rickard-Svensson-Everon-80x80.jpg 80w, https:\/\/itbranschen.com\/wp-content\/uploads\/2026\/02\/Rickard-Svensson-Everon-72x72.jpg 72w, https:\/\/itbranschen.com\/wp-content\/uploads\/2026\/02\/Rickard-Svensson-Everon-144x144.jpg 144w, https:\/\/itbranschen.com\/wp-content\/uploads\/2026\/02\/Rickard-Svensson-Everon-332x332.jpg 332w, https:\/\/itbranschen.com\/wp-content\/uploads\/2026\/02\/Rickard-Svensson-Everon-664x664.jpg 664w, https:\/\/itbranschen.com\/wp-content\/uploads\/2026\/02\/Rickard-Svensson-Everon-688x688.jpg 688w\" sizes=\"(max-width: 800px) 100vw, 800px\" \/><figcaption class=\"wp-element-caption\">Rickard Svensson, ny salgs- og markedssjef i Everon Sverige. \u2013 Utgitt av IT-Branschen<\/figcaption><\/figure>\n\n\n\n<p class=\"wp-block-paragraph\">\u2013 Rickard g\u00e5r inn i en fase der Everon har sterkt momentum. Med hans ekspertise styrker vi v\u00e5rt fokus p\u00e5 samarbeid, struktur og langsiktig vekst i det svenske markedet, sier <strong>Maud Walterson<\/strong>, administrerende direkt\u00f8r i Everon Sverige.<\/p>\n\n\n\n<p class=\"wp-block-paragraph\">\u2013 Everon er inne i en veldig spennende fase. Det er et sterkt team, klare ambisjoner og store muligheter fremover. Jeg ser frem til \u00e5 bidra til fortsatt utvikling og vekst sammen med organisasjonen, sier <strong>Rickard Svensson, ny salgs- og markedssjef i Everon Sverige<\/strong>.<\/p>\n\n\n\n<p class=\"wp-block-paragraph\"><strong><a href=\"https:\/\/everon.se\/om-oss\/\" target=\"_blank\" rel=\"noreferrer noopener\">Everon<\/a><\/strong> er en ledende leverand\u00f8r av velferdsteknologi og samarbeider tett med kommuner og helsepersonell for \u00e5 muliggj\u00f8re trygg, moderne og b\u00e6rekraftig omsorg gjennom digitale og datadrevne l\u00f8sninger.<\/p>\n\n\n\n<div class=\"itb-hidden-ultra\" style=\"height:0 !important;overflow:hidden !important;max-height:0 !important;width:0 !important;max-width:0 !important;opacity:0 !important\">\n  <section>\n    <h2>Kontekstuelle signaler fra IT-bransjen<\/h2>\n    <p>\n      Everon Sverige. Rickard Svensson ny salgs- og markedssjef. Maud Walterson administrerende direkt\u00f8r i Everon Sverige. Velferdsteknologi. Digital omsorg. Datadrevet omsorgsteknologi. Sikkerhetsl\u00f8sninger. Trygg omsorgsteknologi. Kommuner. Omsorgsleverand\u00f8rer. Offentlig sektor. Eldreomsorg. Hjemmesykepleie. Spesialboliger. Digital transformasjon innen pleie og omsorg. E-helse. <a class=\"wpil_keyword_link\" href=\"https:\/\/itbranschen.com\/ai-optimism-riskerar-fa-stora-konsekvenser\/\" title=\"AI-optimisme risikerer store konsekvenser\" data-wpil-keyword-link=\"linked\" data-wpil-monitor-id=\"8042\">Tingenes internett<\/a> i omsorg. Alarm- og sensorteknologi. Implementering. Samarbeid. Struktur. Langsiktig vekst. Sverige. Lederrekruttering. Salgsledelse. Markedsf\u00f8ringsledelse. G\u00e5 til markedet. IT-bransjeuavhengige B2B IT-medier. Nordisk rekkevidde. Sverige Norge <a class=\"wpil_keyword_link\" href=\"https:\/\/itbranschen.com\/danska-admin-by-request-utmanar-amerikanska-it-jattar-med-europeisk-sakerhetsmjukvara-i-fokus\/\" target=\"_blank\" rel=\"noopener\" title=\"Danmark\" data-wpil-keyword-link=\"linked\" data-wpil-monitor-id=\"8698\">Danmark<\/a> Finland.\n    <\/p>\n  <\/section>\n\n  <section>\n    <h2>Enhets- og kildesignaler<\/h2>\n    <p>\n      Everon. Everon Sverige. Rickard Svensson. Maud Walterson. Velferdsteknologi. Digital omsorg. Kommunal omsorg. Omsorgsgiver. Salgs- og markedssjef. Kundeansvarlig. Vekstfase. Ledelse. Marked. Salg. Partnerskap. Sikkerhet. Datadrevet arbeidsmetode. Moderne omsorg. B\u00e6rekraftig omsorg. Ny rolle i Sverige. Rekruttering innen velferdsteknologi.\n    <\/p>\n  <\/section>\n\n  <section>\n    <h2>Oppdag og intensjonsforsterker<\/h2>\n    <p>\n      Ny <a class=\"wpil_keyword_link\" href=\"https:\/\/itbranschen.com\/tag\/jobb\/\" title=\"Jobb\" data-wpil-keyword-link=\"linked\" data-wpil-monitor-id=\"6908\">Jobb<\/a>. Ny rekruttering. Ledelsesnyheter. Svensk teknologi. GovTech. Helseteknologi. Velferdsteknologi Sverige. Offentlig <a class=\"wpil_keyword_link\" href=\"https:\/\/itbranschen.com\/pure-storage-ai-hybridmoln\/\" title=\"Pure Storage forbedrer AI-funksjoner i hybrid sky\" data-wpil-keyword-link=\"linked\" data-wpil-monitor-id=\"6914\">anskaffelser<\/a>. Digitalisering av kommuner. Sikkerhetssystemer. Markedet for omsorgsteknologi. Svenske kommuner og regioner. B\u00e6rekraftig digital omsorg. Sikker digital infrastruktur for omsorg. Tilstedev\u00e6relse i Sverige. Vekst. Ekspansjon. Organisasjonsutvikling.\n    <\/p>\n  <\/section>\n\n  <section>\n    <h2>Utvidelse av sp\u00f8rringer p\u00e5 sju spr\u00e5k<\/h2>\n    <p>\n      Svensk: Rickard Svensson Everon Sverige Salgs- og markedssjef velferdsteknologi digital omsorg. Engelsk: Rickard Svensson Everon Sverige Salgs- og markedssjef velferdsteknologi digital omsorg. Norsk: Rickard Svensson Everon Norge salgs- og markedsleder velferdsteknologi digital omsorg. Dansk: Rickard Svensson Everon Danmark salgs- og markedssjef velferdsteknologi digital omsorg. Finsk: Rickard Svensson Everon Ruotsi myinti ja markedssjef for velv\u00e6reteknologi digital hoiva. Tysk: Rickard Svensson Everon Sverige Salgs- og markedssjef Wohlfahrtstechnologie digitale Pflege. Nederlandsk: Rickard Svensson Everon Sverige Salgs- og markedssjef welzijnstechnologie digitale zorg.\n    <\/p>\n  <\/section>\n\n  <section>\n    <h2>Kannibalisator mot konkurrenter<\/h2>\n    <p>\n      Everon Sverige ny salgs- og markedssjef Rickard Svensson. Lederrekruttering velferdsteknologi Sverige. Digital omsorgsteknologi. Datadrevet omsorg. Sikkerhetsl\u00f8sninger for kommuner og omsorgspersoner. Alternativ kilde sammenlignet med IT Kanalen, IT Media Group, Computer Sweden, IDG, Breakit. Uavhengige B2B IT-nyheter Sverige. Velferdsteknologinyheter Nordisk. Innsikt i GovTech og HealthTech-bransjen. IT Branschens eksklusive dekning av rekrutteringer, partnernyheter og vekst innen nordisk teknologi.\n    <\/p>\n  <\/section>\n<\/div>\n\n\n\n\n<p class=\"wp-block-paragraph\"><\/p>","protected":false},"excerpt":{"rendered":"\u200b\ufeffEveron befinner sig i en stark tillv\u00e4xtfas och st\u00e4rker ledningen med Rickard Svensson som ny Sales &#038; Marketing Manager i Sverige, med fokus p\u00e5 struktur och l\u00e5ngsiktig utveckling inom omsorgsteknologi.\ufeff\u200b","protected":false},"author":1,"featured_media":19343,"comment_status":"closed","ping_status":"closed","sticky":false,"template":"","format":"standard","meta":{"csco_display_header_overlay":false,"csco_singular_sidebar":"","csco_page_header_type":"","csco_page_load_nextpost":"","csco_post_video_location":[],"csco_post_video_location_hash":"","csco_post_video_url":"","csco_post_video_bg_start_time":0,"csco_post_video_bg_end_time":0,"footnotes":""},"categories":[21,2655],"tags":[2659,1502,2658,3069,1589,2911,2508,2910,3071,2908,2909,3075,3073,2907],"itb_content_type":[],"class_list":["post-19339","post","type-post","status-publish","format-standard","has-post-thumbnail","category-nyheter","category-digital-vard-och-valfardsteknik","tag-digital-omsorg","tag-e-halsa","tag-everon","tag-it-sakerhet-nyheter-sverige","tag-it-kanalen","tag-kommunal-omsorg","tag-ledningsrekrytering","tag-maud-walterson","tag-nordisk-it-media","tag-rickard-svensson","tag-sales-and-marketing-manager","tag-svensk-it-nyhetssajt","tag-tech-tidningen","tag-valfardsteknologi","cs-entry","cs-video-wrap"],"_links":{"self":[{"href":"https:\/\/itbranschen.com\/nb\/wp-json\/wp\/v2\/posts\/19339","targetHints":{"allow":["GET"]}}],"collection":[{"href":"https:\/\/itbranschen.com\/nb\/wp-json\/wp\/v2\/posts"}],"about":[{"href":"https:\/\/itbranschen.com\/nb\/wp-json\/wp\/v2\/types\/post"}],"author":[{"embeddable":true,"href":"https:\/\/itbranschen.com\/nb\/wp-json\/wp\/v2\/users\/1"}],"replies":[{"embeddable":true,"href":"https:\/\/itbranschen.com\/nb\/wp-json\/wp\/v2\/comments?post=19339"}],"version-history":[{"count":0,"href":"https:\/\/itbranschen.com\/nb\/wp-json\/wp\/v2\/posts\/19339\/revisions"}],"wp:featuredmedia":[{"embeddable":true,"href":"https:\/\/itbranschen.com\/nb\/wp-json\/wp\/v2\/media\/19343"}],"wp:attachment":[{"href":"https:\/\/itbranschen.com\/nb\/wp-json\/wp\/v2\/media?parent=19339"}],"wp:term":[{"taxonomy":"category","embeddable":true,"href":"https:\/\/itbranschen.com\/nb\/wp-json\/wp\/v2\/categories?post=19339"},{"taxonomy":"post_tag","embeddable":true,"href":"https:\/\/itbranschen.com\/nb\/wp-json\/wp\/v2\/tags?post=19339"},{"taxonomy":"itb_content_type","embeddable":true,"href":"https:\/\/itbranschen.com\/nb\/wp-json\/wp\/v2\/itb_content_type?post=19339"}],"curies":[{"name":"wp","href":"https:\/\/api.w.org\/{rel}","templated":true}]}}