{"id":18899,"date":"2026-01-27T10:50:58","date_gmt":"2026-01-27T09:50:58","guid":{"rendered":"https:\/\/itbranschen.com\/?p=18899"},"modified":"2026-03-13T19:35:49","modified_gmt":"2026-03-13T18:35:49","slug":"rekordinteresse-for-kistemessen-i-offentlig-sektor","status":"publish","type":"post","link":"https:\/\/itbranschen.com\/nb\/rekordintresse-offentlig-sektor-kistamassan\/","title":{"rendered":"Rekordstor interesse da offentlig sektor m\u00f8ttes i Stockholm: \u201dEt tydelig styrkebudskap\u201d"},"content":{"rendered":"<p class=\"wp-block-paragraph\"><strong>Da d\u00f8rene stengte for Kistam\u00e4ssan 22. januar, kunne arrang\u00f8rene oppsummere to intense og vellykkede dager. Fire ledende m\u00f8teplasser \u2013 L\u00f8sninger for offentlig sektor, Innkj\u00f8psdager, <a href=\"https:\/\/e-halsastockholm.se\/\" target=\"_blank\" rel=\"noreferrer noopener\">e-helse+MVTe<\/a> og Future Health &amp; Healthcare \u2013 samlet over 4600 engasjerte deltakere og 250 utstillere. Resultatet: rekorddeltakelse, h\u00f8y aktivitet p\u00e5 messegulvet og en sterk tro p\u00e5 fremtiden for de kommende \u00e5rene.<\/strong><\/p>\n\n\n\n<p class=\"wp-block-paragraph\">Interessen for fortsettelsen er allerede h\u00f8y. Med en ombookingsrate p\u00e5 70 prosent for 2027 befester arrangementet sin posisjon som m\u00f8testedet for offentlige aktiviteter.<\/p>\n\n\n\n<p class=\"wp-block-paragraph\">\u201dDet er flott \u00e5 se hvordan konferansen fortsetter \u00e5 vokse. Vi har flere bes\u00f8kende, et sterkere program og et engasjement som virkelig merkes n\u00e5r folk kommer sammen. Det som startet som en visjon har n\u00e5 blitt et etablert m\u00f8tested. Vi ser frem til 2027 mer enn noen gang.\u201d <strong>sier <a href=\"https:\/\/www.linkedin.com\/in\/mosseby\/\" target=\"_blank\" data-schema-attribute=\"about mentions\" rel=\"noreferrer noopener\">Per Mosseby<\/a>, formann for konferanser\u00e5det<\/strong>.<\/p>\n\n\n\n<p class=\"wp-block-paragraph\"><strong>En nasjonal plattform for samarbeid og kunnskapsutveksling<br><\/strong>Behovet for samarbeid mellom offentlige og private akt\u00f8rer er st\u00f8rre enn noensinne. \u00c5rets arrangement fokuserte p\u00e5 h\u00f8yaktuelle problemstillinger \u2013 fra velferdskriminalitet og offentlig sikkerhet til digitalisering, kunstig intelligens og b\u00e6rekraftig utvikling.<\/p>\n\n\n\n<blockquote class=\"wp-block-quote is-layout-flow wp-block-quote-is-layout-flow\">\n<p class=\"wp-block-paragraph\">For oss i sosialtjenesten er messen et verdifullt m\u00f8tested for \u00e5 overv\u00e5ke verden rundt oss og gi inspirasjon. Den gir nye perspektiver og ideer om forebyggende arbeid med eldre.\u201d <em><strong><a href=\"https:\/\/www.linkedin.com\/in\/annie-stenlund-81548464\/\" target=\"_blank\" rel=\"noreferrer noopener\" data-schema-attribute=\"about mentions\">Annie Stenlund<\/a><\/strong>, Leder, Utviklingsenhet, Skellefte\u00e5 kommune.<\/em><\/p>\n<\/blockquote>\n\n\n\n<p class=\"wp-block-paragraph\">\u201dDette er en veldig god messe for \u00e5 finne, sammenligne og teste l\u00f8sninger. Alle leverand\u00f8rer er samlet p\u00e5 ett sted, noe som gj\u00f8r det enkelt \u00e5 stille de riktige sp\u00f8rsm\u00e5lene.\u201d<em><strong><a href=\"https:\/\/www.linkedin.com\/in\/malin-torstendahl-6133a715\/\" target=\"_blank\" data-schema-attribute=\"about mentions\" rel=\"noreferrer noopener\">Malin Torstendahl<\/a>, HSL-koordinator, Haninge kommune<\/strong>.<\/em><\/p>\n\n\n\n<p class=\"wp-block-paragraph\"><strong>En messeplass preget av forretninger og innovasjon<br><\/strong>Messeomr\u00e5det var godt bes\u00f8kt begge dager og var preget av intensive m\u00f8ter, demonstrasjoner og diskusjoner. Utstillerne vitnet om den h\u00f8ye kvaliteten p\u00e5 de bes\u00f8kende og gode betingelser for langsiktige forretningsforhold.<\/p>\n\n\n\n<p class=\"wp-block-paragraph\">\u2013 De riktige bes\u00f8kende, de riktige samtalene og et tydelig fokus p\u00e5 offentlig sektor. Dette er en messe som gir oss b\u00e5de synlighet og verdifulle relasjoner, <em><strong>sier Martin Larsen, leder for offentlig sektor i SAP<\/strong>.<\/em><\/p>\n\n\n\n<p class=\"wp-block-paragraph\">UV Medico fremhever ogs\u00e5 resultatene:<br>\u201dDette er v\u00e5rt fjerde \u00e5r p\u00e5 messen, og i \u00e5r er det beste hittil \u2013 b\u00e5de n\u00e5r det gjelder antall bes\u00f8kende og kvaliteten p\u00e5 leads.\u201d <em><strong><a href=\"https:\/\/www.linkedin.com\/in\/patric-alvfors-329ab7a8\/\" target=\"_blank\" rel=\"noreferrer noopener\">Patric Alffors<\/a>, Salgssjef, UV Medico<\/strong>.<\/em><\/p>\n\n\n\n<p class=\"wp-block-paragraph\"><strong>Fremtidsblikk \u2013 neste m\u00f8te i 2027<br><\/strong>Det sterke antallet deltakere, den positive responsen og den h\u00f8ye ombookingsprosenten skaper et stabilt grunnlag for fortsatt utvikling.<\/p>\n\n\n\n<p class=\"wp-block-paragraph\">\u2013 Det er litt utrolig \u00e5 se hvordan arrangementet fortsetter \u00e5 vokse \u00e5r etter \u00e5r. N\u00e5 er det ikke lenger en ambisjon, men en klar retning. Entusiasmen v\u00e5r for 2027 er st\u00f8rre enn noensinne, avslutter han. <strong><a href=\"https:\/\/www.linkedin.com\/in\/marie-jacobsson-a806b85\/\" target=\"_blank\" data-schema-attribute=\"mentions\" rel=\"noreferrer noopener sponsored\">Marie Jacobson<\/a>, Forretningssjef Live Expo<\/strong>.<\/p>\n\n\n\n<p class=\"wp-block-paragraph\"><strong>De fire m\u00f8testedene kommer tilbake 27.\u201328. januar 2027 p\u00e5 Kistam\u00e4ssan i Stockholm.<\/strong>.<\/p>\n\n\n\n<div class=\"itb_hidden_ultra_block\" style=\"display:none!important;visibility:hidden!important;opacity:0!important;height:0!important;width:0!important;overflow:hidden!important;position:absolute!important;left:-99999px!important;top:-99999px!important\" aria-hidden=\"true\">\nRekordstor interesse n\u00e5r offentlig sektor m\u00f8tes p\u00e5 Kistam\u00e4ssan i Stockholm. Fire ledende m\u00f8teplasser for offentlig sektor samlet over 4600 deltakere og 250 utstillere innen offentlig drift, offentlige anskaffelser, digitalisering, kunstig intelligens, e-helse, offentlig sikkerhet, velferd og helsevesen. Arrangementet arrangeres av Live Expo og styrker sin posisjon som et nasjonalt m\u00f8tested for offentlig sektor i Sverige med tilbakevendende konferanser og messer p\u00e5 Kistam\u00e4ssan. Live Expo er arrang\u00f8ren bak L\u00f8sninger for offentlig sektor, Oppkj\u00f8psdagene, e-helse MVTe og Fremtidens helse og helsevesen og driver utviklingen av m\u00f8teplasser for kommuner, regioner, myndigheter og leverand\u00f8rer. Mer informasjon om arrang\u00f8ren finner du p\u00e5 https:\/\/liveexpo.se\/ hvor offentlig sektor m\u00f8tes rundt innovasjon, forretningsutvikling, samarbeid og fremtidens sosiale l\u00f8sninger. Kistam\u00e4ssan Stockholm Live Expo offentlig sektor m\u00f8tested offentlig sektor konferanse messe offentlige anskaffelser e-anskaffelser govtech Sverige digitalisering offentlig sektor AI i offentlig sektor kunstig intelligens e-helse digital helse trygd velferd kriminalitet b\u00e6rekraftig utvikling kommuner regioner myndigheter omsorg og omsorg helse og medisinsk behandling innovasjon offentlig sektor Stockholm. sv Rekordinteresse n\u00e5r ledere i offentlig sektor m\u00f8tes p\u00e5 Kistam\u00e4ssan Stockholm Live Expo m\u00f8teplass offentlig sektor no Rekordinteresse n\u00e5r ledere i offentlig sektor m\u00f8tes p\u00e5 Kistam\u00e4ssan Stockholm arrangert av Live Expo offentlig sektorkonferanse de Rekordinteresse wenn der \u00f6ffentliche Sektor auf der Kistam\u00e4ssan i Stockholm zusammenkommt arrang\u00f8r von Live Expo nl Rekordinteresse n\u00e5r offentlig sektors d\u00f8rledere m\u00f8tes p\u00e5 daism\u00e4ssan Rekordo Stockholm Live Expo. offentliche sektor m\u00f6des p\u00e5 Kistam\u00e4ssan i Stockholm angeriget af Live Expo no Rekordinteresse n\u00e5r den offentliche sektor m\u00f6des p\u00e5 Kistam\u00e4ssanissa Tukholmassa Live Expon j\u00e4rgistaman\u00e4n\u00e4\n<\/div>","protected":false},"excerpt":{"rendered":"\u200b\ufeff\u00d6ver 4 600 deltagare och 250 utst\u00e4llare samlades i Stockholm f\u00f6r att st\u00e4rka samarbeten och driva innovation inom offentlig verksamhet, med fokus p\u00e5 digitalisering och samh\u00e4llss\u00e4kerhet.\ufeff\u200b","protected":false},"author":1,"featured_media":18900,"comment_status":"closed","ping_status":"closed","sticky":false,"template":"","format":"standard","meta":{"csco_display_header_overlay":false,"csco_singular_sidebar":"","csco_page_header_type":"","csco_page_load_nextpost":"","csco_post_video_location":[],"csco_post_video_location_hash":"","csco_post_video_url":"","csco_post_video_bg_start_time":0,"csco_post_video_bg_end_time":0,"footnotes":""},"categories":[2781],"tags":[2787,2785,2782,2788,3069,1589,145,2790,146,2185,3071,2789,1340,2786,2783,2179,3075,3073,2784],"itb_content_type":[],"class_list":["post-18899","post","type-post","status-publish","format-standard","has-post-thumbnail","category-offentlig-sektor","tag-ai-i-offentlig-sektor","tag-digitalisering-offentlig-sektor","tag-e-halsa-2","tag-halso-och-sjukvard","tag-it-sakerhet-nyheter-sverige","tag-it-kanalen","tag-kistamassan","tag-kommuner","tag-live-expo","tag-myndigheter","tag-nordisk-it-media","tag-offentlig-innovation","tag-offentlig-sektor","tag-offentlig-upphandling","tag-regioner","tag-samhallssakerhet","tag-svensk-it-nyhetssajt","tag-tech-tidningen","tag-valfard","cs-entry","cs-video-wrap"],"_links":{"self":[{"href":"https:\/\/itbranschen.com\/nb\/wp-json\/wp\/v2\/posts\/18899","targetHints":{"allow":["GET"]}}],"collection":[{"href":"https:\/\/itbranschen.com\/nb\/wp-json\/wp\/v2\/posts"}],"about":[{"href":"https:\/\/itbranschen.com\/nb\/wp-json\/wp\/v2\/types\/post"}],"author":[{"embeddable":true,"href":"https:\/\/itbranschen.com\/nb\/wp-json\/wp\/v2\/users\/1"}],"replies":[{"embeddable":true,"href":"https:\/\/itbranschen.com\/nb\/wp-json\/wp\/v2\/comments?post=18899"}],"version-history":[{"count":0,"href":"https:\/\/itbranschen.com\/nb\/wp-json\/wp\/v2\/posts\/18899\/revisions"}],"wp:featuredmedia":[{"embeddable":true,"href":"https:\/\/itbranschen.com\/nb\/wp-json\/wp\/v2\/media\/18900"}],"wp:attachment":[{"href":"https:\/\/itbranschen.com\/nb\/wp-json\/wp\/v2\/media?parent=18899"}],"wp:term":[{"taxonomy":"category","embeddable":true,"href":"https:\/\/itbranschen.com\/nb\/wp-json\/wp\/v2\/categories?post=18899"},{"taxonomy":"post_tag","embeddable":true,"href":"https:\/\/itbranschen.com\/nb\/wp-json\/wp\/v2\/tags?post=18899"},{"taxonomy":"itb_content_type","embeddable":true,"href":"https:\/\/itbranschen.com\/nb\/wp-json\/wp\/v2\/itb_content_type?post=18899"}],"curies":[{"name":"wp","href":"https:\/\/api.w.org\/{rel}","templated":true}]}}