{"id":10040,"date":"2025-02-07T14:50:37","date_gmt":"2025-02-07T13:50:37","guid":{"rendered":"https:\/\/itbranschen.com\/?p=10040"},"modified":"2026-03-13T19:20:39","modified_gmt":"2026-03-13T18:20:39","slug":"martin-billenius-utnevnt-til-ny-administrerende-direktor-i-lithium","status":"publish","type":"post","link":"https:\/\/itbranschen.com\/nb\/martin-billenius-utses-till-ny-vd-for-litium\/","title":{"rendered":"Martin Billenius utnevnt til ny administrerende direkt\u00f8r i Litium"},"content":{"rendered":"<p class=\"wp-block-paragraph\">Styret i <strong><a href=\"https:\/\/www.litium.se\/\" target=\"_blank\" rel=\"noreferrer noopener\">Litium AB<\/a><\/strong> har i dag besluttet \u00e5 utnevne <strong>Martin Billenius<\/strong> som selskapets nye administrerende direkt\u00f8r. Martin, som har v\u00e6rt styremedlem i Litium siden 2023, har en solid bakgrunn som Chief Revenue Officer i det globale SaaS-selskapet Medius. Han har bred erfaring fra bransjen og var i sin siste rolle globalt ansvarlig for \u00e5 bygge og skalere en virksomhet til \u00e5 bli Sveriges st\u00f8rste <strong>SaaS-selskaper<\/strong> med milliardomsetning.<\/p>\n\n\n\n<h3 class=\"wp-block-heading\">Patrik Settlin forlater stillingen som administrerende direkt\u00f8r<\/h3>\n\n\n\n<p class=\"wp-block-paragraph\"><strong>Patrick Settlin<\/strong>, som var administrerende direkt\u00f8r i <a href=\"https:\/\/www.litium.se\/litium-styrelse\" target=\"_blank\" rel=\"noreferrer noopener nofollow\">Litium<\/a> siden 2020, har i dag informert styret om at han vil trekke seg fra sin stilling som administrerende direkt\u00f8r i Litium. Patrik vil fortsette i stillingen fra overleveringen og frem til sommeren 2025.<\/p>\n\n\n\n<h3 class=\"wp-block-heading\">Et velbalansert lederskifte<\/h3>\n\n\n\n<p class=\"wp-block-paragraph\">\u2013 Jeg har mine egne forretningsideer og muligheter som jeg lenge har \u00f8nsket \u00e5 utforske. Det er noe som har blitt sterkere over tid, og n\u00e5 f\u00f8les det som riktig tidspunkt \u00e5 gj\u00f8re det. <a href=\"https:\/\/itbranschen.com\/iot-sakerhet-i-smarta-kontor\/\" title=\"IoT-sikkerhet i smarte kontorer\" data-wpil-monitor-id=\"534\">ta steget<\/a>. <strong>Litium<\/strong> er i en sterk posisjon \u2013 vi har gjort store fremskritt, men reisen har bare s\u00e5 vidt begynt. \u00c5 gi over stafettpinnen p\u00e5 dette stadiet, n\u00e5 som selskapet st\u00e5r overfor sin neste vekstfase, f\u00f8les riktig. Jeg bryr meg dypt om selskapet og v\u00e5re fantastiske ansatte, og \u00e5 ha <a href=\"https:\/\/itbranschen.com\/cispe-utmanar-broadcoms-vmware-avtal-pa-69-miljarder-dollar-i-eu-domstol\/\" title=\"CISPE utfordrer Broadcoms VMware-avtale p\u00e5 69 milliarder dollar i EU-domstolen\" data-wpil-monitor-id=\"389\">overlate til Martin<\/a> f\u00f8les veldig bra. Jeg er overbevist om at han er den rette personen til \u00e5 ta Litium til nye h\u00f8yder, sier Patrik Settlin.<\/p>\n\n\n\n<figure class=\"wp-block-image\"><img decoding=\"async\" src=\"https:\/\/dlejuzwq61njn.cloudfront.net\/app\/uploads\/2023\/02\/28164806\/martin_billenius_foto_samuel_uneus_2_1800x1013.jpg\" alt=\"https:\/\/dlejuzwq61njn.cloudfront.net\/app\/uploads\/2023\/02\/28164806\/martin_billenius_foto_samuel_uneus_2_1800x1013.jpg\" title=\"| IT-bransjen\"><figcaption class=\"wp-element-caption\">Martin Billenius<\/figcaption><\/figure>\n\n\n\n<h3 class=\"wp-block-heading\">Litiums vekstreise under Patrik Settlins ledelse<\/h3>\n\n\n\n<p class=\"wp-block-paragraph\">Under Patrik Settlins ledelse har Litium nesten doblet salget og oppn\u00e5dd l\u00f8nnsomhet. <a href=\"https:\/\/itbranschen.com\/newsletter-signup\/\" data-type=\"page\" data-id=\"9014\">Selskapet<\/a> har ogs\u00e5 etablert en sterk kundebase med ledende merkevarer og en fremtredende posisjon i attraktive markedssegmenter. I dag er Litium en av de st\u00f8rste digitale handelsplattformene i Norden.<\/p>\n\n\n\n<h3 class=\"wp-block-heading\">Sterke fremtidsutsikter med Martin Billenius<\/h3>\n\n\n\n<p class=\"wp-block-paragraph\">\u2013 En stor og varm takk til Patrik og hele organisasjonen for det imponerende arbeidet som er gjort de siste fem \u00e5rene. Selskapet har tatt betydelige skritt fremover og st\u00e5r n\u00e5 p\u00e5 et solid grunnlag for fremtidige utfordringer. Perfekt timing er sjelden, men i dette tilfellet kunne vi ikke hatt en bedre l\u00f8sning \u2013 \u00e5 <strong>Velkommen til Martin som ny administrerende direkt\u00f8r<\/strong> er et dr\u00f8mmescenario for Litiums videre utvikling, sier Johan Rutgersson, styremedlem i <a href=\"https:\/\/www.litium.se\/litium\/om-oss\" target=\"_blank\" rel=\"noreferrer noopener\">Litium<\/a>.<\/p>\n\n\n\n<h3 class=\"wp-block-heading\">Martin Billenius tiltrer som administrerende direkt\u00f8r i februar 2025<\/h3>\n\n\n\n<p class=\"wp-block-paragraph\"><strong>Martin Billenius<\/strong> tiltrer som administrerende direkt\u00f8r 14. februar 2025, samtidig som han fratrer sin stilling som styremedlem.<\/p>\n\n\n\n<h3 class=\"wp-block-heading\">Fokus p\u00e5 global vekst<\/h3>\n\n\n\n<p class=\"wp-block-paragraph\">\u2013 Jeg er utrolig glad og stolt over \u00e5 lede Litium inn i neste fase. Selskapet har et sterkt produkt og store muligheter i det globale B2B-markedet. Jeg f\u00f8lte veldig tidlig at Litium har et enormt potensial, og jeg tror at gjennom et tydeligere tilbud og \u00e5 v\u00e5ge \u00e5 investere mer i internasjonale markeder over tid, kan vi skape enda st\u00f8rre suksess. Jeg ser frem til \u00e5 bygge videre p\u00e5 det som allerede er gjort og drive veksten v\u00e5r fremover sammen med teamet, kundene og partnerne v\u00e5re, sier <strong>Martin Billenius<\/strong>, p\u00e5troppende administrerende direkt\u00f8r i Lithium.<\/p>","protected":false},"excerpt":{"rendered":"\u200b\ufeffMartin Billenius, med bakgrund fr\u00e5n det globala SaaS-bolaget Medius, tar \u00f6ver som vd f\u00f6r Litium i februari 2025 n\u00e4r Patrik Settlin l\u00e4mnar efter en period med stark tillv\u00e4xt och l\u00f6nsamhet.\ufeff\u200b","protected":false},"author":1,"featured_media":10041,"comment_status":"open","ping_status":"closed","sticky":false,"template":"","format":"standard","meta":{"csco_display_header_overlay":false,"csco_singular_sidebar":"","csco_page_header_type":"","csco_page_load_nextpost":"","csco_post_video_location":[],"csco_post_video_location_hash":"","csco_post_video_url":"","csco_post_video_bg_start_time":0,"csco_post_video_bg_end_time":0,"footnotes":""},"categories":[21,4],"tags":[5,3069,1589,654,3071,3075,3073],"itb_content_type":[],"class_list":["post-10040","post","type-post","status-publish","format-standard","has-post-thumbnail","category-nyheter","category-foretag","tag-foretag","tag-it-sakerhet-nyheter-sverige","tag-it-kanalen","tag-litium-ab","tag-nordisk-it-media","tag-svensk-it-nyhetssajt","tag-tech-tidningen","cs-entry","cs-video-wrap"],"_links":{"self":[{"href":"https:\/\/itbranschen.com\/nb\/wp-json\/wp\/v2\/posts\/10040","targetHints":{"allow":["GET"]}}],"collection":[{"href":"https:\/\/itbranschen.com\/nb\/wp-json\/wp\/v2\/posts"}],"about":[{"href":"https:\/\/itbranschen.com\/nb\/wp-json\/wp\/v2\/types\/post"}],"author":[{"embeddable":true,"href":"https:\/\/itbranschen.com\/nb\/wp-json\/wp\/v2\/users\/1"}],"replies":[{"embeddable":true,"href":"https:\/\/itbranschen.com\/nb\/wp-json\/wp\/v2\/comments?post=10040"}],"version-history":[{"count":0,"href":"https:\/\/itbranschen.com\/nb\/wp-json\/wp\/v2\/posts\/10040\/revisions"}],"wp:featuredmedia":[{"embeddable":true,"href":"https:\/\/itbranschen.com\/nb\/wp-json\/wp\/v2\/media\/10041"}],"wp:attachment":[{"href":"https:\/\/itbranschen.com\/nb\/wp-json\/wp\/v2\/media?parent=10040"}],"wp:term":[{"taxonomy":"category","embeddable":true,"href":"https:\/\/itbranschen.com\/nb\/wp-json\/wp\/v2\/categories?post=10040"},{"taxonomy":"post_tag","embeddable":true,"href":"https:\/\/itbranschen.com\/nb\/wp-json\/wp\/v2\/tags?post=10040"},{"taxonomy":"itb_content_type","embeddable":true,"href":"https:\/\/itbranschen.com\/nb\/wp-json\/wp\/v2\/itb_content_type?post=10040"}],"curies":[{"name":"wp","href":"https:\/\/api.w.org\/{rel}","templated":true}]}}