{"id":33248,"date":"2026-09-02T09:21:24","date_gmt":"2026-09-02T07:21:24","guid":{"rendered":"https:\/\/itbranschen.com\/?p=33248"},"modified":"2026-09-02T09:21:47","modified_gmt":"2026-09-02T07:21:47","slug":"bitzero-vertiv-ai-datacenter","status":"publish","type":"post","link":"https:\/\/itbranschen.com\/fi\/bitzero-vertiv-ai-datacenter\/","title":{"rendered":"Bitzero st\u00e4rker teknisk kapacitet och leveranskedja i samarbete med Vertiv"},"content":{"rendered":"<p class=\"wp-block-paragraph\"><strong>Samarbetet bygger vidare p\u00e5 Bitzeros v\u00e4xande n\u00e4tverk av ledande infrastruktur- och teknikpartners<\/strong><\/p>\n\n\n\n<p class=\"wp-block-paragraph\"><a href=\"https:\/\/itbranschen.com\/tag\/bitzero\/\" data-type=\"post_tag\" data-id=\"8603\">Bitzero<\/a>, en leverant\u00f6r av h\u00e5llbar h\u00f6gpresterande datorkapacitet (HPC) och AI-datacenterinfrastruktur, meddelar i dag ett samarbete med Vertiv, en global ledare inom kritisk digital infrastruktur. Samarbetet st\u00e4rker ytterligare Bitzeros v\u00e4xande n\u00e4tverk av tekniska partners och leverant\u00f6rer som st\u00f6djer leveransen av n\u00e4sta generations datacenterinfrastruktur.<\/p>\n\n\n\n<p class=\"wp-block-paragraph\">Vertiv \u00e4r det senaste tillskottet bland Bitzeros partnerskap och bidrar med bred kunskap inom str\u00f6mf\u00f6rs\u00f6rjning, kylning och infrastruktur f\u00f6r att st\u00f6dja byggandet av AI-, HPC- och storskaliga datacenter. Samarbetet ger Bitzero tillg\u00e5ng till bepr\u00f6vad teknik som kan hj\u00e4lpa till att snabba upp projekt och m\u00f6ta krav p\u00e5 prestanda, effektivitet och skalbarhet.<\/p>\n\n\n\n<p class=\"wp-block-paragraph\">Vertivs teknik och expertis v\u00e4ntas bli en central del av Bitzeros plattform, med global kompetens inom str\u00f6mf\u00f6rs\u00f6rjning och kylning \u2013 inklusive avancerad flytande kylning som kr\u00e4vs i moderna AI- och HPC-milj\u00f6er. I takt med att serverdensiteten \u00f6kar och kundernas behov f\u00f6r\u00e4ndras blir integrerade och modul\u00e4ra infrastrukturl\u00f6sningar allt viktigare f\u00f6r att bygga ut robust, skalbar och effektiv digital infrastruktur \u2013 och hj\u00e4lpa kunder att snabba upp drifts\u00e4ttningen och minska time to token.<\/p>\n\n\n\n<p class=\"wp-block-paragraph\">Samarbetet speglar Bitzeros fortsatta arbete med att bygga ett n\u00e4tverk av ledande akt\u00f6rer inom teknisk design, projektgenomf\u00f6rande och leveranskedjan. Genom att f\u00f6rdjupa relationerna med specialiserade infrastrukturleverant\u00f6rer rustar sig bolaget f\u00f6r att leverera h\u00f6gpresterande datormilj\u00f6er som m\u00f6ter kraven fr\u00e5n hyperscale, AI och andra avancerade till\u00e4mpningar.<\/p>\n\n\n\n<p class=\"wp-block-paragraph\">\u2013 Bitzero bygger upp ett ekosystem av ledande leverant\u00f6rer inom varje kritiskt omr\u00e5de av uppbyggnad av datacenter. I linje med v\u00e5ra tidigare samarbeten st\u00e4rker och f\u00f6rdjupar Vertiv v\u00e5r tekniska kapacitet inom kraftf\u00f6rs\u00f6rjning, kylning och infrastruktur \u2013 samtidigt som det f\u00f6rb\u00e4ttrar v\u00e5r leveranskedja n\u00e4r vi forts\u00e4tter att utveckla v\u00e5r plattform f\u00f6r hyperscale-, AI- och HPC-till\u00e4mpningar, <strong>s\u00e4ger <a href=\"https:\/\/www.linkedin.com\/in\/mohammed-bakhashwain-486aa5362\/\" target=\"_blank\" data-schema-attribute=\"mentions\" rel=\"noreferrer noopener sponsored\">Mohammed Bakhashwain<\/a>, grundare och vd f\u00f6r Bitzero<\/strong>.<\/p>\n\n\n\n<p class=\"wp-block-paragraph\">\u2013 F\u00f6r att lyckas skala upp AI kr\u00e4vs mer \u00e4n avancerad ber\u00e4kningskraft \u2013 det kr\u00e4vs en helt\u00e4ckande infrastruktur som klarar allt h\u00f6gre krav p\u00e5 kraftf\u00f6rs\u00f6rjning och kylning. Vertiv har decennier av erfarenhet inom kritisk digital infrastruktur och hj\u00e4lper organisationer att drifts\u00e4tta och driva de kraft- och kylsystem som ligger till grund f\u00f6r AI- och HPC-milj\u00f6er. Det bidrar till att p\u00e5skynda AI-beredskapen och ge snabbare time to token-resultat. Vi \u00e4r glada att st\u00f6dja Mohammed och Bitzero-teamet n\u00e4r bolaget ut\u00f6kar sina m\u00f6jligheter f\u00f6r att m\u00f6ta en v\u00e4xande efterfr\u00e5gan, <strong>s\u00e4ger <a href=\"https:\/\/www.linkedin.com\/in\/paulmryan\/\" target=\"_blank\" data-schema-attribute=\"mentions\" rel=\"noreferrer noopener sponsored\">Paul Ryan<\/a>, president f\u00f6r Europa, Mellan\u00f6stern och Afrika (EMEA) p\u00e5 Vertiv<\/strong>.<\/p>\n\n\n\n<p class=\"wp-block-paragraph\">I takt med att Bitzero forts\u00e4tter att utveckla sin strategi fokuserar bolaget p\u00e5 att samla r\u00e4tt expertis, infrastrukturleverant\u00f6rer och leveranskapacitet f\u00f6r att st\u00f6dja l\u00e5ngsiktig tillv\u00e4xt inom sin projektportf\u00f6lj.<\/p>\n\n\n\n<h2 class=\"wp-block-heading\">Om Bitzero Holdings Inc.<\/h2>\n\n\n\n<p class=\"wp-block-paragraph\"><strong><a href=\"https:\/\/bitzero.com\/\" target=\"_blank\" rel=\"noreferrer noopener\">Bitzero Holdings Inc<\/a><\/strong>. (Nasdaq: AIBZ) (CSE: AIBZ.U) (FSE:000) \u00e4r en leverant\u00f6r av IT-energiinfrastruktur och h\u00f6geffektiv kraft f\u00f6r datacenter. Bolaget fokuserar p\u00e5 datacenterutveckling, h\u00f6gpresterande datorkapacitet (HPC) och strategiska partnerskapsavtal f\u00f6r datacenterhosting. Bitzero Holdings Inc. \u00e4ger fyra datacenteranl\u00e4ggningar i Nordamerika<\/p>\n\n\n\n<p class=\"wp-block-paragraph\"><\/p>","protected":false},"excerpt":{"rendered":"\u200b\ufeffBitzero samarbetar med Vertiv f\u00f6r att f\u00f6rb\u00e4ttra sin tekniska kapacitet och leveranskedja, med fokus p\u00e5 avancerade l\u00f6sningar f\u00f6r str\u00f6mf\u00f6rs\u00f6rjning och kylning i AI- och HPC-datacenter.\ufeff\u200b","protected":false},"author":1,"featured_media":33251,"comment_status":"closed","ping_status":"closed","sticky":false,"template":"","format":"standard","meta":{"csco_display_header_overlay":false,"csco_singular_sidebar":"","csco_page_header_type":"","csco_page_load_nextpost":"","csco_post_video_location":[],"csco_post_video_location_hash":"","csco_post_video_url":"","csco_post_video_bg_start_time":0,"csco_post_video_bg_end_time":0,"footnotes":""},"categories":[1834,47],"tags":[24,5738,8603,125,5743,899,8604,5,1395,1832,5082,1768,2916,3069,751,215,1589,2628,1731,7203,3071,89,3075,8,3073,340],"itb_content_type":[8305],"class_list":["post-33248","post","type-post","status-publish","format-standard","has-post-thumbnail","category-datacenter","category-artificiell-intelligens","tag-ai","tag-ai-datacenter-2","tag-bitzero","tag-datacenter","tag-datacenterinfrastruktur","tag-emea","tag-flytande-kylning","tag-foretag","tag-hallbar-it","tag-hpc","tag-hyperscale","tag-it-branschen-2","tag-it-kanalen-2","tag-it-sakerhet-nyheter-sverige","tag-it-branschen","tag-it-infrastruktur","tag-it-kanalen","tag-kraftforsorjning","tag-kritisk-infrastruktur","tag-liquid-cooling","tag-nordisk-it-media","tag-nyheter","tag-svensk-it-nyhetssajt","tag-sverige","tag-tech-tidningen","tag-vertiv","cs-entry","cs-video-wrap"],"_links":{"self":[{"href":"https:\/\/itbranschen.com\/fi\/wp-json\/wp\/v2\/posts\/33248","targetHints":{"allow":["GET"]}}],"collection":[{"href":"https:\/\/itbranschen.com\/fi\/wp-json\/wp\/v2\/posts"}],"about":[{"href":"https:\/\/itbranschen.com\/fi\/wp-json\/wp\/v2\/types\/post"}],"author":[{"embeddable":true,"href":"https:\/\/itbranschen.com\/fi\/wp-json\/wp\/v2\/users\/1"}],"replies":[{"embeddable":true,"href":"https:\/\/itbranschen.com\/fi\/wp-json\/wp\/v2\/comments?post=33248"}],"version-history":[{"count":0,"href":"https:\/\/itbranschen.com\/fi\/wp-json\/wp\/v2\/posts\/33248\/revisions"}],"wp:featuredmedia":[{"embeddable":true,"href":"https:\/\/itbranschen.com\/fi\/wp-json\/wp\/v2\/media\/33251"}],"wp:attachment":[{"href":"https:\/\/itbranschen.com\/fi\/wp-json\/wp\/v2\/media?parent=33248"}],"wp:term":[{"taxonomy":"category","embeddable":true,"href":"https:\/\/itbranschen.com\/fi\/wp-json\/wp\/v2\/categories?post=33248"},{"taxonomy":"post_tag","embeddable":true,"href":"https:\/\/itbranschen.com\/fi\/wp-json\/wp\/v2\/tags?post=33248"},{"taxonomy":"itb_content_type","embeddable":true,"href":"https:\/\/itbranschen.com\/fi\/wp-json\/wp\/v2\/itb_content_type?post=33248"}],"curies":[{"name":"wp","href":"https:\/\/api.w.org\/{rel}","templated":true}]}}