{"id":33233,"date":"2026-09-02T08:56:30","date_gmt":"2026-09-02T06:56:30","guid":{"rendered":"https:\/\/itbranschen.com\/?p=33233"},"modified":"2026-09-02T09:02:11","modified_gmt":"2026-09-02T07:02:11","slug":"searchlight-sijoittaa-aderian-groupiin","status":"publish","type":"post","link":"https:\/\/itbranschen.com\/fi\/searchlight-investerar-aderian-group\/","title":{"rendered":"Searchlight sijoittaa Aderian Groupiin \u2013 vauhdittaakseen Pohjoismaiden laajentumista"},"content":{"rendered":"<p class=\"wp-block-paragraph\"><strong>Globaali sijoitusyhti\u00f6 Searchlight Capital Partners sijoittaa ruotsalaiseen Aderian Groupiin. Sijoitus antaa IT-konsernille uusia resursseja jatkuvaan laajentumiseen Pohjoismaissa, ja Aderian aikoo vahvistaa tarjontaansa muun muassa kyberturvallisuuden, teko\u00e4lyn, analytiikan ja pilvipalveluiden aloilla.<\/strong><\/p>\n\n\n\n<p class=\"wp-block-paragraph\">Searchlight Capital Partners on ilmoittanut investoivansa Aderian Groupiin, pohjoismaiseen IT-palveluiden tarjoajaan, jolla on yli 10 000 pient\u00e4 ja keskisuurta yritysasiakasta Ruotsissa ja Norjassa.<\/p>\n\n\n\n<p class=\"wp-block-paragraph\">Transaktion yhteydess\u00e4 Aderianin johto investoi uudelleen yhti\u00f6\u00f6n ja jatkaa merkitt\u00e4vin\u00e4 osakkeenomistajina yhdess\u00e4 Searchlightin kanssa.<\/p>\n\n\n\n<p class=\"wp-block-paragraph\">Investointi on seuraava askel Aderianin nopealla kasvumatkalla, joka perustamisestaan vuonna 2022 l\u00e4htien on kasvanut noin <strong>2,5 miljardin Ruotsin kruunun liikevaihto, yli 850 ty\u00f6ntekij\u00e4\u00e4 ja yli 10 000 asiakasta<\/strong> Ruotsissa ja Norjassa.<\/p>\n\n\n\n<h2 class=\"wp-block-heading\">Yli 30 yritysostoa perustamisestaan l\u00e4htien<\/h2>\n\n\n\n<p class=\"wp-block-paragraph\"><a href=\"https:\/\/itbranschen.com\/tag\/aderian-group\/\" data-type=\"post_tag\" data-id=\"8600\">Adrian<\/a> tarjoaa palveluita ja ratkaisuja muun muassa pilvipalveluissa, kyberturvallisuudessa, teko\u00e4lyss\u00e4 ja analytiikassa, verkostoitumisessa, IT-toiminnassa ja nykyaikaisissa digitaalisissa ty\u00f6paikoissa.<\/p>\n\n\n\n<p class=\"wp-block-paragraph\">Kasvu on tapahtunut sek\u00e4 orgaanisesti ett\u00e4 laajan yritysostostrategian kautta. Perustamisestaan l\u00e4htien konserni on toteuttanut <strong>yli 30 strategista yritysostoa<\/strong>.<\/p>\n\n\n\n<p class=\"wp-block-paragraph\">Aiemmin vuonna 2026 Aderian tuli my\u00f6s Norjan markkinoille ostamalla viisi norjalaista IT-yrityst\u00e4.<\/p>\n\n\n\n<p class=\"wp-block-paragraph\">Searchlightin my\u00f6t\u00e4 uutena sijoittajana on suunnitelmana jatkaa konsernin palvelutarjonnan kehitt\u00e4mist\u00e4, mukaan lukien <strong>kyberturvallisuus, teko\u00e4ly ja analytiikka<\/strong>, ja kiihdytt\u00e4\u00e4 laajentumista Pohjoismaissa sek\u00e4 orgaanisen kasvun ett\u00e4 uusien strategisten yritysostojen avulla.<\/p>\n\n\n\n<h2 class=\"wp-block-heading\">Tavoitteena johtava asema Pohjoismaissa<\/h2>\n\n\n\n<p class=\"wp-block-paragraph\"><strong><a href=\"https:\/\/www.linkedin.com\/in\/christian-dempe-38742b8a\/\" target=\"_blank\" data-schema-attribute=\"mentions\" rel=\"noreferrer noopener sponsored\">Christian Dempe<\/a>, Aderian Groupin toimitusjohtaja<\/strong>, kuvailee investointia t\u00e4rke\u00e4n\u00e4 askeleena yrityksen kehityksess\u00e4.<\/p>\n\n\n\n<p class=\"wp-block-paragraph\">Dempen mukaan Aderian on viimeisen kolmen ja puolen vuoden aikana rakentanut vahvan liiketoiminnan ja vakiinnuttanut asemansa IT-kumppanina pienille ja keskisuurille yrityksille Ruotsissa ja Norjassa.<\/p>\n\n\n\n<p class=\"wp-block-paragraph\">Searchlightin tuen avulla yritys uskoo olevansa paremmassa asemassa kasvattamaan kasvuvauhtiaan, kehitt\u00e4m\u00e4\u00e4n asiantuntemustaan ja vahvistamaan l\u00e4sn\u00e4oloaan Pohjoismaiden markkinoilla. Tavoitteena on kehitty\u00e4 johtavaksi pohjoismaiseksi IT-palveluiden tarjoajaksi.<\/p>\n\n\n\n<h2 class=\"wp-block-heading\">Searchlight liittyy uutena kumppanina<\/h2>\n\n\n\n<p class=\"wp-block-paragraph\"><a href=\"https:\/\/cts.businesswire.com\/ct\/CT?id=smartlink&amp;url=http%3A%2F%2Fwww.searchlightcap.com&amp;esheet=54527104&amp;newsitemid=20260501780075&amp;lan=en-US&amp;anchor=www.searchlightcap.com&amp;index=1&amp;md5=36d8c484ccecc88fe2dc444f4805084b\" target=\"_blank\" rel=\"noreferrer noopener\">Searchlight Capital Partners<\/a> on maailmanlaajuinen sijoitusyhti\u00f6, jolla on noin <strong>17 miljardin dollarin hallinnoitavat varat<\/strong> ja toimistot Lontoossa, New Yorkissa, Miamissa ja Torontossa. Yhti\u00f6 investoi muun muassa televiestint\u00e4\u00e4n, mediaan, yrityspalveluihin, teollisuuteen ja rahoituspalveluihin.<\/p>\n\n\n\n<p class=\"wp-block-paragraph\">Searchlightin osakas Giles Marshall korostaa Aderianin koon sek\u00e4 paikallisten yritysten asiakassuhteiden ja markkinatuntemuksen yhdistelm\u00e4\u00e4 t\u00e4rke\u00e4n\u00e4 osana sijoitusta.<\/p>\n\n\n\n<p class=\"wp-block-paragraph\">Yhti\u00f6n mukaan Searchlight n\u00e4kee mahdollisuuksia tukea Aderianin jatkuvaa laajentumista ja kehityst\u00e4 Pohjoismaiden markkinoilla.<\/p>\n\n\n\n<h2 class=\"wp-block-heading\">Adelis myy enemmist\u00f6osuuden<\/h2>\n\n\n\n<p class=\"wp-block-paragraph\">Kauppa tarkoittaa my\u00f6s sit\u00e4, ett\u00e4 Adelis Equity Partners myy enemmist\u00f6osuutensa Aderianissa Searchlight Capitalille. Adeliksesta tuli enemmist\u00f6omistaja helmikuussa 2023, jolloin Aderian koostui kymmenest\u00e4 ruotsalaisesta IT-palveluyrityksest\u00e4.<\/p>\n\n\n\n<p class=\"wp-block-paragraph\">Adeliksen omistusaikana Aderianin liikevaihto on kolminkertaistunut Adeliksen mukaan noin <strong>2,5 miljardia Ruotsin kruunua<\/strong>, kun taas EBITA on yli kolminkertaistunut <strong>yli 300 miljoonaa kruunua<\/strong>. Laajentumista on vauhdittanut orgaaninen kasvu, yli 30 lis\u00e4yritysosto ja organisaatioon tehdyt investoinnit.<\/p>\n\n\n\n<p class=\"wp-block-paragraph\">Adelis Equity Partnersin osakas Erik Hallert kuvailee muutamassa vuodessa tapahtunutta kehityst\u00e4 ideasta johtavaksi pohjoismaiseksi IT-alustaksi merkitt\u00e4v\u00e4ksi matkaksi ja uskoo Aderianin olevan vahvoilla seuraavaa kasvuvaihetta varten.<\/p>\n\n\n\n<h2 class=\"wp-block-heading\">Aderian jatkaa pohjoismaisten IT-markkinoiden konsolidoitumista<\/h2>\n\n\n\n<p class=\"wp-block-paragraph\">Investointi tulee aikana, jolloin Aderian on nopeasti rakentanut suuremman paikallisten IT-yritysten alustan.<\/p>\n\n\n\n<p class=\"wp-block-paragraph\">Konsernin malli perustuu paikallisen l\u00e4sn\u00e4olon ja yritt\u00e4jyyden yhdist\u00e4miseen yhteisen konsernin resursseihin ja erikoisosaamiseen. Palveluvalikoimaan kuuluvat IT- ja sovellustoiminnot, infrastruktuuri, pilvipalvelut, kyberturvallisuus, data ja teko\u00e4ly, k\u00e4ytt\u00e4j\u00e4tuki ja digitalisaatio.<\/p>\n\n\n\n<p class=\"wp-block-paragraph\">Searchlightin p\u00e4\u00e4oman ja kansainv\u00e4lisen verkoston avulla Aderian pyrkii nyt kasvamaan edelleen Pohjoismaissa sek\u00e4 nykyisten toimintojen ett\u00e4 uusien yritysostojen kautta.<\/p>\n\n\n\n<h3 class=\"wp-block-heading\">Tietoja Aderian Groupista<\/h3>\n\n\n\n<p class=\"wp-block-paragraph\"><a href=\"https:\/\/www.aderian.se\" target=\"_blank\" rel=\"noreferrer noopener\">Aderian-ryhm\u00e4<\/a> perustettiin vuonna 2022 ja se digitalisoi pieni\u00e4 ja keskisuuria organisaatioita IT-palveluiden ja -ratkaisujen avulla. Konsernilla on yli 850 ty\u00f6ntekij\u00e4\u00e4, noin 2,5 miljardin Ruotsin kruunun liikevaihto ja yli 10 000 asiakasta Ruotsissa ja Norjassa.<\/p>\n\n\n\n<p class=\"wp-block-paragraph\"><\/p>\n\n\n\n<p class=\"wp-block-paragraph\"><\/p>","protected":false},"excerpt":{"rendered":"Searchlight Capital Partners sijoittaa p\u00e4\u00e4omaa Aderian Groupiin, mik\u00e4 nopeuttaa laajentumista Pohjoismaissa ja vahvistaa teko\u00e4lyn, kyberturvallisuuden ja pilvipalveluiden tarjontaa pienille ja keskisuurille yrityksille.","protected":false},"author":1,"featured_media":33235,"comment_status":"closed","ping_status":"closed","sticky":false,"template":"","format":"standard","meta":{"csco_display_header_overlay":false,"csco_singular_sidebar":"","csco_page_header_type":"","csco_page_load_nextpost":"","csco_post_video_location":[],"csco_post_video_location_hash":"","csco_post_video_url":"","csco_post_video_bg_start_time":0,"csco_post_video_bg_end_time":0,"footnotes":""},"categories":[1403],"tags":[8602,8600,24,8599,31,1801,1026,2916,1589,1630,2145,1089,908,58,3071,193,8601,8],"itb_content_type":[8305],"class_list":["post-33233","post","type-post","status-publish","format-standard","has-post-thumbnail","category-investeringar","tag-adelis-equity-partners","tag-aderian-group","tag-ai","tag-christian-dempe","tag-cybersakerhet","tag-forvarv","tag-investeringar","tag-it-kanalen-2","tag-it-kanalen","tag-it-tjanster","tag-managed-services","tag-molntjanster","tag-msp","tag-norden","tag-nordisk-it-media","tag-norge","tag-searchlight-capital-partners","tag-sverige","cs-entry","cs-video-wrap"],"_links":{"self":[{"href":"https:\/\/itbranschen.com\/fi\/wp-json\/wp\/v2\/posts\/33233","targetHints":{"allow":["GET"]}}],"collection":[{"href":"https:\/\/itbranschen.com\/fi\/wp-json\/wp\/v2\/posts"}],"about":[{"href":"https:\/\/itbranschen.com\/fi\/wp-json\/wp\/v2\/types\/post"}],"author":[{"embeddable":true,"href":"https:\/\/itbranschen.com\/fi\/wp-json\/wp\/v2\/users\/1"}],"replies":[{"embeddable":true,"href":"https:\/\/itbranschen.com\/fi\/wp-json\/wp\/v2\/comments?post=33233"}],"version-history":[{"count":0,"href":"https:\/\/itbranschen.com\/fi\/wp-json\/wp\/v2\/posts\/33233\/revisions"}],"wp:featuredmedia":[{"embeddable":true,"href":"https:\/\/itbranschen.com\/fi\/wp-json\/wp\/v2\/media\/33235"}],"wp:attachment":[{"href":"https:\/\/itbranschen.com\/fi\/wp-json\/wp\/v2\/media?parent=33233"}],"wp:term":[{"taxonomy":"category","embeddable":true,"href":"https:\/\/itbranschen.com\/fi\/wp-json\/wp\/v2\/categories?post=33233"},{"taxonomy":"post_tag","embeddable":true,"href":"https:\/\/itbranschen.com\/fi\/wp-json\/wp\/v2\/tags?post=33233"},{"taxonomy":"itb_content_type","embeddable":true,"href":"https:\/\/itbranschen.com\/fi\/wp-json\/wp\/v2\/itb_content_type?post=33233"}],"curies":[{"name":"wp","href":"https:\/\/api.w.org\/{rel}","templated":true}]}}