{"id":12580,"date":"2025-06-02T15:57:13","date_gmt":"2025-06-02T13:57:13","guid":{"rendered":"https:\/\/itbranschen.com\/?p=12580"},"modified":"2026-03-13T19:26:26","modified_gmt":"2026-03-13T18:26:26","slug":"ios-26-ar-har-darfor-skippar-apple-ios-19","status":"publish","type":"post","link":"https:\/\/itbranschen.com\/fi\/ios-26-ar-har-darfor-skippar-apple-ios-19\/","title":{"rendered":"iOS 26 \u00e4r h\u00e4r: D\u00e4rf\u00f6r skippar Apple iOS 19"},"content":{"rendered":"<p class=\"wp-block-paragraph\"><strong><a href=\"https:\/\/www.apple.com\/\" target=\"_blank\" rel=\"noreferrer noopener nofollow\">Apple<\/a><\/strong> kommer att introducera en betydande f\u00f6r\u00e4ndring p\u00e5 WWDC 2025: ist\u00e4llet f\u00f6r den nuvarande sekventiella numreringen kommer de att namnge sina operativsystem efter \u00e5r. S\u00e5 h\u00f6sten 2025 f\u00e5r vi iOS 26 ist\u00e4llet f\u00f6r iOS 19, och detsamma g\u00e4ller f\u00f6r iPadOS, macOS, watchOS, tvOS och visionOS. Detta drag \u00e4r avsett att f\u00f6rena och f\u00f6renkla Apples programvaruerbjudanden.<\/p>\n\n\n\n<p class=\"wp-block-paragraph\">Om du n\u00e5gonsin undrat varf\u00f6r din <a href=\"https:\/\/itbranschen.com\/apple-intelligence-nu-tillgangligt-i-eu-via-ios-18-4\/\" target=\"_blank\" data-type=\"post\" data-id=\"10561\" rel=\"noreferrer noopener\">iPhone 16<\/a> anv\u00e4nder <strong>iOS 18<\/strong>, \u00e4ven om din MacBook k\u00f6r macOS 15 och din Apple Watch k\u00f6r watchOS 12, \u00e4r du inte ensam. <a href=\"https:\/\/apple.com\" target=\"_blank\" rel=\"noreferrer noopener\">\u00c4pple<\/a> erk\u00e4nde slutligen att hans numrering av operativsystem hade blivit f\u00f6rvirrande. D\u00e4rf\u00f6r kommer den kommande uppdateringen att introducera ett nytt namngivningsschema baserat p\u00e5 \u00e5r. S\u00e5 \u2013 <a class=\"wpil_keyword_link\" href=\"https:\/\/itbranschen.com\/falsk-sajt-for-modellagentur-dolde-cyberspionage\/\" title=\"Falsk sajt f\u00f6r modellagentur dolde cyberspionage\" data-wpil-keyword-link=\"linked\" data-wpil-monitor-id=\"1897\">iOS 26<\/a>. <a href=\"https:\/\/itbranschen.com\/utforska-chatgpt-alternativ-gratis-och-betalda-alternativ\/\">Och naturligtvis kommer<\/a> du troligtvis ocks\u00e5 att f\u00e5 version 25.1.<\/p>\n\n\n\n<h3 class=\"wp-block-heading\">Huvud\u00e4ndring: Namngivning efter \u00e5rtal<\/h3>\n\n\n\n<p class=\"wp-block-paragraph\">Enligt Bloomberg kommer <a class=\"wpil_keyword_link\" href=\"https:\/\/itbranschen.com\/cyberkriminella-manipulerar-urler-for-att-lura-anvandare\/\" title=\"Cyberkriminella manipulerar URL:er f\u00f6r att lura anv\u00e4ndare\" data-wpil-keyword-link=\"linked\" data-wpil-monitor-id=\"1896\">Apple<\/a> att meddela p\u00e5 WWDC 2025, som b\u00f6rjar den 9 juni, att de kommer att namnge sina operativsystem efter \u00e5ret, ist\u00e4llet f\u00f6r att forts\u00e4tta med sekventiell numrering. S\u00e5 h\u00f6sten 2025 kommer vi att f\u00e5 <a href=\"https:\/\/en.wikipedia.org\/wiki\/IOS_version_history\" target=\"_blank\" rel=\"noreferrer noopener\">iOS 26<\/a>, iPadOS 26, macOS 26, watchOS 26, tvOS 26 och visionOS 26.<\/p>\n\n\n\n<p class=\"wp-block-paragraph\">Denna \u00e4ndring \u00e4r avsedd att f\u00f6rena de olika versionerna av operativsystem, som fick olika nummer p\u00e5 grund av olika utgivningstider. Till exempel \u00e4r iOS f\u00f6r n\u00e4rvarande p\u00e5 version 18, watchOS \u00e4r p\u00e5 version 12 och <strong>visionOS<\/strong> \u00e4r p\u00e5 version 2.<\/p>\n\n\n\n\n\n<h3 class=\"wp-block-heading\">Visuell omdesign: Inspirerad av visionOS<\/h3>\n\n\n\n<p class=\"wp-block-paragraph\">Ut\u00f6ver namnbytet f\u00f6rv\u00e4ntas Apple ocks\u00e5 introducera en visuell \u00f6versyn av sina operativsystem, vilket kommer att h\u00e4mta inspiration fr\u00e5n visionOS, operativsystemet f\u00f6r Vision Pro. Anv\u00e4ndare kan f\u00f6rv\u00e4nta sig mer rundade ikoner, transparenta element och ett mer dynamiskt gr\u00e4nssnitt som kommer att vara konsekvent p\u00e5 alla enheter.<\/p>\n\n\n\n<p class=\"wp-block-paragraph\"><\/p>","protected":false},"excerpt":{"rendered":"\u200b\ufeffApple slutar med sekventiell numrering och lanserar iOS 26 h\u00f6sten 2025, samtidigt som de f\u00f6renar systemens namn och presenterar en ny design h\u00e4mtad fr\u00e5n visionOS.\ufeff\u200b","protected":false},"author":1,"featured_media":12581,"comment_status":"closed","ping_status":"closed","sticky":false,"template":"","format":"standard","meta":{"csco_display_header_overlay":false,"csco_singular_sidebar":"","csco_page_header_type":"featured","csco_page_load_nextpost":"","csco_post_video_location":[],"csco_post_video_location_hash":"","csco_post_video_url":"","csco_post_video_bg_start_time":0,"csco_post_video_bg_end_time":0,"footnotes":""},"categories":[415,21],"tags":[356,723,5,850,849,3069,1589,3071,3075,3073,42],"itb_content_type":[],"class_list":["post-12580","post","type-post","status-publish","format-standard","has-post-thumbnail","category-apple","category-nyheter","tag-apple","tag-apple-intelligence","tag-foretag","tag-ios-19","tag-ios-26","tag-it-sakerhet-nyheter-sverige","tag-it-kanalen","tag-nordisk-it-media","tag-svensk-it-nyhetssajt","tag-tech-tidningen","tag-teknologi","cs-entry","cs-video-wrap"],"_links":{"self":[{"href":"https:\/\/itbranschen.com\/fi\/wp-json\/wp\/v2\/posts\/12580","targetHints":{"allow":["GET"]}}],"collection":[{"href":"https:\/\/itbranschen.com\/fi\/wp-json\/wp\/v2\/posts"}],"about":[{"href":"https:\/\/itbranschen.com\/fi\/wp-json\/wp\/v2\/types\/post"}],"author":[{"embeddable":true,"href":"https:\/\/itbranschen.com\/fi\/wp-json\/wp\/v2\/users\/1"}],"replies":[{"embeddable":true,"href":"https:\/\/itbranschen.com\/fi\/wp-json\/wp\/v2\/comments?post=12580"}],"version-history":[{"count":0,"href":"https:\/\/itbranschen.com\/fi\/wp-json\/wp\/v2\/posts\/12580\/revisions"}],"wp:featuredmedia":[{"embeddable":true,"href":"https:\/\/itbranschen.com\/fi\/wp-json\/wp\/v2\/media\/12581"}],"wp:attachment":[{"href":"https:\/\/itbranschen.com\/fi\/wp-json\/wp\/v2\/media?parent=12580"}],"wp:term":[{"taxonomy":"category","embeddable":true,"href":"https:\/\/itbranschen.com\/fi\/wp-json\/wp\/v2\/categories?post=12580"},{"taxonomy":"post_tag","embeddable":true,"href":"https:\/\/itbranschen.com\/fi\/wp-json\/wp\/v2\/tags?post=12580"},{"taxonomy":"itb_content_type","embeddable":true,"href":"https:\/\/itbranschen.com\/fi\/wp-json\/wp\/v2\/itb_content_type?post=12580"}],"curies":[{"name":"wp","href":"https:\/\/api.w.org\/{rel}","templated":true}]}}