{"id":10797,"date":"2025-03-06T14:53:01","date_gmt":"2025-03-06T13:53:01","guid":{"rendered":"https:\/\/itbranschen.com\/?p=10797"},"modified":"2026-03-13T19:21:37","modified_gmt":"2026-03-13T18:21:37","slug":"apple-julkaisee-macbook-air-2025n-jossa-on-m4-siru-nopeampi-tehokkaampi-ja-parempi-kuin-koskaan","status":"publish","type":"post","link":"https:\/\/itbranschen.com\/fi\/apple-lanserar-macbook-air-2025-med-m4-chip-snabbare-effektivare-och-battre-an-nagonsin\/","title":{"rendered":"Apple julkaisee MacBook Air 2025:n M4-sirulla \u2013 nopeampi, tehokkaampi ja parempi kuin koskaan"},"content":{"rendered":"<p class=\"wp-block-paragraph\">Apple on virallisesti julkaissut <strong><a href=\"https:\/\/www.apple.com\/se\/macbook-air\/\" target=\"_blank\" rel=\"noreferrer noopener\">MacBook Air 2025<\/a><\/strong>, nyt varustettu tehokkaalla M4-sirulla. P\u00e4ivitetyt 13- ja 15-tuumaiset MacBook Air -mallit tarjoavat paremman suorituskyvyn, pidemm\u00e4n akunkeston ja tuen useille ulkoisille n\u00e4yt\u00f6ille. Yll\u00e4tt\u00e4en, <strong><a href=\"https:\/\/itbranschen.com\/tag\/apple\/\" data-type=\"post_tag\" data-id=\"356\">Omena<\/a><\/strong> my\u00f6s alensivat l\u00e4ht\u00f6hintoja edelliseen sukupolveen verrattuna.<\/p>\n\n\n\n<h2 class=\"wp-block-heading\">Uusi muotoilu ja v\u00e4rivaihtoehdot \u2013 Sky Blue tekee ensiesiintymisens\u00e4<\/h2>\n\n\n\n<p class=\"wp-block-paragraph\"><strong><a href=\"https:\/\/www.apple.com\/se\/\" target=\"_blank\" rel=\"noreferrer noopener\" data-schema-attribute=\"mentions\">Omena<\/a><\/strong> on s\u00e4ilytt\u00e4nyt ohuen ja kevyen muotoilunsa <strong>MacBook Air<\/strong> tunnetaan, mutta on ottanut k\u00e4ytt\u00f6\u00f6n uuden v\u00e4rin \u2013 <strong>\u201c&quot;Taivaansininen&quot;\u201d<\/strong>. T\u00e4m\u00e4 kirkkaansininen s\u00e4vy vaihtaa s\u00e4vy\u00e4 valaistusolosuhteiden mukaan ja on tyylik\u00e4s lis\u00e4 olemassa oleviin v\u00e4rivaihtoehtoihin.<\/p>\n\n\n\n<p class=\"wp-block-paragraph\">Lis\u00e4ksi Midnight (musta) -v\u00e4riss\u00e4 on nyt sama sormenj\u00e4lki\u00e4 hylkiv\u00e4 anodisointi kuin MacBook Prossa, mik\u00e4 v\u00e4hent\u00e4\u00e4 n\u00e4kyvi\u00e4 tahroja ja helpottaa tietokoneen puhdistamista.<\/p>\n\n\n\n<h2 class=\"wp-block-heading\">Parannettu suorituskyky ja tehokkuus M4-sirun avulla<\/h2>\n\n\n\n<p class=\"wp-block-paragraph\">The <strong><a href=\"https:\/\/www.apple.com\/se\/shop\/buy-mac\/macbook-air\/15-tum\" target=\"_blank\" rel=\"noreferrer noopener\">uusi M4-siru MacBook Air 2025:ss\u00e4<\/a><\/strong> tarjoaa merkitt\u00e4v\u00e4n suorituskyvyn parannuksen. Apple v\u00e4itt\u00e4\u00e4, ett\u00e4 M4 on kaksi kertaa nopeampi kuin alkuper\u00e4inen M1-siru. Vaikka ero M3:een verrattuna ei ehk\u00e4 ole valtava, se tarkoittaa silti sujuvampaa moniajoa ja parempaa suorituskyky\u00e4 vaativissa sovelluksissa.<\/p>\n\n\n\n<h3 class=\"wp-block-heading\">M4 MacBook Airin t\u00e4rkeimm\u00e4t ominaisuudet:<\/h3>\n\n\n\n<ul class=\"wp-block-list\">\n<li><strong>Korkeampi suorituskyky:<\/strong> Jopa 10-ytiminen suoritin ja 10-ytiminen n\u00e4yt\u00f6nohjain parantavat grafiikkaa ja nopeampaa reagointikyky\u00e4.<\/li>\n\n\n\n<li><strong>Kahden ulkoisen n\u00e4yt\u00f6n tuki:<\/strong> Toisin kuin M3-malli, joka pystyi k\u00e4sittelem\u00e4\u00e4n vain yht\u00e4 ulkoista n\u00e4ytt\u00f6\u00e4, M4 pystyy k\u00e4sittelem\u00e4\u00e4n kahta.<\/li>\n\n\n\n<li><strong>Parannettu akunkesto:<\/strong> Jopa 18 tunnin akunkesto M4:n energiatehokkuuden ansiosta.<\/li>\n\n\n\n<li><strong>Enemm\u00e4n RAM-muistia vakiona:<\/strong> Kaikissa malleissa on nyt 16 Gt yhdistetty\u00e4 muistia Applen \u00e4lykkyyden ja teko\u00e4lypohjaisten ominaisuuksien paremman toiminnan takaamiseksi.<\/li>\n<\/ul>\n\n\n\n<h2 class=\"wp-block-heading\">Uusi 12 megapikselin keskikamera ja p\u00f6yt\u00e4n\u00e4kym\u00e4<\/h2>\n\n\n\n<p class=\"wp-block-paragraph\">Toinen suuri p\u00e4ivitys on, ett\u00e4 MacBook Airissa on nyt sama 12 megapikselin Center Stage -kamera kuin MacBook Airissa. <strong><a href=\"https:\/\/www.apple.com\/se\/macbook-pro\/\" target=\"_blank\" data-schema-attribute=\"about\" rel=\"noreferrer noopener\">MacBook Pro<\/a><\/strong>. Kamerassa on eritt\u00e4in laajakulmaobjektiivi ja M4-sirun Neural Engine seuraa k\u00e4ytt\u00e4j\u00e4\u00e4 kuvassa, mik\u00e4 tekee videopuheluista dynaamisempia ja luonnollisempia.<\/p>\n\n\n\n<h2 class=\"wp-block-heading\">Mac Studio saa tehokkaan p\u00e4ivityksen M3 Ultran my\u00f6t\u00e4<\/h2>\n\n\n\n<p class=\"wp-block-paragraph\">Uusien MacBook Air -mallien lis\u00e4ksi Apple on julkaissut my\u00f6s p\u00e4ivitetyn... <strong><a href=\"https:\/\/www.apple.com\/se\/mac-studio\/\" target=\"_blank\" rel=\"noreferrer noopener\">Mac Studio<\/a><\/strong>, nyt valittavana M4 Max tai uusi M3 Ultra -siru. M3 Ultra koostuu kahdesta toisiinsa kytketyst\u00e4 M3 Max -prosessorista ja on tehokkain <strong><a href=\"https:\/\/www.apple.com\/se\/mac-studio\/specs\/\" target=\"_blank\" data-schema-attribute=\"about\" rel=\"noreferrer noopener\">Applen piisiru<\/a><\/strong> t\u00e4h\u00e4n p\u00e4iv\u00e4\u00e4n menness\u00e4.<\/p>\n\n\n\n<h3 class=\"wp-block-heading\">Uuden Mac Studion edut:<\/h3>\n\n\n\n<ul class=\"wp-block-list\">\n<li><strong>Thunderbolt 5 -liit\u00e4nt\u00e4:<\/strong> Kaikki kuusi USB-C-porttia tukevat nyt Thunderbolt 5:t\u00e4 jopa 120 Gbps:n tiedonsiirtonopeudella.<\/li>\n\n\n\n<li><strong>Tehokkaat laajennusominaisuudet:<\/strong> Tuki ulkoisille PCIe-laajennuskorteille ja suuren kapasiteetin tallennustilalle video- ja grafiikkatuotannon ammattilaisille.<\/li>\n\n\n\n<li><strong>Yhteenkytketyt prosessorit:<\/strong> M3 Ultra hy\u00f6dynt\u00e4\u00e4 kahta M3 Max -sirua maksimaalisen suorituskyvyn saavuttamiseksi, mik\u00e4 on ihanteellinen raskaille ty\u00f6kuormille.<\/li>\n<\/ul>\n\n\n\n<h2 class=\"wp-block-heading\">Kannattaako sinun ostaa uusi MacBook Air 2025?<\/h2>\n\n\n\n<p class=\"wp-block-paragraph\">Jos etsit kevytt\u00e4, tehokasta ja edullista kannettavaa tietokonetta, MacBook Air 2025 on loistava valinta. Parannetun suorituskyvyn, pidemm\u00e4n akunkeston ja kahden ulkoisen n\u00e4yt\u00f6n tuen ansiosta t\u00e4m\u00e4 on t\u00e4ydellinen tietokone niin opiskelijoille, ammattilaisille kuin luoville tekij\u00f6illekin.<\/p>\n\n\n\n<p class=\"wp-block-paragraph\">Ennakkotilaukset ovat jo auki ja laitteiden toimitukset alkavat 12. maaliskuuta. Oletko valmis p\u00e4ivitt\u00e4m\u00e4\u00e4n?<\/p>","protected":false},"excerpt":{"rendered":"\u200b\ufeffApple uppdaterar MacBook Air 2025 med det kraftfulla M4-chippet, f\u00f6rb\u00e4ttrad batteritid, st\u00f6d f\u00f6r tv\u00e5 externa sk\u00e4rmar och nya f\u00e4rgalternativ, inklusive den stilfulla Sky Blue.\ufeff\u200b","protected":false},"author":1,"featured_media":10799,"comment_status":"closed","ping_status":"closed","sticky":false,"template":"","format":"standard","meta":{"csco_display_header_overlay":false,"csco_singular_sidebar":"","csco_page_header_type":"","csco_page_load_nextpost":"","csco_post_video_location":[],"csco_post_video_location_hash":"","csco_post_video_url":"","csco_post_video_bg_start_time":0,"csco_post_video_bg_end_time":0,"footnotes":""},"categories":[21,415],"tags":[24,356,3069,1589,422,735,3071,3075,3073],"itb_content_type":[],"class_list":["post-10797","post","type-post","status-publish","format-standard","has-post-thumbnail","category-nyheter","category-apple","tag-ai","tag-apple","tag-it-sakerhet-nyheter-sverige","tag-it-kanalen","tag-mac-studio","tag-macbook-air-m4","tag-nordisk-it-media","tag-svensk-it-nyhetssajt","tag-tech-tidningen","cs-entry","cs-video-wrap"],"_links":{"self":[{"href":"https:\/\/itbranschen.com\/fi\/wp-json\/wp\/v2\/posts\/10797","targetHints":{"allow":["GET"]}}],"collection":[{"href":"https:\/\/itbranschen.com\/fi\/wp-json\/wp\/v2\/posts"}],"about":[{"href":"https:\/\/itbranschen.com\/fi\/wp-json\/wp\/v2\/types\/post"}],"author":[{"embeddable":true,"href":"https:\/\/itbranschen.com\/fi\/wp-json\/wp\/v2\/users\/1"}],"replies":[{"embeddable":true,"href":"https:\/\/itbranschen.com\/fi\/wp-json\/wp\/v2\/comments?post=10797"}],"version-history":[{"count":0,"href":"https:\/\/itbranschen.com\/fi\/wp-json\/wp\/v2\/posts\/10797\/revisions"}],"wp:featuredmedia":[{"embeddable":true,"href":"https:\/\/itbranschen.com\/fi\/wp-json\/wp\/v2\/media\/10799"}],"wp:attachment":[{"href":"https:\/\/itbranschen.com\/fi\/wp-json\/wp\/v2\/media?parent=10797"}],"wp:term":[{"taxonomy":"category","embeddable":true,"href":"https:\/\/itbranschen.com\/fi\/wp-json\/wp\/v2\/categories?post=10797"},{"taxonomy":"post_tag","embeddable":true,"href":"https:\/\/itbranschen.com\/fi\/wp-json\/wp\/v2\/tags?post=10797"},{"taxonomy":"itb_content_type","embeddable":true,"href":"https:\/\/itbranschen.com\/fi\/wp-json\/wp\/v2\/itb_content_type?post=10797"}],"curies":[{"name":"wp","href":"https:\/\/api.w.org\/{rel}","templated":true}]}}