{"id":26963,"date":"2026-06-16T11:22:32","date_gmt":"2026-06-16T09:22:32","guid":{"rendered":"https:\/\/itbranschen.com\/?p=26963"},"modified":"2026-06-16T11:22:56","modified_gmt":"2026-06-16T09:22:56","slug":"fredrik-limsater-takes-over-as-ceo-of-cyberresilient","status":"publish","type":"post","link":"https:\/\/itbranschen.com\/en\/fredrik-limsater-tar-over-som-vd-for-cyberresilient\/","title":{"rendered":"Fredrik Lims\u00e4ter takes over as CEO of CyberResilient"},"content":{"rendered":"<p class=\"wp-block-paragraph\"><strong>CyberResilient, a Swedish cybersecurity and compliance software company, has appointed Fredrik Lims\u00e4ter as its new CEO. The appointment comes as the company enters the next phase of scaling its intelligent platform for NIS2 compliance, operational risk management and continuity.<\/strong><\/p>\n\n\n\n<p class=\"wp-block-paragraph\">\u2013 The only way to meet increasing legal requirements and actually have resilience is continuous work \u2013 in an intelligent system. That is why we have created the platform for cyber resilience with experienced CISOs. Everything from ongoing measurement of regulatory compliance to risk management and continuity planning \u2013 in one platform, <strong>says <a href=\"https:\/\/www.linkedin.com\/in\/limsater\/\" target=\"_blank\" data-schema-attribute=\"mentions\" rel=\"noreferrer noopener sponsored\">Fredrik Lims\u00e4ter<\/a>, new CEO of CyberResilient<\/strong>.<\/p>\n\n\n\n<figure class=\"wp-block-image\"><img decoding=\"async\" title=\"Fredrik Limsater Profile | IT Industry\" src=\"https:\/\/fredlimcapital.vc\/content\/team\/fredrik-limsater-profile.jpeg\" alt=\"https:\/\/fredlimcapital.vc\/content\/team\/fredrik-limsater-profile.jpeg\"\/><figcaption class=\"wp-element-caption\">Fredrik Lims\u00e4ter, new CEO of CyberResilient.<\/figcaption><\/figure>\n\n\n\n<p class=\"wp-block-paragraph\">Lims\u00e4ter most recently came from leading roles in international SaaS. He is the founder and former CEO of ftrack, which grew from a startup to a global platform for creative production workflows and was acquired by PSG Equity in 2021. During his time at ftrack, he was awarded an Oscar for technical innovation from the Academy of Motion Picture Arts and Sciences. After the acquisition, he held leading roles within the SaaS group Backlight.<\/p>\n\n\n\n<p class=\"wp-block-paragraph\"><strong><a href=\"https:\/\/cyberresilient.se\/sv\/about\" target=\"_blank\" data-schema-attribute=\"about\" rel=\"noreferrer noopener\">CyberResilient<\/a><\/strong> has grown out of extensive experience in cybersecurity through the experts in the consulting company <strong><a href=\"https:\/\/www.cyberdefencely.com\/\" target=\"_blank\" rel=\"noreferrer noopener\">Cyber Defensely<\/a><\/strong>, where the platform&#039;s methods and structures are used in harsh customer environments. With early exposure to regulatory, management issues and operational realities, CyberResilient has built a platform that is demand-driven rather than theoretical. The company has been granted support from the Swedish Civil Contingencies Agency (MCF) on two occasions, for the development of methods and technology that strengthen organizations&#039; resilience to cyber threats in line with European regulations, including NIS2.<\/p>\n\n\n\n<p class=\"wp-block-paragraph\">\u2013 Cyber Defencely&#039;s experts have developed new working methods and systems in close collaboration with customers. With CyberResilient, the same methodology can be used consistently and reach more organizations, without being dependent on consultants in each individual case, <strong>says <a href=\"https:\/\/www.linkedin.com\/in\/emanuel-lipsch%C3%BCtz-a28976\/\" target=\"_blank\" data-schema-attribute=\"mentions\" rel=\"noreferrer noopener sponsored\">Emanuel Lipsch\u00fctz<\/a>, Chairman of the Board of CyberResilient<\/strong>.<\/p>\n\n\n\n<p class=\"wp-block-paragraph\"><strong><a href=\"https:\/\/itbranschen.com\/tag\/cyberresilient\/\" data-type=\"post_tag\" data-id=\"6253\">CyberResilient<\/a><\/strong> now offers free cybersecurity and compliance assessments on its popular site <a href=\"http:\/\/cyberresilient.se\" target=\"_blank\" rel=\"noreferrer noopener\">cyberresilient.se<\/a>, and is developing an AI-based platform for risk and continuity management. The platform aims to provide management and security managers with a comprehensive picture of the current situation, risk exposure and prioritized actions \u2013 adapted for businesses that meet increasing regulatory requirements. In 2026, the company will focus on productizing the risk and continuity module. The platform can be used by end customers or integrated into the offering of partners such as security consultants, system integrators and <strong>service providers (MSSPs)<\/strong>.<\/p>\n\n\n\n<p class=\"wp-block-paragraph\"><\/p>","protected":false},"excerpt":{"rendered":"\u200b\ufeffFredrik Lims\u00e4ter leder CyberResilient in i n\u00e4sta fas med en intelligent plattform som hj\u00e4lper organisationer att hantera \u00f6kande cyberregler och operativ risk genom kontinuerlig AI-driven efterlevnad och riskhantering.\ufeff\u200b","protected":false},"author":1,"featured_media":26966,"comment_status":"closed","ping_status":"closed","sticky":false,"template":"","format":"standard","meta":{"csco_display_header_overlay":false,"csco_singular_sidebar":"","csco_page_header_type":"","csco_page_load_nextpost":"","csco_post_video_location":[],"csco_post_video_location_hash":"","csco_post_video_url":"","csco_post_video_bg_start_time":0,"csco_post_video_bg_end_time":0,"footnotes":""},"categories":[21,11],"tags":[1441,3077,6214,2078,3074,1725,6253,31,1367,1778,3076,2083,1374,6252,2916,1782,3069,751,1097,258,3260,3071,51,5163,3439,3075,4040,3073,1790],"itb_content_type":[],"class_list":["post-26963","post","type-post","status-publish","format-standard","has-post-thumbnail","category-nyheter","category-cybersakerhet","tag-affarsutveckling","tag-b2b-it-media-sverige","tag-cyber-security","tag-cyberhot-sverige","tag-cyberrapport-finans-sverige","tag-cyberresiliens","tag-cyberresilient","tag-cybersakerhet","tag-cybersakerhet-sverige","tag-digital-sakerhet","tag-enterprise-it-sakerhet-nordics","tag-enterprise-security","tag-foretagsnyheter","tag-fredrik-limsater","tag-it-kanalen-2","tag-it-nyheter","tag-it-sakerhet-nyheter-sverige","tag-it-branschen","tag-it-sakerhet","tag-ledarskap","tag-nordisk-cybersakerhet","tag-nordisk-it-media","tag-saas","tag-sakerhetsbranschen","tag-svensk-cybersakerhet","tag-svensk-it-nyhetssajt","tag-tech-nyheter-sverige","tag-tech-tidningen","tag-vd","cs-entry","cs-video-wrap"],"_links":{"self":[{"href":"https:\/\/itbranschen.com\/en\/wp-json\/wp\/v2\/posts\/26963","targetHints":{"allow":["GET"]}}],"collection":[{"href":"https:\/\/itbranschen.com\/en\/wp-json\/wp\/v2\/posts"}],"about":[{"href":"https:\/\/itbranschen.com\/en\/wp-json\/wp\/v2\/types\/post"}],"author":[{"embeddable":true,"href":"https:\/\/itbranschen.com\/en\/wp-json\/wp\/v2\/users\/1"}],"replies":[{"embeddable":true,"href":"https:\/\/itbranschen.com\/en\/wp-json\/wp\/v2\/comments?post=26963"}],"version-history":[{"count":0,"href":"https:\/\/itbranschen.com\/en\/wp-json\/wp\/v2\/posts\/26963\/revisions"}],"wp:featuredmedia":[{"embeddable":true,"href":"https:\/\/itbranschen.com\/en\/wp-json\/wp\/v2\/media\/26966"}],"wp:attachment":[{"href":"https:\/\/itbranschen.com\/en\/wp-json\/wp\/v2\/media?parent=26963"}],"wp:term":[{"taxonomy":"category","embeddable":true,"href":"https:\/\/itbranschen.com\/en\/wp-json\/wp\/v2\/categories?post=26963"},{"taxonomy":"post_tag","embeddable":true,"href":"https:\/\/itbranschen.com\/en\/wp-json\/wp\/v2\/tags?post=26963"},{"taxonomy":"itb_content_type","embeddable":true,"href":"https:\/\/itbranschen.com\/en\/wp-json\/wp\/v2\/itb_content_type?post=26963"}],"curies":[{"name":"wp","href":"https:\/\/api.w.org\/{rel}","templated":true}]}}