{"id":8796,"date":"2024-12-10T10:05:19","date_gmt":"2024-12-10T09:05:19","guid":{"rendered":"https:\/\/itbranschen.com\/?p=8796"},"modified":"2026-07-24T14:51:40","modified_gmt":"2026-07-24T12:51:40","slug":"ny-roll-pa-globalconnect-ska-starka-sakerheten-for-30-000-foretagskunder","status":"publish","type":"post","link":"https:\/\/itbranschen.com\/de\/ny-roll-pa-globalconnect-ska-starka-sakerheten-for-30-000-foretagskunder\/","title":{"rendered":"Neue Funktion bei GlobalConnect st\u00e4rkt Sicherheit f\u00fcr 30.000 Firmenkunden"},"content":{"rendered":"<p class=\"wp-block-paragraph\"><strong>S\u00f8ren Gjevert Petersen wurde zum Leiter der Sicherheitsdienste ernannt bei <a href=\"https:\/\/globalconnect.se\/\" target=\"_blank\" rel=\"noreferrer noopener\">GlobalConnect<\/a>, eine neu geschaffene Rolle mit Verantwortung f\u00fcr die Sicherheitsl\u00f6sungen des Unternehmens f\u00fcr Unternehmenskunden.<\/strong><\/p>\n\n\n\n<p class=\"wp-block-paragraph\">S\u00f8ren war zuvor als Sicherheitschef f\u00fcr die Niederlassungen des Unternehmens in D\u00e4nemark und Deutschland t\u00e4tig, zuletzt als Sicherheitschef beim IT-Unternehmen Aeven. In seiner neuen Funktion tr\u00e4gt er die Gesamtverantwortung f\u00fcr die Zusammenstellung und Entwicklung der Sicherheitsl\u00f6sungen und Beratungsleistungen der Gruppe \u2013 mit dem Ziel, den Schutz aller 30.000 Unternehmenskunden zu st\u00e4rken.<\/p>\n\n\n\n<p class=\"wp-block-paragraph\">\u201dIch wei\u00df genau, worauf es bei Sicherheitsmanagern unserer Kunden ankommt, da ich selbst in dieser Funktion t\u00e4tig war. Diese Erfahrung bringe ich nun in meine neue Position ein, sowohl in der Beratung der Kunden als auch in der <a href=\"https:\/\/foretag.globalconnect.se\/blogg\/\" target=\"_blank\" rel=\"noreferrer noopener\"><strong>sicherzustellen, dass GlobalConnect<\/strong>S<\/a> Das Portfolio an Sicherheitsl\u00f6sungen entspricht sowohl der Bedrohungslandschaft als auch den Herausforderungen, denen sie im realen Leben gegen\u00fcberstehen. Viele gro\u00dfe Organisationen arbeiten derzeit daran, sicherzustellen, dass ihre IT-Infrastruktur den neuen NIS 2-Standards der EU entspricht.<a href=\"https:\/\/itbranschen.com\/nytt-nis2-direktiv-nya-regler-for-forbattrad-cybersakerhet\/\">Richtlinie<\/a>, und ich war in der Vergangenheit selbst stark in diese Arbeit involviert\u201d, sagt S\u00f8ren Gjevert Petersen.<\/p>\n\n\n\n<p class=\"wp-block-paragraph\">Sicherheit ist ein integraler Bestandteil von <strong><a href=\"https:\/\/itbranschen.com\/tag\/globalconnect\/\" data-type=\"post_tag\" data-id=\"56\">GlobalConnects<\/a><\/strong> Dienstleistungen \u2013 von Netzwerkl\u00f6sungen bis hin zu <a href=\"https:\/\/itbranschen.com\/category\/moln-data\/\">Cloud-Dienste<\/a>. In seiner Funktion wird S\u00f8ren f\u00fcr die Sicherheit der Produkte des Unternehmens und f\u00fcr die Koordinierung von Sicherheitsl\u00f6sungen auf dem Markt verantwortlich sein, so dass <a class=\"wpil_keyword_link\" href=\"https:\/\/itbranschen.com\/ny-rapport-tekniken-fortsatt-avgorande-for-svensk-ekonomi-och-jobb\/\" title=\"Neuer Bericht: Technologie bleibt entscheidend f\u00fcr schwedische Wirtschaft und Arbeitspl\u00e4tze\" data-wpil-keyword-link=\"linked\" data-wpil-monitor-id=\"2377\">GlobalConnect<\/a> k\u00f6nnen die Gesamtbed\u00fcrfnisse der Kunden noch besser erf\u00fcllen.<\/p>\n\n\n\n<p class=\"wp-block-paragraph\">Mit \u00fcber 20 Jahren Erfahrung in IT- und Sicherheitsfunktionen verf\u00fcgt S\u00f8ren \u00fcber einen soliden Hintergrund. Vor seiner vorherigen T\u00e4tigkeit bei <strong><a href=\"https:\/\/foretag.globalconnect.se\/om-globalconnect\/ledning\/\" target=\"_blank\" rel=\"noreferrer noopener nofollow\">GlobalConnect<\/a><\/strong> Er war Sicherheitschef der Telia-Gruppe. S\u00f8ren trat seine neue Stelle am 1. an. <a class=\"wpil_keyword_link\" href=\"https:\/\/itbranschen.com\/hotbilden-i-november-skadlig-programvara-riktar-in-sig-pa-kritisk-infrastruktur\/\" title=\"Bedrohungsausblick November: Malware zielt auf kritische Infrastrukturen ab\" data-wpil-keyword-link=\"linked\" data-wpil-monitor-id=\"2379\">November<\/a>.<\/p>","protected":false},"excerpt":{"rendered":"\u200b\ufeffS\u00f8ren Gjevert Petersen f\u00e5r en nyckelroll p\u00e5 GlobalConnect f\u00f6r att utveckla och koordinera s\u00e4kerhetsl\u00f6sningar som b\u00e4ttre skyddar f\u00f6retagets 30 000 kunder mot framtida hot och regulatoriska krav.\ufeff\u200b","protected":false},"author":1,"featured_media":8797,"comment_status":"closed","ping_status":"open","sticky":false,"template":"","format":"standard","meta":{"csco_display_header_overlay":false,"csco_singular_sidebar":"","csco_page_header_type":"","csco_page_load_nextpost":"","csco_post_video_location":[],"csco_post_video_location_hash":"","csco_post_video_url":"","csco_post_video_bg_start_time":0,"csco_post_video_bg_end_time":0,"footnotes":""},"categories":[21],"tags":[31,176,5,56,3069,1589,3071,361,444,3075,8,3073,42,445],"itb_content_type":[],"class_list":["post-8796","post","type-post","status-publish","format-standard","has-post-thumbnail","category-nyheter","tag-cybersakerhet","tag-danmark","tag-foretag","tag-globalconnect","tag-it-sakerhet-nyheter-sverige","tag-it-kanalen","tag-nordisk-it-media","tag-sakerhet","tag-soren-gjevert-petersen","tag-svensk-it-nyhetssajt","tag-sverige","tag-tech-tidningen","tag-teknologi","tag-tyskland","cs-entry","cs-video-wrap"],"_links":{"self":[{"href":"https:\/\/itbranschen.com\/de\/wp-json\/wp\/v2\/posts\/8796","targetHints":{"allow":["GET"]}}],"collection":[{"href":"https:\/\/itbranschen.com\/de\/wp-json\/wp\/v2\/posts"}],"about":[{"href":"https:\/\/itbranschen.com\/de\/wp-json\/wp\/v2\/types\/post"}],"author":[{"embeddable":true,"href":"https:\/\/itbranschen.com\/de\/wp-json\/wp\/v2\/users\/1"}],"replies":[{"embeddable":true,"href":"https:\/\/itbranschen.com\/de\/wp-json\/wp\/v2\/comments?post=8796"}],"version-history":[{"count":0,"href":"https:\/\/itbranschen.com\/de\/wp-json\/wp\/v2\/posts\/8796\/revisions"}],"wp:featuredmedia":[{"embeddable":true,"href":"https:\/\/itbranschen.com\/de\/wp-json\/wp\/v2\/media\/8797"}],"wp:attachment":[{"href":"https:\/\/itbranschen.com\/de\/wp-json\/wp\/v2\/media?parent=8796"}],"wp:term":[{"taxonomy":"category","embeddable":true,"href":"https:\/\/itbranschen.com\/de\/wp-json\/wp\/v2\/categories?post=8796"},{"taxonomy":"post_tag","embeddable":true,"href":"https:\/\/itbranschen.com\/de\/wp-json\/wp\/v2\/tags?post=8796"},{"taxonomy":"itb_content_type","embeddable":true,"href":"https:\/\/itbranschen.com\/de\/wp-json\/wp\/v2\/itb_content_type?post=8796"}],"curies":[{"name":"wp","href":"https:\/\/api.w.org\/{rel}","templated":true}]}}