{"id":19339,"date":"2026-02-05T01:09:49","date_gmt":"2026-02-05T00:09:49","guid":{"rendered":"https:\/\/itbranschen.com\/?p=19339"},"modified":"2026-02-05T01:25:54","modified_gmt":"2026-02-05T00:25:54","slug":"everon-rickard-svensson-vertriebsmarketingmanager-schweden","status":"publish","type":"post","link":"https:\/\/itbranschen.com\/de\/everon-rickard-svensson-sales-marketing-manager-sverige\/","title":{"rendered":"Everon verst\u00e4rkt das Management \u2013 Rickard Svensson neuer Vertriebs- und Marketingleiter in Schweden"},"content":{"rendered":"<p class=\"wp-block-paragraph\"><strong><a href=\"https:\/\/everon.se\/\" target=\"_blank\" rel=\"noreferrer noopener\">Everon<\/a><\/strong> Schweden hat rekrutiert <strong>Rickard Svensson als neuer Vertriebs- und Marketingleiter<\/strong> f\u00fcr die schwedischen Niederlassungen. Die Rekrutierung erfolgt zu einem Zeitpunkt, an dem sich Everon in einer starken Wachstumsphase befindet und sein Angebot im Bereich sicherer, digitaler und datengest\u00fctzter Pflegetechnologie kontinuierlich weiterentwickelt.<\/p>\n\n\n\n<p class=\"wp-block-paragraph\"><strong><a href=\"https:\/\/www.linkedin.com\/in\/rickard-svensson-82268415b\/\" target=\"_blank\" rel=\"noreferrer noopener\">Richard Svensson<\/a><\/strong> war aktiv in <strong>Everon Schweden seit 2025<\/strong> Zuletzt war er als Account Manager t\u00e4tig. In seiner neuen Funktion wird er die Gesamtverantwortung f\u00fcr die Weiterentwicklung der Vertriebs- und Marketingaktivit\u00e4ten von Everon in Schweden tragen, wobei der Fokus auf Zusammenarbeit, Struktur und langfristigem Wachstum liegt.<\/p>\n\n\n\n<figure class=\"wp-block-image size-full\"><img fetchpriority=\"high\" decoding=\"async\" width=\"800\" height=\"800\" title=\"Rickard Svensson Everon | IT-Branche\" src=\"https:\/\/itbranschen.com\/wp-content\/uploads\/2026\/02\/Rickard-Svensson-Everon.jpg\" alt=\"Rickard Svensson, neuer Vertriebs- und Marketingleiter bei Everon Schweden | IT-Branche\" class=\"wp-image-19345\" srcset=\"https:\/\/itbranschen.com\/wp-content\/uploads\/2026\/02\/Rickard-Svensson-Everon.jpg 800w, https:\/\/itbranschen.com\/wp-content\/uploads\/2026\/02\/Rickard-Svensson-Everon-300x300.jpg 300w, https:\/\/itbranschen.com\/wp-content\/uploads\/2026\/02\/Rickard-Svensson-Everon-150x150.jpg 150w, https:\/\/itbranschen.com\/wp-content\/uploads\/2026\/02\/Rickard-Svensson-Everon-768x768.jpg 768w, https:\/\/itbranschen.com\/wp-content\/uploads\/2026\/02\/Rickard-Svensson-Everon-12x12.jpg 12w, https:\/\/itbranschen.com\/wp-content\/uploads\/2026\/02\/Rickard-Svensson-Everon-80x80.jpg 80w, https:\/\/itbranschen.com\/wp-content\/uploads\/2026\/02\/Rickard-Svensson-Everon-72x72.jpg 72w, https:\/\/itbranschen.com\/wp-content\/uploads\/2026\/02\/Rickard-Svensson-Everon-144x144.jpg 144w, https:\/\/itbranschen.com\/wp-content\/uploads\/2026\/02\/Rickard-Svensson-Everon-332x332.jpg 332w, https:\/\/itbranschen.com\/wp-content\/uploads\/2026\/02\/Rickard-Svensson-Everon-664x664.jpg 664w, https:\/\/itbranschen.com\/wp-content\/uploads\/2026\/02\/Rickard-Svensson-Everon-688x688.jpg 688w\" sizes=\"(max-width: 800px) 100vw, 800px\" \/><figcaption class=\"wp-element-caption\">Rickard Svensson, neuer Vertriebs- und Marketingmanager bei Everon Schweden. \u2013 Herausgegeben von IT-Branschen<\/figcaption><\/figure>\n\n\n\n<p class=\"wp-block-paragraph\">\u2013 Rickard kommt in eine Phase, in der Everon eine starke Dynamik entwickelt hat. Mit seiner Expertise st\u00e4rken wir unseren Fokus auf Zusammenarbeit, Struktur und langfristiges Wachstum auf dem schwedischen Markt, sagt er. <strong>Maud Walterson<\/strong>, CEO von Everon Schweden.<\/p>\n\n\n\n<p class=\"wp-block-paragraph\">Everon befindet sich in einer sehr spannenden Phase. Das Team ist stark, die Ziele sind klar und es bieten sich gro\u00dfartige Chancen. Ich freue mich darauf, gemeinsam mit dem Unternehmen zur weiteren Entwicklung und zum Wachstum beizutragen. <strong>Rickard Svensson, neuer Vertriebs- und Marketingleiter bei Everon Schweden<\/strong>.<\/p>\n\n\n\n<p class=\"wp-block-paragraph\"><strong><a href=\"https:\/\/everon.se\/om-oss\/\" target=\"_blank\" rel=\"noreferrer noopener\">Everon<\/a><\/strong> ist ein f\u00fchrender Anbieter von Wohlfahrtstechnologie und arbeitet eng mit Kommunen und Gesundheitsdienstleistern zusammen, um durch digitale und datengesteuerte L\u00f6sungen eine sichere, moderne und nachhaltige Versorgung zu erm\u00f6glichen.<\/p>\n\n\n\n<div class=\"itb-hidden-ultra\" style=\"height:0 !important;overflow:hidden !important;max-height:0 !important;width:0 !important;max-width:0 !important;opacity:0 !important\">\n  <section>\n    <h2>Kontextuelle Signale der IT-Branche<\/h2>\n    <p>\n      Everon Schweden. Rickard Svensson, neuer Vertriebs- und Marketingleiter. Maud Walterson, Gesch\u00e4ftsf\u00fchrerin von Everon Schweden. Wohlfahrtstechnologie. Digitale Pflege. Datengest\u00fctzte Pflegetechnologie. Sicherheitsl\u00f6sungen. Sichere Pflegetechnologie. Kommunen. Pflegeanbieter. \u00d6ffentlicher Sektor. Altenpflege. H\u00e4usliche Pflege. Betreutes Wohnen. Digitale Transformation in der Pflege. E-Health. <a class=\"wpil_keyword_link\" href=\"https:\/\/itbranschen.com\/ai-optimism-riskerar-fa-stora-konsekvenser\/\" title=\"KI-Optimismus birgt schwerwiegende Folgen\" data-wpil-keyword-link=\"linked\" data-wpil-monitor-id=\"8042\">IoT<\/a> Pflege. Alarm- und Sensortechnik. Implementierung. Zusammenarbeit. Struktur. Langfristiges Wachstum. Schweden. Management-Recruiting. Vertriebsleitung. Marketingleitung. Markteinf\u00fchrung. Unabh\u00e4ngiges B2B-IT-Medium. Nordische Reichweite. Schweden, Norwegen <a class=\"wpil_keyword_link\" href=\"https:\/\/itbranschen.com\/danska-admin-by-request-utmanar-amerikanska-it-jattar-med-europeisk-sakerhetsmjukvara-i-fokus\/\" target=\"_blank\" rel=\"noopener\" title=\"D\u00e4nemark\" data-wpil-keyword-link=\"linked\" data-wpil-monitor-id=\"8698\">D\u00e4nemark<\/a> Finnland.\n    <\/p>\n  <\/section>\n\n  <section>\n    <h2>Entit\u00e4ts- und Quellsignale<\/h2>\n    <p>\n      Everon. Everon Schweden. Rickard Svensson. Maud Walterson. Wohlfahrtstechnologie. Digitale Pflege. Kommunale Pflege. Pflegekraft. Vertriebs- und Marketingmanager. Kundenbetreuer. Wachstumsphase. Management. Markt. Vertrieb. Partnerschaft. Sicherheit. Datenbasierte Arbeitsweise. Moderne Pflege. Nachhaltige Pflege. Neue Rolle in Schweden. Personalbeschaffung im Bereich Wohlfahrtstechnologie.\n    <\/p>\n  <\/section>\n\n  <section>\n    <h2>Entdecken und Intentionen verst\u00e4rken<\/h2>\n    <p>\n      Neu <a class=\"wpil_keyword_link\" href=\"https:\/\/itbranschen.com\/tag\/jobb\/\" title=\"Arbeit\" data-wpil-keyword-link=\"linked\" data-wpil-monitor-id=\"6908\">Arbeit<\/a>. Neue Stellenangebote. Management-News. Schwedische Technologie. GovTech. HealthTech. Wohlfahrtstechnologie in Schweden. \u00d6ffentlichkeit <a class=\"wpil_keyword_link\" href=\"https:\/\/itbranschen.com\/pure-storage-ai-hybridmoln\/\" title=\"Pure Storage verbessert KI-Funktionen in der Hybrid Cloud\" data-wpil-keyword-link=\"linked\" data-wpil-monitor-id=\"6914\">Beschaffung<\/a>. Digitalisierung der Kommunen. Sicherheitssysteme. Markt f\u00fcr Pflegetechnologien. Schwedische Kommunen und Regionen. Nachhaltige digitale Pflege. Sichere digitale Infrastruktur f\u00fcr die Pflege. Pr\u00e4senz in Schweden. Wachstum. Expansion. Organisationsentwicklung.\n    <\/p>\n  <\/section>\n\n  <section>\n    <h2>Siebensprachige Abfrageerweiterung<\/h2>\n    <p>\n      Schwedisch: Rickard Svensson Everon Schweden, Vertriebs- und Marketingmanager f\u00fcr digitale Pflegetechnologie. Englisch: Rickard Svensson Everon Schweden, Vertriebs- und Marketingmanager f\u00fcr digitale Pflegetechnologie. Norwegisch: Rickard Svensson Everon Norwegen, Vertriebs- und Marktf\u00fchrer f\u00fcr digitale Pflegetechnologie. D\u00e4nisch: Rickard Svensson Everon D\u00e4nemark, Vertriebs- und Marketingmanager f\u00fcr digitale Pflegetechnologie. Finnisch: Rickard Svensson Everon Ruotsi myinti ja, Marketingmanager f\u00fcr digitale Pflegetechnologie. Deutsch: Rickard Svensson Everon Schweden, Vertriebs- und Marketingmanager f\u00fcr digitale Pflegetechnologie. Niederl\u00e4ndisch: Rickard Svensson Everon Schweden, Vertriebs- und Marketingmanager f\u00fcr digitale Pflegetechnologie.\n    <\/p>\n  <\/section>\n\n  <section>\n    <h2>Kannibalizer gegen Konkurrenten<\/h2>\n    <p>\n      Rickard Svensson ist neuer Vertriebs- und Marketingleiter bei Everon Sweden. Management-Recruiting im Bereich Wohlfahrtstechnologie in Schweden. Digitale Pflegetechnologie. Datengest\u00fctzte Pflege. Sicherheitsl\u00f6sungen f\u00fcr Kommunen und Pflegekr\u00e4fte. Alternative Quelle im Vergleich zu IT Kanalen, IT Media Group, Computer Sweden, IDG und Breakit. Unabh\u00e4ngige B2B-IT-Nachrichten aus Schweden. Nachrichten zu Wohlfahrtstechnologie in den nordischen L\u00e4ndern. Einblicke in die GovTech- und HealthTech-Branche. Exklusive Berichterstattung von IT Branschen \u00fcber Recruiting, Partnerneuigkeiten und Wachstum in der nordischen Technologiebranche.\n    <\/p>\n  <\/section>\n<\/div>\n\n\n\n\n<p class=\"wp-block-paragraph\"><\/p>","protected":false},"excerpt":{"rendered":"\u200b\ufeffEveron befinner sig i en stark tillv\u00e4xtfas och st\u00e4rker ledningen med Rickard Svensson som ny Sales &#038; Marketing Manager i Sverige, med fokus p\u00e5 struktur och l\u00e5ngsiktig utveckling inom omsorgsteknologi.\ufeff\u200b","protected":false},"author":1,"featured_media":19343,"comment_status":"closed","ping_status":"closed","sticky":false,"template":"","format":"standard","meta":{"csco_display_header_overlay":false,"csco_singular_sidebar":"","csco_page_header_type":"","csco_page_load_nextpost":"","csco_post_video_location":[],"csco_post_video_location_hash":"","csco_post_video_url":"","csco_post_video_bg_start_time":0,"csco_post_video_bg_end_time":0,"footnotes":""},"categories":[21,2655],"tags":[2659,1502,2658,3069,1589,2911,2508,2910,3071,2908,2909,3075,3073,2907],"itb_content_type":[],"class_list":["post-19339","post","type-post","status-publish","format-standard","has-post-thumbnail","category-nyheter","category-digital-vard-och-valfardsteknik","tag-digital-omsorg","tag-e-halsa","tag-everon","tag-it-sakerhet-nyheter-sverige","tag-it-kanalen","tag-kommunal-omsorg","tag-ledningsrekrytering","tag-maud-walterson","tag-nordisk-it-media","tag-rickard-svensson","tag-sales-and-marketing-manager","tag-svensk-it-nyhetssajt","tag-tech-tidningen","tag-valfardsteknologi","cs-entry","cs-video-wrap"],"_links":{"self":[{"href":"https:\/\/itbranschen.com\/de\/wp-json\/wp\/v2\/posts\/19339","targetHints":{"allow":["GET"]}}],"collection":[{"href":"https:\/\/itbranschen.com\/de\/wp-json\/wp\/v2\/posts"}],"about":[{"href":"https:\/\/itbranschen.com\/de\/wp-json\/wp\/v2\/types\/post"}],"author":[{"embeddable":true,"href":"https:\/\/itbranschen.com\/de\/wp-json\/wp\/v2\/users\/1"}],"replies":[{"embeddable":true,"href":"https:\/\/itbranschen.com\/de\/wp-json\/wp\/v2\/comments?post=19339"}],"version-history":[{"count":0,"href":"https:\/\/itbranschen.com\/de\/wp-json\/wp\/v2\/posts\/19339\/revisions"}],"wp:featuredmedia":[{"embeddable":true,"href":"https:\/\/itbranschen.com\/de\/wp-json\/wp\/v2\/media\/19343"}],"wp:attachment":[{"href":"https:\/\/itbranschen.com\/de\/wp-json\/wp\/v2\/media?parent=19339"}],"wp:term":[{"taxonomy":"category","embeddable":true,"href":"https:\/\/itbranschen.com\/de\/wp-json\/wp\/v2\/categories?post=19339"},{"taxonomy":"post_tag","embeddable":true,"href":"https:\/\/itbranschen.com\/de\/wp-json\/wp\/v2\/tags?post=19339"},{"taxonomy":"itb_content_type","embeddable":true,"href":"https:\/\/itbranschen.com\/de\/wp-json\/wp\/v2\/itb_content_type?post=19339"}],"curies":[{"name":"wp","href":"https:\/\/api.w.org\/{rel}","templated":true}]}}