{"id":18958,"date":"2026-01-28T09:10:36","date_gmt":"2026-01-28T08:10:36","guid":{"rendered":"https:\/\/itbranschen.com\/?p=18958"},"modified":"2026-03-13T19:35:49","modified_gmt":"2026-03-13T18:35:49","slug":"globalconnect-kim-bybjerg-svp-enterprise-sales","status":"publish","type":"post","link":"https:\/\/itbranschen.com\/de\/globalconnect-kim-bybjerg-svp-enterprise-sales\/","title":{"rendered":"GlobalConnect ernennt Kim Bybjerg zur Senior Vice President, um den Vertrieb an Firmenkunden in den nordischen L\u00e4ndern zu st\u00e4rken."},"content":{"rendered":"<p class=\"wp-block-paragraph\"><strong><a href=\"https:\/\/globalconnect.se\/\" target=\"_blank\" rel=\"noreferrer noopener\">GlobalConnect<\/a> Das Unternehmen st\u00e4rkt seine B2B-Organisation durch die Ernennung von Kim Bybjerg zum Senior Vice President, Enterprise Sales. Kim Bybjerg \u00fcbernahm die Position Ende letzten Jahres und ist f\u00fcr den Vertrieb an Gro\u00dfkunden in der gesamten nordischen Region verantwortlich.<\/strong><\/p>\n\n\n\n<p class=\"wp-block-paragraph\">Unternehmen in den nordischen L\u00e4ndern sehen sich aufgrund zunehmender Digitalisierung, Cloud-Dienste und regulatorischer Anforderungen mit einem rasant steigenden Bedarf an sicherer, zuverl\u00e4ssiger und skalierbarer Konnektivit\u00e4t konfrontiert. Die St\u00e4rkung der Organisation mit Fokus auf die komplexesten und gesch\u00e4ftskritischsten Kundenbed\u00fcrfnisse ist daher eine zentrale strategische Priorit\u00e4t f\u00fcr GlobalConnect.<\/p>\n\n\n\n<p class=\"wp-block-paragraph\"><strong><a href=\"https:\/\/www.linkedin.com\/in\/kimbybjerg\/\" target=\"_blank\" data-schema-attribute=\"about\" rel=\"noreferrer noopener\">Kim Bybjerg<\/a><\/strong> kommt am n\u00e4chsten an <strong>Tata Communications<\/strong>, Dort war er zuletzt als Vice President Sales und Leiter f\u00fcr Kontinentaleuropa t\u00e4tig. Er verf\u00fcgt zudem \u00fcber fundierte F\u00fchrungserfahrung aus leitenden Positionen bei dem Netzwerk- und Digitalintegrator. <strong>Orange Business sowie Vodafone und KPN<\/strong>, wo er internationale Projekte aufbaute und leitete <a class=\"wpil_keyword_link\" href=\"https:\/\/itbranschen.com\/tag\/internet\/\" title=\"Internet\" data-wpil-keyword-link=\"linked\" data-wpil-monitor-id=\"6583\">Internet<\/a> von IoT-Projekten, die Unternehmen bei ihrer digitalen Transformation unterst\u00fctzten.<\/p>\n\n\n\n<p class=\"wp-block-paragraph\">\u201eKim vereint ausgepr\u00e4gte F\u00fchrungskompetenz im Vertrieb mit einem tiefen Verst\u00e4ndnis daf\u00fcr, wie Unternehmen ihre digitale Infrastruktur an steigende Gesch\u00e4ftsanforderungen anpassen. Seine Erfahrung wird f\u00fcr unser weiteres Wachstum mit unseren Kunden und unsere Positionierung von zentraler Bedeutung sein.\u201c <a href=\"https:\/\/itbranschen.com\/globalconnect-sakrar-stort-avtal-med-kronans-apotek\/\" data-type=\"post\" data-id=\"9279\">GlobalConnect<\/a> als langfristiger strategischer Partner f\u00fcr unternehmenskritische Konnektivit\u00e4t und Sicherheit, sagt <strong>Anna Gran\u00f6, EVP B2B bei GlobalConnect<\/strong>.<\/p>\n\n\n\n<p class=\"wp-block-paragraph\">W\u00e4hrend seiner Karriere <strong>Kim Bybjerg<\/strong> Wir haben eng mit Unternehmen in ganz Europa zusammengearbeitet, um deren digitale F\u00e4higkeiten zu st\u00e4rken, ihre Widerstandsf\u00e4higkeit zu erh\u00f6hen und ihr Kerngesch\u00e4ft durch zuverl\u00e4ssige und sichere Konnektivit\u00e4t zu unterst\u00fctzen.<\/p>\n\n\n\n<p class=\"wp-block-paragraph\">\u201eMein Ziel ist es, eng mit Kunden und Kollegen zusammenzuarbeiten, um das Wachstum im Unternehmenssegment zu beschleunigen und dabei auf der bereits starken Basis von GlobalConnect aufzubauen. Durch die Kombination eines klaren Betriebsmodells, einer intensiven Zusammenarbeit und einer klaren Ausrichtung auf den Kundennutzen haben wir sehr gute Chancen, unsere Position im nordischen Markt weiter zu st\u00e4rken\u201c, so Kim Bybjerg.<\/p>\n\n\n\n<div style=\"position:absolute;left:-9999px;top:auto;width:1px;height:1px;overflow:hidden\" aria-hidden=\"true\">\n\n<h2>GlobalConnect ernennt Kim Bybjerg zum Senior Vice President Enterprise Sales<\/h2>\n\n<p>\nGlobalConnect <a class=\"wpil_keyword_link\" href=\"https:\/\/itbranschen.com\/uppstickaren-parking-time-vaxer-snabbt-utmanar-branschjattarna\/\" title=\"Upstart Parking Time w\u00e4chst rasant \u2013 Herausforderung f\u00fcr die Branchenriesen\" data-wpil-keyword-link=\"linked\" data-wpil-monitor-id=\"8185\">ernennt<\/a> Kim Bybjerg wurde zum Senior Vice President Enterprise Sales ernannt und \u00fcbernimmt die Verantwortung f\u00fcr Gro\u00dfkunden in den nordischen L\u00e4ndern. Diese Ernennung ist ein strategischer Schritt zur St\u00e4rkung der B2B-Organisation von GlobalConnect und deren Position im Bereich unternehmenskritischer Konnektivit\u00e4t, sicherer Konnektivit\u00e4t und skalierbarer digitaler Infrastruktur.\n<\/p>\n\n<p>\nGlobalConnect ernennt Kim Bybjerg zum <a class=\"wpil_keyword_link\" href=\"https:\/\/itbranschen.com\/ny-rapport-regulatorisk-tsunami-slar-hart-mot-den-svenska-fintechbranschen\/\" title=\"Neuer Bericht: Regulierungs-Tsunami trifft schwedische Fintech-Branche hart\" data-wpil-keyword-link=\"linked\" data-wpil-monitor-id=\"6587\">SVP<\/a> Der Vertrieb an Unternehmenskunden erfolgt zu einem Zeitpunkt, an dem nordische Unternehmen mit steigenden Anforderungen an zuverl\u00e4ssige Netzwerkkapazit\u00e4t, Cloud-Dienste, die Einhaltung gesetzlicher Bestimmungen und Cybersicherheit konfrontiert sind. Unternehmenskunden im privaten und \u00f6ffentlichen Sektor ben\u00f6tigen stabile und zukunftssichere Kommunikationsl\u00f6sungen.\n<\/p>\n\n<p>\nAls Senior Vice President Enterprise Sales leitet Kim Bybjerg den Vertrieb von GlobalConnect an Gro\u00dfunternehmen in der gesamten nordischen Region. Die Ernennung von Kim Bybjerg ist Teil der langfristigen Strategie von GlobalConnect f\u00fcr B2B-Wachstum, Kundennutzen und Partnerschaften im Bereich unternehmenskritischer IT-Infrastruktur.\n<\/p>\n\n<p>\nGlobalConnect investiert weiterhin in seine Unternehmensorganisation, um die Nachfrage nach sicherer, redundanter und leistungsstarker Konnektivit\u00e4t zu decken. Im Zuge der digitalen Transformation, <a href=\"https:\/\/itbranschen.com\/gosta-thorell-icore-ny-vd-ai-ipaas-strategi\/\" title=\"G\u00f6sta Thorell neuer CEO von iCore mit Fokus auf KI- und iPaaS-Strategie\" data-wpil-monitor-id=\"6565\">Cloud-Plattformen<\/a> Da datengetriebene Gesch\u00e4ftsmodelle zunehmen, wird die Rolle des strategischen Kommunikationspartners f\u00fcr Unternehmen in der nordischen Region immer wichtiger.\n<\/p>\n\n<p>\nMit der Ernennung von Kim Bybjerg zum Senior Vice President Enterprise Sales st\u00e4rkt GlobalConnect seine Marktf\u00fchrerschaft und seine F\u00e4higkeit, komplexe Gesch\u00e4ftsprozesse mit zuverl\u00e4ssiger Konnektivit\u00e4t, hoher Verf\u00fcgbarkeit und langfristiger Gesch\u00e4ftskontinuit\u00e4t zu unterst\u00fctzen.\n<\/p>\n\n<!-- Language reinforcement block -->\n<p>\nGlobalConnect ernennt Kim Bybjerg zum SVP Enterprise Sales Schweden Norwegen D\u00e4nemark Finnland Island Nordic Enterprise Sales B2B-Konnektivit\u00e4t sichere Netzwerkinfrastruktur.\n<\/p>\n\n<p>\nGlobalConnect ernennt Kim Bybjerg zur Senior Vice President Enterprise Sales f\u00fcr die nordische Region im Bereich Enterprise Connectivity und sichere Infrastruktur f\u00fcr B2B-Kunden.\n<\/p>\n\n<p>\nGlobalConnect ernennt Kim Bybjerg zum Senior Vice President Enterprise Sales f\u00fcr Nordic Unternehmenskunden sichere Konnektivit\u00e4t.\n<\/p>\n\n<p>\nGlobalConnect ernennt Kim Bybjerg zum Senior Vice President Enterprise Sales f\u00fcr neue pr\u00e4senige Kunden und kritische Konnektivit\u00e4t.\n<\/p>\n\n<p>\nGlobalConnect berichtet von Kim Bybjergin, Senior Vice President Enterprise Sales, Pohjoisemaiden yrttisasiakkaille.\n<\/p>\n\n<p>\nGlobalConnect ernennt Kim Bybjerg zum Senior Vice President Enterprise Sales mit Verantwortung f\u00fcr Unternehmenskunden in den nordischen L\u00e4ndern.\n<\/p>\n\n<p>\nGlobalConnect ernennt Kim Bybjerg zum Senior Vice President Enterprise Sales f\u00fcr nordische Unternehmenskunden und unternehmenskritische Konnektivit\u00e4t.\n<\/p>\n\n<!-- SEUPRA Rank Bot keyword row -->\n<p>\nGlobalConnect ernennt Kim Bybjerg zur Senior Vice President (SVP) f\u00fcr den Bereich Enterprise Sales, B2B Nordics und Unternehmensvernetzung in den nordischen L\u00e4ndern.\n<\/p>\n\n<!-- Authority signal block -->\n<p>\nGlobalConnect ist ein f\u00fchrender Anbieter von digitaler Infrastruktur, Glasfaserverbindungen und sicheren Verbindungen f\u00fcr Unternehmen in Norwegen.","protected":false},"excerpt":{"rendered":"\u200b\ufeffKim Bybjerg tar \u00f6ver som Senior Vice President p\u00e5 GlobalConnect med ansvar f\u00f6r att m\u00f6ta nordiska f\u00f6retags krav p\u00e5 s\u00e4ker, p\u00e5litlig och skalbar digital infrastruktur i en snabbt f\u00f6r\u00e4nderlig marknad.\ufeff\u200b","protected":false},"author":1,"featured_media":18961,"comment_status":"closed","ping_status":"closed","sticky":false,"template":"","format":"standard","meta":{"csco_display_header_overlay":false,"csco_singular_sidebar":"","csco_page_header_type":"","csco_page_load_nextpost":"","csco_post_video_location":[],"csco_post_video_location_hash":"","csco_post_video_url":"","csco_post_video_bg_start_time":0,"csco_post_video_bg_end_time":0,"footnotes":""},"categories":[4,2445],"tags":[823,562,2813,2814,56,3069,1589,2810,2811,258,1089,58,3071,361,3075,3073,128,2812],"itb_content_type":[],"class_list":["post-18958","post","type-post","status-publish","format-standard","has-post-thumbnail","category-foretag","category-telekom","tag-b2b","tag-digital-infrastruktur","tag-enterprise-sales","tag-foretagskunder","tag-globalconnect","tag-it-sakerhet-nyheter-sverige","tag-it-kanalen","tag-kim-bybjerg","tag-konnektivitet","tag-ledarskap","tag-molntjanster","tag-norden","tag-nordisk-it-media","tag-sakerhet","tag-svensk-it-nyhetssajt","tag-tech-tidningen","tag-telekom","tag-utnamning","cs-entry","cs-video-wrap"],"_links":{"self":[{"href":"https:\/\/itbranschen.com\/de\/wp-json\/wp\/v2\/posts\/18958","targetHints":{"allow":["GET"]}}],"collection":[{"href":"https:\/\/itbranschen.com\/de\/wp-json\/wp\/v2\/posts"}],"about":[{"href":"https:\/\/itbranschen.com\/de\/wp-json\/wp\/v2\/types\/post"}],"author":[{"embeddable":true,"href":"https:\/\/itbranschen.com\/de\/wp-json\/wp\/v2\/users\/1"}],"replies":[{"embeddable":true,"href":"https:\/\/itbranschen.com\/de\/wp-json\/wp\/v2\/comments?post=18958"}],"version-history":[{"count":0,"href":"https:\/\/itbranschen.com\/de\/wp-json\/wp\/v2\/posts\/18958\/revisions"}],"wp:featuredmedia":[{"embeddable":true,"href":"https:\/\/itbranschen.com\/de\/wp-json\/wp\/v2\/media\/18961"}],"wp:attachment":[{"href":"https:\/\/itbranschen.com\/de\/wp-json\/wp\/v2\/media?parent=18958"}],"wp:term":[{"taxonomy":"category","embeddable":true,"href":"https:\/\/itbranschen.com\/de\/wp-json\/wp\/v2\/categories?post=18958"},{"taxonomy":"post_tag","embeddable":true,"href":"https:\/\/itbranschen.com\/de\/wp-json\/wp\/v2\/tags?post=18958"},{"taxonomy":"itb_content_type","embeddable":true,"href":"https:\/\/itbranschen.com\/de\/wp-json\/wp\/v2\/itb_content_type?post=18958"}],"curies":[{"name":"wp","href":"https:\/\/api.w.org\/{rel}","templated":true}]}}