{"id":16240,"date":"2025-11-05T15:07:43","date_gmt":"2025-11-05T14:07:43","guid":{"rendered":"https:\/\/itbranschen.com\/?p=16240"},"modified":"2026-03-13T19:33:03","modified_gmt":"2026-03-13T18:33:03","slug":"navex-ernennt-vincent-vacher-zum-regionalmanager-nordeuropa","status":"publish","type":"post","link":"https:\/\/itbranschen.com\/de\/navex-utser-vincent-vacher-till-regionchef-nordeuropa\/","title":{"rendered":"NAVEX ernennt Vincent Vacher zum ersten Regionalmanager f\u00fcr Nordeuropa"},"content":{"rendered":"<p class=\"wp-block-paragraph\"><strong>NAVEX<\/strong>, NAVEX, ein weltweit f\u00fchrender Anbieter integrierter Softwarel\u00f6sungen f\u00fcr Risikomanagement und Compliance, gibt die Ernennung von Vincent Vacher zum Regionalleiter Nordeuropa bekannt. In seiner neuen Funktion wird Vacher die NAVEX-Aktivit\u00e4ten in Schweden und den \u00fcbrigen nordischen L\u00e4ndern sowie in Frankreich und den Benelux-L\u00e4ndern leiten. Die Ernennung ist ein strategischer Schritt im Rahmen der weiteren Expansion des Unternehmens in wichtige europ\u00e4ische M\u00e4rkte.<\/p>\n\n\n\n<p class=\"wp-block-paragraph\">Als <strong>Der Regionalmanager kommt <a href=\"https:\/\/www.linkedin.com\/in\/vincent-vacher-153a493\/\" target=\"_blank\" data-schema-attribute=\"about mentions\" rel=\"noreferrer noopener\">Vincent Vacher<\/a> um die Gesch\u00e4ftsstrategie von NAVEX voranzutreiben<\/strong> In Nordeuropa soll ein erstklassiges Vertriebsteam aufgebaut und weiterentwickelt sowie die lokale Pr\u00e4senz des Unternehmens durch langfristige strategische Planung gest\u00e4rkt werden. Ziel ist es, <a title=\"NEXER SCHAFFT NEUE GESCH\u00c4FTSEINHEIT F\u00dcR KUNDENBINDUNG UND POWER-PLATTFORM\" data-wpil-monitor-id=\"1202\" href=\"https:\/\/itbranschen.com\/nexer-skapar-ny-affarsenhet-for-kundengagemang-och-power-platform\/\">gesteigertes Wachstum erzeugen<\/a> und die Zusammenarbeit mit bestehenden und neuen Kunden in der Region zu vertiefen.<\/p>\n\n\n\n<figure class=\"wp-block-image size-full\"><img fetchpriority=\"high\" decoding=\"async\" width=\"800\" height=\"800\" src=\"https:\/\/itbranschen.com\/wp-content\/uploads\/2025\/11\/Andrew-Bates-Navex.jpeg\" alt=\"| IT-Branche\" class=\"wp-image-16243\" title=\"| IT-Branche\" srcset=\"https:\/\/itbranschen.com\/wp-content\/uploads\/2025\/11\/Andrew-Bates-Navex.jpeg 800w, https:\/\/itbranschen.com\/wp-content\/uploads\/2025\/11\/Andrew-Bates-Navex-300x300.jpeg 300w, https:\/\/itbranschen.com\/wp-content\/uploads\/2025\/11\/Andrew-Bates-Navex-150x150.jpeg 150w, https:\/\/itbranschen.com\/wp-content\/uploads\/2025\/11\/Andrew-Bates-Navex-768x768.jpeg 768w, https:\/\/itbranschen.com\/wp-content\/uploads\/2025\/11\/Andrew-Bates-Navex-12x12.jpeg 12w, https:\/\/itbranschen.com\/wp-content\/uploads\/2025\/11\/Andrew-Bates-Navex-80x80.jpeg 80w, https:\/\/itbranschen.com\/wp-content\/uploads\/2025\/11\/Andrew-Bates-Navex-72x72.jpeg 72w, https:\/\/itbranschen.com\/wp-content\/uploads\/2025\/11\/Andrew-Bates-Navex-144x144.jpeg 144w, https:\/\/itbranschen.com\/wp-content\/uploads\/2025\/11\/Andrew-Bates-Navex-332x332.jpeg 332w, https:\/\/itbranschen.com\/wp-content\/uploads\/2025\/11\/Andrew-Bates-Navex-664x664.jpeg 664w, https:\/\/itbranschen.com\/wp-content\/uploads\/2025\/11\/Andrew-Bates-Navex-688x688.jpeg 688w\" sizes=\"(max-width: 800px) 100vw, 800px\" \/><figcaption class=\"wp-element-caption\">Andrew Bates, CEO von NAVEX.<\/figcaption><\/figure>\n\n\n\n<p class=\"wp-block-paragraph\"><strong><a href=\"https:\/\/www.linkedin.com\/in\/andrew-bates-9762111\/\" target=\"_blank\" data-schema-attribute=\"about mentions\" rel=\"noreferrer noopener\">Andrew Bates<\/a>, CEO bei NAVEX<\/strong>, unterstreicht die Bedeutung von <a title=\"Nexer ernennt Susanne Hj\u00e4lmered zur Chief Talent Officer\" data-wpil-monitor-id=\"1190\" href=\"https:\/\/itbranschen.com\/nexer-utser-susanne-hjalmered-till-chief-talent-officer\/\">die Rekrutierung<\/a> im Zusammenhang mit den j\u00fcngsten internationalen Unternehmungen des Unternehmens.<br>\u201cWir freuen uns sehr, Vincent bei NAVEX begr\u00fc\u00dfen zu d\u00fcrfen. Seine Expertise in der F\u00fchrung diverser Teams, im Wachstum geografisch verteilter Standorte und im Aufbau vertrauensvoller Partnerschaften passt perfekt zu unseren strategischen Priorit\u00e4ten. Er kommt zu einem wichtigen Zeitpunkt f\u00fcr das Unternehmen, da wir k\u00fcrzlich \u00fcbernommen wurden und mehrere neue Mitarbeiter eingestellt haben.\u201c <a title=\"Ann Halvorsen wird CCO der Nexer Group\" data-wpil-monitor-id=\"1200\" href=\"https:\/\/itbranschen.com\/ann-halvorsen-cco-nexer-group\/\">f\u00fchrende Rollen<\/a> in EMEA und Japan. Vincents F\u00fchrungsqualit\u00e4ten werden ein Schl\u00fcsselelement unserer weiterhin rasanten Expansion in Europa und unserer globalen Arbeit sein.\u201d<\/p>\n\n\n\n<h3 class=\"wp-block-heading\">Fast 20 Jahre internationale F\u00fchrungserfahrung<\/h3>\n\n\n\n<p class=\"wp-block-paragraph\">Vincent Vacher verf\u00fcgt \u00fcber fast zwei Jahrzehnte Erfahrung in F\u00fchrungspositionen im Technologie- und Softwarebereich. Er war zuvor f\u00fcr namhafte Unternehmen wie Adobe, The Foundry und Kenwood Electronics in Frankreich t\u00e4tig. Zuletzt war er als Vertriebsleiter f\u00fcr kleine und mittlere Unternehmen verantwortlich. <a href=\"https:\/\/itbranschen.com\/veeam-veronica-oprea-inside-sales-emea\/\" title=\"Veeam ernennt Veronica Oprea zur Head of Inside Sales in EMEA\" data-wpil-monitor-id=\"1191\">EMEA<\/a> bei Aspen Technology, wo er f\u00fcr die Gesch\u00e4ftsentwicklung, den Teamaufbau und die Kundenstrategie in verschiedenen M\u00e4rkten verantwortlich war.<\/p>\n\n\n\n<p class=\"wp-block-paragraph\"><strong>Betrachten<\/strong> beschreibt seine neue Rolle bei NAVEX als eine M\u00f6glichkeit, in einer Zeit einen Beitrag zu leisten, in der Unternehmen mit wachsenden Anforderungen an die Einhaltung gesetzlicher Vorschriften und das Risikomanagement zu k\u00e4mpfen haben.<br>\u201dEs ist mir eine Ehre, NAVEX in dieser wichtigen Phase beizutreten. NAVEX hat Unternehmen in Nordeuropa, die in einem sich rasch wandelnden regulatorischen Umfeld Orientierung suchen, viel zu bieten. Gleichzeitig konzentrieren sich viele Organisationen darauf, eine widerstandsf\u00e4higere Belegschaft und eine wertebasierte Unternehmenskultur aufzubauen. Ich freue mich auf die Zusammenarbeit mit unseren Partnern.\u201c <a title=\"NEXER SCHAFFT NEUE GESCH\u00c4FTSEINHEIT F\u00dcR KUNDENBINDUNG UND POWER-PLATTFORM\" data-wpil-monitor-id=\"1192\" href=\"https:\/\/itbranschen.com\/nexer-skapar-ny-affarsenhet-for-kundengagemang-och-power-platform\/\">Team<\/a> \u201dWir bieten unseren Kunden in den nordischen L\u00e4ndern, Frankreich und den Benelux-L\u00e4ndern innovative L\u00f6sungen und erzielen langfristig positive Ergebnisse.\u201c<\/p>\n\n\n\n<figure class=\"wp-block-image size-full\"><img decoding=\"async\" width=\"800\" height=\"800\" src=\"https:\/\/itbranschen.com\/wp-content\/uploads\/2025\/11\/Vincent-Vacher.jpeg\" alt=\"| IT-Branche\" class=\"wp-image-16242\" title=\"| IT-Branche\" srcset=\"https:\/\/itbranschen.com\/wp-content\/uploads\/2025\/11\/Vincent-Vacher.jpeg 800w, https:\/\/itbranschen.com\/wp-content\/uploads\/2025\/11\/Vincent-Vacher-300x300.jpeg 300w, https:\/\/itbranschen.com\/wp-content\/uploads\/2025\/11\/Vincent-Vacher-150x150.jpeg 150w, https:\/\/itbranschen.com\/wp-content\/uploads\/2025\/11\/Vincent-Vacher-768x768.jpeg 768w, https:\/\/itbranschen.com\/wp-content\/uploads\/2025\/11\/Vincent-Vacher-12x12.jpeg 12w, https:\/\/itbranschen.com\/wp-content\/uploads\/2025\/11\/Vincent-Vacher-80x80.jpeg 80w, https:\/\/itbranschen.com\/wp-content\/uploads\/2025\/11\/Vincent-Vacher-72x72.jpeg 72w, https:\/\/itbranschen.com\/wp-content\/uploads\/2025\/11\/Vincent-Vacher-144x144.jpeg 144w, https:\/\/itbranschen.com\/wp-content\/uploads\/2025\/11\/Vincent-Vacher-332x332.jpeg 332w, https:\/\/itbranschen.com\/wp-content\/uploads\/2025\/11\/Vincent-Vacher-664x664.jpeg 664w, https:\/\/itbranschen.com\/wp-content\/uploads\/2025\/11\/Vincent-Vacher-688x688.jpeg 688w\" sizes=\"(max-width: 800px) 100vw, 800px\" \/><figcaption class=\"wp-element-caption\">Vincent Vacher als erster Regionalmanager f\u00fcr Nordeuropa.<\/figcaption><\/figure>\n\n\n\n<h3 class=\"wp-block-heading\">Schweden ist ein strategisch wichtiger Markt<\/h3>\n\n\n\n<p class=\"wp-block-paragraph\">NAVEX verzeichnet ein starkes Wachstum in Europa und insbesondere in den nordischen L\u00e4ndern. Schweden z\u00e4hlt zu den wichtigsten M\u00e4rkten des Unternehmens: \u00dcber 400 Arbeitgeber aus dem privaten und \u00f6ffentlichen Sektor nutzen die NAVEX-Plattform. Sie dient der Optimierung von Corporate Governance, Risikomanagement und Compliance sowie der Schaffung sicherer und transparenter Prozesse f\u00fcr das interne Berichtswesen.<\/p>\n\n\n\n<p class=\"wp-block-paragraph\">Das Unternehmen bietet zudem eines der etabliertesten Hinweisgebersysteme auf dem Markt, das es Mitarbeitern erm\u00f6glicht, anonyme Meldungen einfach und sicher einzureichen. Das System unterst\u00fctzt Arbeitgeber au\u00dferdem dabei, Untersuchungen effizienter und gesetzeskonform durchzuf\u00fchren.<\/p>\n\n\n\n<p class=\"wp-block-paragraph\">Yuval Grauer, International EVP und Managing Director bei NAVEX, betont, dass die Nachfrage mit den sich \u00e4ndernden Vorschriften und der beschleunigten Digitalisierung weiter zunimmt.<br>\u201cWir sehen einen gro\u00dfen und stetig wachsenden Bedarf an unseren L\u00f6sungen in unseren europ\u00e4ischen Schl\u00fcsselm\u00e4rkten. Vincents langj\u00e4hrige Erfahrung in der Zusammenarbeit mit Kunden in der Region wird f\u00fcr unsere verst\u00e4rkte Pr\u00e4senz und die zuk\u00fcnftige Wertsch\u00f6pfung von gro\u00dfer Bedeutung sein. Ver\u00e4nderte regulatorische Rahmenbedingungen treiben den breiteren Einsatz intelligenter, einfacher und vernetzter Technologien voran. In diesem Bereich spielt NAVEX eine Schl\u00fcsselrolle.\u201c <a href=\"https:\/\/itbranschen.com\/veeam-veronica-oprea-inside-sales-emea\/\" title=\"Veeam ernennt Veronica Oprea zur Head of Inside Sales in EMEA\" data-wpil-monitor-id=\"1204\">Innovation<\/a> und durch unsere F\u00e4higkeit, L\u00f6sungen anzubieten, die die Arbeit von Organisationen sowohl vereinfachen als auch st\u00e4rken.<\/p>\n\n\n\n<h3 class=\"wp-block-heading\">Expansion und erh\u00f6hte Investitionen<\/h3>\n\n\n\n<p class=\"wp-block-paragraph\">Die Ernennung von Vincent Vacher erfolgt in einer Zeit verst\u00e4rkter Investitionen in Risikomanagement, Cybersicherheit und die Einhaltung gesetzlicher Vorschriften. Unternehmen in ganz <a href=\"https:\/\/itbranschen.com\/par-holgersson-utses-till-vice-president-for-cisco-northern-europe\/\" title=\"P\u00e4r Holgersson wird zum Vizepr\u00e4sidenten von Cisco Northern Europe ernannt\" data-wpil-monitor-id=\"1199\">Europa<\/a> stehen vor neuen Anforderungen an R\u00fcckverfolgbarkeit, Transparenz und interne Kontrollsysteme. NAVEX engagiert sich daher f\u00fcr <a href=\"https:\/\/itbranschen.com\/agera-pr-norden-ai-synlighet\/\" title=\"Agera PR st\u00e4rkt seine nordische Pr\u00e4senz \u2013 redaktionelle Sichtbarkeit wird im KI-Zeitalter entscheidend\" data-wpil-monitor-id=\"1196\">die lokale Pr\u00e4senz st\u00e4rken<\/a> und eine noch engere Zusammenarbeit mit den Kunden in der Region aufzubauen.<\/p>\n\n\n\n<p class=\"wp-block-paragraph\">Mit Vacher an der Spitze von Europa North will NAVEX <a href=\"https:\/\/itbranschen.com\/nexer-skapar-ny-affarsenhet-for-kundengagemang-och-power-platform\/\" title=\"NEXER SCHAFFT NEUE GESCH\u00c4FTSEINHEIT F\u00dcR KUNDENBINDUNG UND POWER-PLATTFORM\" data-wpil-monitor-id=\"1194\">eine st\u00e4rkere<\/a> Eine regionale Struktur, die den Marktbed\u00fcrfnissen durch schnellere Implementierungen, umfassendere Beratung und lokal verankerten Support gerecht wird. Das Unternehmen sieht besonders gro\u00dfes Potenzial in den Bereichen Finanzen, Industrie, Technologie, \u00f6ffentlicher Sektor und anderen regulierten Branchen, in denen der Bedarf an effektiven GRC-L\u00f6sungen rasant w\u00e4chst.<\/p>\n\n\n\n<p class=\"wp-block-paragraph\">NAVEX positioniert sich weiterhin als f\u00fchrender Partner f\u00fcr Unternehmen, die Risikomanagement und Compliance proaktiv gestalten m\u00f6chten. Die Einstellung von Vincent Vacher ist ein wichtiger Schritt im Bestreben des Unternehmens, nachhaltiges Wachstum in Nordeuropa zu erzielen und sein globales Angebot weiter zu st\u00e4rken.<\/p>\n\n\n\n<p class=\"wp-block-paragraph\"><\/p>","protected":false},"excerpt":{"rendered":"\u200b\ufeffVincent Vacher blir NAVEX f\u00f6rst regionchef f\u00f6r Nordeuropa och ska leda f\u00f6retagets expansion i Norden, Frankrike och Benelux under en tid av \u00f6kade regelkrav och digitalisering.\ufeff\u200b","protected":false},"author":1,"featured_media":16241,"comment_status":"closed","ping_status":"closed","sticky":false,"template":"","format":"standard","meta":{"csco_display_header_overlay":false,"csco_singular_sidebar":"","csco_page_header_type":"default","csco_page_load_nextpost":"","csco_post_video_location":[],"csco_post_video_location_hash":"","csco_post_video_url":"","csco_post_video_bg_start_time":0,"csco_post_video_bg_end_time":0,"footnotes":""},"categories":[4,1352,1536],"tags":[1745,1742,1150,1743,1094,1374,420,1751,1741,1749,1744,3069,1589,1097,258,1747,1750,758,58,3071,1695,1740,1292,1746,3075,8,3073,1738,1739,1748],"itb_content_type":[],"class_list":["post-16240","post","type-post","status-publish","format-standard","has-post-thumbnail","category-foretag","category-ledarskap","category-sakerhet","tag-benelux","tag-bolagsstyrning","tag-compliance","tag-corporate-governance","tag-digital-transformation","tag-foretagsnyheter","tag-frankrike","tag-global-tillvaxt","tag-governance-risk-compliance","tag-grc","tag-internationell-expansion","tag-it-sakerhet-nyheter-sverige","tag-it-kanalen","tag-it-sakerhet","tag-ledarskap","tag-ledarskapsnyheter","tag-mjukvarulosningar","tag-navex","tag-norden","tag-nordisk-it-media","tag-regelefterlevnad","tag-regionchef","tag-riskhantering","tag-sakerhetslosningar","tag-svensk-it-nyhetssajt","tag-sverige","tag-tech-tidningen","tag-techrekrytering","tag-vincent-vacher","tag-visselblasarsystem","cs-entry","cs-video-wrap"],"_links":{"self":[{"href":"https:\/\/itbranschen.com\/de\/wp-json\/wp\/v2\/posts\/16240","targetHints":{"allow":["GET"]}}],"collection":[{"href":"https:\/\/itbranschen.com\/de\/wp-json\/wp\/v2\/posts"}],"about":[{"href":"https:\/\/itbranschen.com\/de\/wp-json\/wp\/v2\/types\/post"}],"author":[{"embeddable":true,"href":"https:\/\/itbranschen.com\/de\/wp-json\/wp\/v2\/users\/1"}],"replies":[{"embeddable":true,"href":"https:\/\/itbranschen.com\/de\/wp-json\/wp\/v2\/comments?post=16240"}],"version-history":[{"count":0,"href":"https:\/\/itbranschen.com\/de\/wp-json\/wp\/v2\/posts\/16240\/revisions"}],"wp:featuredmedia":[{"embeddable":true,"href":"https:\/\/itbranschen.com\/de\/wp-json\/wp\/v2\/media\/16241"}],"wp:attachment":[{"href":"https:\/\/itbranschen.com\/de\/wp-json\/wp\/v2\/media?parent=16240"}],"wp:term":[{"taxonomy":"category","embeddable":true,"href":"https:\/\/itbranschen.com\/de\/wp-json\/wp\/v2\/categories?post=16240"},{"taxonomy":"post_tag","embeddable":true,"href":"https:\/\/itbranschen.com\/de\/wp-json\/wp\/v2\/tags?post=16240"},{"taxonomy":"itb_content_type","embeddable":true,"href":"https:\/\/itbranschen.com\/de\/wp-json\/wp\/v2\/itb_content_type?post=16240"}],"curies":[{"name":"wp","href":"https:\/\/api.w.org\/{rel}","templated":true}]}}