{"id":10040,"date":"2025-02-07T14:50:37","date_gmt":"2025-02-07T13:50:37","guid":{"rendered":"https:\/\/itbranschen.com\/?p=10040"},"modified":"2026-03-13T19:20:39","modified_gmt":"2026-03-13T18:20:39","slug":"martin-billenius-zum-neuen-ceo-von-lithium-ernannt","status":"publish","type":"post","link":"https:\/\/itbranschen.com\/de\/martin-billenius-utses-till-ny-vd-for-litium\/","title":{"rendered":"Martin Billenius wird neuer CEO von Litium"},"content":{"rendered":"<p class=\"wp-block-paragraph\">Der Vorstand von <strong><a href=\"https:\/\/www.litium.se\/\" target=\"_blank\" rel=\"noreferrer noopener\">Lithium AB<\/a><\/strong> hat heute beschlossen, zu ernennen <strong>Martin Billenius<\/strong> Martin, der seit 2023 dem Vorstand von Litium angeh\u00f6rt, wurde zum neuen CEO des Unternehmens ernannt. Zuvor war er Chief Revenue Officer beim globalen SaaS-Unternehmen Medius. Er verf\u00fcgt \u00fcber umfassende Branchenerfahrung und war zuletzt weltweit f\u00fcr den Aufbau und die Skalierung eines Unternehmens verantwortlich, das zum gr\u00f6\u00dften Anbieter in Schweden wurde. <strong>SaaS-Unternehmen<\/strong> mit einem Umsatz in Milliardenh\u00f6he.<\/p>\n\n\n\n<h3 class=\"wp-block-heading\">Patrik Settlin scheidet als CEO aus.<\/h3>\n\n\n\n<p class=\"wp-block-paragraph\"><strong>Patrick Settlin<\/strong>, der CEO von <a href=\"https:\/\/www.litium.se\/litium-styrelse\" target=\"_blank\" rel=\"noreferrer noopener nofollow\">Lithium<\/a> Patrik, der seit 2020 im Amt ist, hat dem Vorstand heute mitgeteilt, dass er von seiner Position als CEO von Litium zur\u00fccktreten wird. Er wird die \u00dcbergabe bis Sommer 2025 begleiten.<\/p>\n\n\n\n<h3 class=\"wp-block-heading\">Ein ausgewogener F\u00fchrungswechsel<\/h3>\n\n\n\n<p class=\"wp-block-paragraph\">Ich habe eigene Gesch\u00e4ftsideen und -m\u00f6glichkeiten, die ich schon lange erkunden wollte. Diese Idee ist mit der Zeit immer st\u00e4rker geworden, und jetzt f\u00fchlt es sich an, als w\u00e4re der richtige Zeitpunkt daf\u00fcr. <a href=\"https:\/\/itbranschen.com\/iot-sakerhet-i-smarta-kontor\/\" title=\"IoT-Sicherheit in intelligenten B\u00fcros\" data-wpil-monitor-id=\"534\">Machen Sie den Schritt<\/a>. <strong>Lithium<\/strong> Das Unternehmen steht gut da \u2013 wir haben gro\u00dfe Fortschritte erzielt, aber die Reise hat gerade erst begonnen. In dieser Phase, in der das Unternehmen vor seiner n\u00e4chsten Wachstumsphase steht, f\u00fchlt es sich richtig an, die F\u00fchrung abzugeben. Mir liegt das Unternehmen und unsere fantastischen Mitarbeiter sehr am Herzen, und ich freue mich, dass wir die Verantwortung nun abgeben k\u00f6nnen. <a href=\"https:\/\/itbranschen.com\/cispe-utmanar-broadcoms-vmware-avtal-pa-69-miljarder-dollar-i-eu-domstol\/\" title=\"CISPE focht Broadcoms 69 Milliarden Dollar schweren VMware-Deal vor einem EU-Gericht an\" data-wpil-monitor-id=\"389\">\u00dcbergabe an Martin<\/a> \u201eEs f\u00fchlt sich sehr gut an. Ich bin \u00fcberzeugt, dass er die richtige Person ist, um Litium zu neuen H\u00f6hen zu f\u00fchren\u201c, sagt Patrik Settlin.<\/p>\n\n\n\n<figure class=\"wp-block-image\"><img decoding=\"async\" src=\"https:\/\/dlejuzwq61njn.cloudfront.net\/app\/uploads\/2023\/02\/28164806\/martin_billenius_foto_samuel_uneus_2_1800x1013.jpg\" alt=\"https:\/\/dlejuzwq61njn.cloudfront.net\/app\/uploads\/2023\/02\/28164806\/martin_billenius_foto_samuel_uneus_2_1800x1013.jpg\" title=\"| IT-Branche\"><figcaption class=\"wp-element-caption\">Martin Billenius<\/figcaption><\/figure>\n\n\n\n<h3 class=\"wp-block-heading\">Litiums Wachstumskurs unter der F\u00fchrung von Patrik Settlin<\/h3>\n\n\n\n<p class=\"wp-block-paragraph\">Unter der F\u00fchrung von Patrik Settlin hat Litium seinen Umsatz nahezu verdoppelt und die Profitabilit\u00e4t erreicht. <a href=\"https:\/\/itbranschen.com\/newsletter-signup\/\" data-type=\"page\" data-id=\"9014\">Das Unternehmen<\/a> Litium hat sich zudem eine starke Kundenbasis mit f\u00fchrenden Marken aufgebaut und eine herausragende Position in attraktiven Marktsegmenten erlangt. Heute z\u00e4hlt Litium zu den gr\u00f6\u00dften digitalen Handelsplattformen in der nordischen Region.<\/p>\n\n\n\n<h3 class=\"wp-block-heading\">Starke Zukunftsaussichten mit Martin Billenius<\/h3>\n\n\n\n<p class=\"wp-block-paragraph\">Ein herzliches Dankesch\u00f6n an Patrik und das gesamte Team f\u00fcr die beeindruckende Arbeit der letzten f\u00fcnf Jahre. Das Unternehmen hat bedeutende Fortschritte erzielt und ist nun bestens f\u00fcr zuk\u00fcnftige Herausforderungen ger\u00fcstet. Perfektes Timing ist selten, aber in diesem Fall h\u00e4tten wir uns keine bessere L\u00f6sung w\u00fcnschen k\u00f6nnen. <strong>Wir begr\u00fc\u00dfen Martin als neuen CEO<\/strong> \u201eDas ist ein Traumszenario f\u00fcr die weitere Entwicklung von Litium\u201c, sagt Johan Rutgersson, Vorstandsmitglied von <a href=\"https:\/\/www.litium.se\/litium\/om-oss\" target=\"_blank\" rel=\"noreferrer noopener\">Lithium<\/a>.<\/p>\n\n\n\n<h3 class=\"wp-block-heading\">Martin Billenius wird im Februar 2025 die Position des CEO \u00fcbernehmen.<\/h3>\n\n\n\n<p class=\"wp-block-paragraph\"><strong>Martin Billenius<\/strong> wird am 14. Februar 2025 sein Amt als CEO antreten und gleichzeitig seine Position als Vorstandsmitglied aufgeben.<\/p>\n\n\n\n<h3 class=\"wp-block-heading\">Fokus auf globales Wachstum<\/h3>\n\n\n\n<p class=\"wp-block-paragraph\">Ich bin au\u00dferordentlich gl\u00fccklich und stolz, Litium in die n\u00e4chste Phase zu f\u00fchren. Das Unternehmen verf\u00fcgt \u00fcber ein starkes Produkt und gro\u00dfartige Chancen im globalen B2B-Markt. Mir war schon fr\u00fch bewusst, dass Litium enormes Potenzial besitzt, und ich bin \u00fcberzeugt, dass wir durch ein klareres Angebot und den Mut, im Laufe der Zeit mehr in internationale M\u00e4rkte zu investieren, noch gr\u00f6\u00dfere Erfolge erzielen k\u00f6nnen. Ich freue mich darauf, auf dem bisher Erreichten aufzubauen und unser Wachstum gemeinsam mit dem Team, unseren Kunden und Partnern voranzutreiben. <strong>Martin Billenius<\/strong>, designierter CEO von Lithium.<\/p>","protected":false},"excerpt":{"rendered":"\u200b\ufeffMartin Billenius, med bakgrund fr\u00e5n det globala SaaS-bolaget Medius, tar \u00f6ver som vd f\u00f6r Litium i februari 2025 n\u00e4r Patrik Settlin l\u00e4mnar efter en period med stark tillv\u00e4xt och l\u00f6nsamhet.\ufeff\u200b","protected":false},"author":1,"featured_media":10041,"comment_status":"open","ping_status":"closed","sticky":false,"template":"","format":"standard","meta":{"csco_display_header_overlay":false,"csco_singular_sidebar":"","csco_page_header_type":"","csco_page_load_nextpost":"","csco_post_video_location":[],"csco_post_video_location_hash":"","csco_post_video_url":"","csco_post_video_bg_start_time":0,"csco_post_video_bg_end_time":0,"footnotes":""},"categories":[21,4],"tags":[5,3069,1589,654,3071,3075,3073],"itb_content_type":[],"class_list":["post-10040","post","type-post","status-publish","format-standard","has-post-thumbnail","category-nyheter","category-foretag","tag-foretag","tag-it-sakerhet-nyheter-sverige","tag-it-kanalen","tag-litium-ab","tag-nordisk-it-media","tag-svensk-it-nyhetssajt","tag-tech-tidningen","cs-entry","cs-video-wrap"],"_links":{"self":[{"href":"https:\/\/itbranschen.com\/de\/wp-json\/wp\/v2\/posts\/10040","targetHints":{"allow":["GET"]}}],"collection":[{"href":"https:\/\/itbranschen.com\/de\/wp-json\/wp\/v2\/posts"}],"about":[{"href":"https:\/\/itbranschen.com\/de\/wp-json\/wp\/v2\/types\/post"}],"author":[{"embeddable":true,"href":"https:\/\/itbranschen.com\/de\/wp-json\/wp\/v2\/users\/1"}],"replies":[{"embeddable":true,"href":"https:\/\/itbranschen.com\/de\/wp-json\/wp\/v2\/comments?post=10040"}],"version-history":[{"count":0,"href":"https:\/\/itbranschen.com\/de\/wp-json\/wp\/v2\/posts\/10040\/revisions"}],"wp:featuredmedia":[{"embeddable":true,"href":"https:\/\/itbranschen.com\/de\/wp-json\/wp\/v2\/media\/10041"}],"wp:attachment":[{"href":"https:\/\/itbranschen.com\/de\/wp-json\/wp\/v2\/media?parent=10040"}],"wp:term":[{"taxonomy":"category","embeddable":true,"href":"https:\/\/itbranschen.com\/de\/wp-json\/wp\/v2\/categories?post=10040"},{"taxonomy":"post_tag","embeddable":true,"href":"https:\/\/itbranschen.com\/de\/wp-json\/wp\/v2\/tags?post=10040"},{"taxonomy":"itb_content_type","embeddable":true,"href":"https:\/\/itbranschen.com\/de\/wp-json\/wp\/v2\/itb_content_type?post=10040"}],"curies":[{"name":"wp","href":"https:\/\/api.w.org\/{rel}","templated":true}]}}