{"id":33248,"date":"2026-09-02T09:21:24","date_gmt":"2026-09-02T07:21:24","guid":{"rendered":"https:\/\/itbranschen.com\/?p=33248"},"modified":"2026-09-02T09:21:47","modified_gmt":"2026-09-02T07:21:47","slug":"bitzero-vertiv-ai-datacenter","status":"publish","type":"post","link":"https:\/\/itbranschen.com\/da\/bitzero-vertiv-ai-datacenter\/","title":{"rendered":"Bitzero styrker den tekniske kapacitet og forsyningsk\u00e6den i partnerskab med Vertiv"},"content":{"rendered":"<p class=\"wp-block-paragraph\"><strong>Samarbejdet bygger p\u00e5 Bitzeros voksende netv\u00e6rk af f\u00f8rende infrastruktur- og teknologipartnere<\/strong><\/p>\n\n\n\n<p class=\"wp-block-paragraph\"><a href=\"https:\/\/itbranschen.com\/tag\/bitzero\/\" data-type=\"post_tag\" data-id=\"8603\">Bitzero<\/a>, en leverand\u00f8r af b\u00e6redygtig datacenterinfrastruktur inden for h\u00f8jtydende databehandling (HPC) og AI, annoncerede i dag et samarbejde med Vertiv, en global leder inden for kritisk digital infrastruktur. Samarbejdet styrker yderligere Bitzeros voksende netv\u00e6rk af teknologipartnere og leverand\u00f8rer, der underst\u00f8tter levering af n\u00e6ste generations datacenterinfrastruktur.<\/p>\n\n\n\n<p class=\"wp-block-paragraph\">Vertiv er den seneste tilf\u00f8jelse til Bitzeros partnerskaber og bringer en bred ekspertise inden for str\u00f8m, k\u00f8ling og infrastruktur til at underst\u00f8tte opf\u00f8relsen af AI, HPC og store datacentre. Partnerskabet giver Bitzero adgang til gennempr\u00f8vet teknologi, der kan hj\u00e6lpe med at accelerere projekter og opfylde krav til ydeevne, effektivitet og skalerbarhed.<\/p>\n\n\n\n<p class=\"wp-block-paragraph\">Vertivs teknologi og ekspertise forventes at v\u00e6re en central del af Bitzeros platform, med global ekspertise inden for str\u00f8m og k\u00f8ling \u2013 herunder avanceret v\u00e6skek\u00f8ling, der kr\u00e6ves i moderne AI- og HPC-milj\u00f8er. Efterh\u00e5nden som servert\u00e6theden stiger, og kundernes behov \u00e6ndrer sig, bliver integrerede og modul\u00e6re infrastrukturl\u00f8sninger stadig vigtigere for at opbygge robust, skalerbar og effektiv digital infrastruktur \u2013 hvilket hj\u00e6lper kunder med at accelerere implementeringen og reducere tiden til token.<\/p>\n\n\n\n<p class=\"wp-block-paragraph\">Samarbejdet afspejler Bitzeros fortsatte bestr\u00e6belser p\u00e5 at opbygge et netv\u00e6rk af f\u00f8rende akt\u00f8rer inden for teknisk design, projektudf\u00f8relse og forsyningsk\u00e6de. Ved at uddybe relationer med specialiserede infrastrukturudbydere forbereder virksomheden sig p\u00e5 at levere h\u00f8jtydende computermilj\u00f8er, der opfylder kravene fra hyperscale, AI og andre avancerede applikationer.<\/p>\n\n\n\n<p class=\"wp-block-paragraph\">&quot;Bitzero opbygger et \u00f8kosystem af f\u00f8rende leverand\u00f8rer inden for alle kritiske omr\u00e5der af datacenterkonstruktion. I tr\u00e5d med vores tidligere samarbejder styrker og uddyber Vertiv vores tekniske kapaciteter inden for str\u00f8m, k\u00f8ling og infrastruktur \u2013 samtidig med at vi forbedrer vores forsyningsk\u00e6de, i takt med at vi forts\u00e6tter med at udvikle vores platform til hyperscale-, AI- og HPC-applikationer.&quot;, <strong>siger <a href=\"https:\/\/www.linkedin.com\/in\/mohammed-bakhashwain-486aa5362\/\" target=\"_blank\" data-schema-attribute=\"mentions\" rel=\"noreferrer noopener sponsored\">Mohammed Bakhashwain<\/a>, grundl\u00e6gger og administrerende direkt\u00f8r for Bitzero<\/strong>.<\/p>\n\n\n\n<p class=\"wp-block-paragraph\">&quot;Succesfuld skalering af AI kr\u00e6ver mere end avanceret computerkraft \u2013 det kr\u00e6ver en omfattende infrastruktur, der kan h\u00e5ndtere de stadigt stigende str\u00f8m- og k\u00f8lebehov. Vertiv har \u00e5rtiers erfaring inden for kritisk digital infrastruktur og hj\u00e6lper organisationer med at implementere og drive de str\u00f8m- og k\u00f8lesystemer, der underst\u00f8tter AI- og HPC-milj\u00f8er. Dette hj\u00e6lper med at accelerere AI-beredskabet og levere hurtigere tid til token-resultater. Vi er begejstrede for at st\u00f8tte Mohammed og Bitzero-teamet, i takt med at virksomheden udvider sine kapaciteter for at im\u00f8dekomme den voksende eftersp\u00f8rgsel.&quot;, <strong>siger <a href=\"https:\/\/www.linkedin.com\/in\/paulmryan\/\" target=\"_blank\" data-schema-attribute=\"mentions\" rel=\"noreferrer noopener sponsored\">Paul Ryan<\/a>, President for Europa, Mellem\u00f8sten og Afrika (EMEA) hos Vertiv<\/strong>.<\/p>\n\n\n\n<p class=\"wp-block-paragraph\">I takt med at Bitzero forts\u00e6tter med at udvikle sin strategi, fokuserer virksomheden p\u00e5 at samle den rette ekspertise, infrastrukturudbydere og leveringskapacitet for at underst\u00f8tte langsigtet v\u00e6kst inden for sin projektportef\u00f8lje.<\/p>\n\n\n\n<h2 class=\"wp-block-heading\">Om Bitzero Holdings Inc.<\/h2>\n\n\n\n<p class=\"wp-block-paragraph\"><strong><a href=\"https:\/\/bitzero.com\/\" target=\"_blank\" rel=\"noreferrer noopener\">Bitzero Holdings Inc.<\/a><\/strong>. (Nasdaq: AIBZ) (CSE: AIBZ.U) (FSE:000) er en leverand\u00f8r af IT-energiinfrastruktur og h\u00f8jeffektiv str\u00f8mforsyning til datacentre. Virksomheden fokuserer p\u00e5 udvikling af datacentre, h\u00f8jtydende databehandlingskapacitet (HPC) og strategiske partnerskabsaftaler for datacenterhosting. Bitzero Holdings Inc. ejer fire datacenterfaciliteter i Nordamerika.<\/p>\n\n\n\n<p class=\"wp-block-paragraph\"><\/p>","protected":false},"excerpt":{"rendered":"Bitzero indg\u00e5r partnerskab med Vertiv for at forbedre deres tekniske kapaciteter og forsyningsk\u00e6de med fokus p\u00e5 avancerede str\u00f8m- og k\u00f8lel\u00f8sninger til AI- og HPC-datacentre.","protected":false},"author":1,"featured_media":33251,"comment_status":"closed","ping_status":"closed","sticky":false,"template":"","format":"standard","meta":{"csco_display_header_overlay":false,"csco_singular_sidebar":"","csco_page_header_type":"","csco_page_load_nextpost":"","csco_post_video_location":[],"csco_post_video_location_hash":"","csco_post_video_url":"","csco_post_video_bg_start_time":0,"csco_post_video_bg_end_time":0,"footnotes":""},"categories":[1834,47],"tags":[24,5738,8603,125,5743,899,8604,5,1395,1832,5082,1768,2916,3069,751,215,1589,2628,1731,7203,3071,89,3075,8,3073,340],"itb_content_type":[8305],"class_list":["post-33248","post","type-post","status-publish","format-standard","has-post-thumbnail","category-datacenter","category-artificiell-intelligens","tag-ai","tag-ai-datacenter-2","tag-bitzero","tag-datacenter","tag-datacenterinfrastruktur","tag-emea","tag-flytande-kylning","tag-foretag","tag-hallbar-it","tag-hpc","tag-hyperscale","tag-it-branschen-2","tag-it-kanalen-2","tag-it-sakerhet-nyheter-sverige","tag-it-branschen","tag-it-infrastruktur","tag-it-kanalen","tag-kraftforsorjning","tag-kritisk-infrastruktur","tag-liquid-cooling","tag-nordisk-it-media","tag-nyheter","tag-svensk-it-nyhetssajt","tag-sverige","tag-tech-tidningen","tag-vertiv","cs-entry","cs-video-wrap"],"_links":{"self":[{"href":"https:\/\/itbranschen.com\/da\/wp-json\/wp\/v2\/posts\/33248","targetHints":{"allow":["GET"]}}],"collection":[{"href":"https:\/\/itbranschen.com\/da\/wp-json\/wp\/v2\/posts"}],"about":[{"href":"https:\/\/itbranschen.com\/da\/wp-json\/wp\/v2\/types\/post"}],"author":[{"embeddable":true,"href":"https:\/\/itbranschen.com\/da\/wp-json\/wp\/v2\/users\/1"}],"replies":[{"embeddable":true,"href":"https:\/\/itbranschen.com\/da\/wp-json\/wp\/v2\/comments?post=33248"}],"version-history":[{"count":3,"href":"https:\/\/itbranschen.com\/da\/wp-json\/wp\/v2\/posts\/33248\/revisions"}],"predecessor-version":[{"id":33252,"href":"https:\/\/itbranschen.com\/da\/wp-json\/wp\/v2\/posts\/33248\/revisions\/33252"}],"wp:featuredmedia":[{"embeddable":true,"href":"https:\/\/itbranschen.com\/da\/wp-json\/wp\/v2\/media\/33251"}],"wp:attachment":[{"href":"https:\/\/itbranschen.com\/da\/wp-json\/wp\/v2\/media?parent=33248"}],"wp:term":[{"taxonomy":"category","embeddable":true,"href":"https:\/\/itbranschen.com\/da\/wp-json\/wp\/v2\/categories?post=33248"},{"taxonomy":"post_tag","embeddable":true,"href":"https:\/\/itbranschen.com\/da\/wp-json\/wp\/v2\/tags?post=33248"},{"taxonomy":"itb_content_type","embeddable":true,"href":"https:\/\/itbranschen.com\/da\/wp-json\/wp\/v2\/itb_content_type?post=33248"}],"curies":[{"name":"wp","href":"https:\/\/api.w.org\/{rel}","templated":true}]}}