{"id":29594,"date":"2026-07-23T08:12:33","date_gmt":"2026-07-23T06:12:33","guid":{"rendered":"https:\/\/itbranschen.com\/?p=29594"},"modified":"2026-07-23T08:12:57","modified_gmt":"2026-07-23T06:12:57","slug":"westcon-comstor-naermer-sig-klimamalet-for-2030","status":"publish","type":"post","link":"https:\/\/itbranschen.com\/da\/westcon-comstor-narmar-sig-klimatmalet-for-2030\/","title":{"rendered":"Westcon-Comstor n\u00e6rmer sig klimam\u00e5let for 2030 gennem \u00f8get brug af vedvarende energi"},"content":{"rendered":"<p class=\"wp-block-paragraph\"><strong>Westcon-Comstor n\u00e6rmer sig sit klimam\u00e5l for 2030 efter at have reduceret sine Scope 1- og Scope 2-drivhusgasudledninger med 42 procent siden 2022. Samtidig forts\u00e6tter virksomheden med at \u00f8ge sin brug af vedvarende energi.<\/strong><\/p>\n\n\n\n<p class=\"wp-block-paragraph\"><strong>Westcon-Comstor<\/strong>, en global teknologidistribut\u00f8r med fokus p\u00e5 cybersikkerhed, netv\u00e6rk og hybride cloudl\u00f8sninger, annoncerede i dag, at virksomheden har reduceret sine drivhusgasemissioner. <strong>inden for Scope 1 og Scope 2 med 42 procent<\/strong> siden 2022. Samtidig forts\u00e6tter brugen af vedvarende elektricitet med at stige.<\/p>\n\n\n\n<p class=\"wp-block-paragraph\">Udviklingen betyder, at virksomheden er foran sin plan om at n\u00e5 m\u00e5let om at reducere de kombinerede Scope 1- og Scope 2-udledninger med 50 procent inden 2030.<\/p>\n\n\n\n<p class=\"wp-block-paragraph\">Vedvarende energikilder tegner sig nu for 54 procent af Westcon-Comstors globale elforbrug, en stigning fra 50 procent \u00e5ret f\u00f8r, hvilket bringer virksomheden t\u00e6ttere p\u00e5 sit m\u00e5l om, at al dens indk\u00f8bte elektricitet skal komme fra vedvarende energikilder inden udgangen af \u00e5rtiet.<\/p>\n\n\n\n<p class=\"wp-block-paragraph\">Fremskridt i forhold til de klimam\u00e5l, der er valideret af Science Based Targets-initiativet (SBTi), rapporteres i virksomhedens seneste <strong>Rapport om ansvarlig virksomhed<\/strong>, som opsummerer <a href=\"https:\/\/itbranschen.com\/tag\/westcon-comstor\/\" data-type=\"post_tag\" data-id=\"709\">Westcon-Comstors<\/a> milj\u00f8m\u00e6ssige, sociale og ledelsesm\u00e6ssige (ESG) resultater i l\u00f8bet af regnskabs\u00e5ret, der sluttede den 28. februar 2026 (FY26).<\/p>\n\n\n\n<p class=\"wp-block-paragraph\">I l\u00f8bet af \u00e5ret har Westcon-Comstor styrket sin ESG-rapportering gennem forbedret dataindsamling, opdaterede metoder og styrkede interne kontroller.<\/p>\n\n\n\n<p class=\"wp-block-paragraph\">Regnskabs\u00e5ret FY26 markerer ogs\u00e5 virksomhedens f\u00f8rste rapporteringsperiode i overensstemmelse med <strong>Europ\u00e6iske standarder for b\u00e6redygtighedsrapportering (ESRS)<\/strong>, som en del af forberedelserne til overholdelse af EU&#039;s <strong>Direktiv om rapportering om b\u00e6redygtighed i virksomheder (CSRD)<\/strong>.<\/p>\n\n\n\n<p class=\"wp-block-paragraph\">Rapporten, der offentligg\u00f8res i dag, fremh\u00e6ver ogs\u00e5 adskillige milj\u00f8initiativer, der er gennemf\u00f8rt i l\u00f8bet af regnskabs\u00e5ret 2026, herunder:<\/p>\n\n\n\n<ul class=\"wp-block-list\">\n<li>Installation af elm\u00e5lere p\u00e5 strategisk vigtige kontorer og logistikfaciliteter.<\/li>\n\n\n\n<li>Integration af milj\u00f8m\u00e6ssige n\u00f8gletal i virksomhedens selvbetjeningsrapporteringsv\u00e6rkt\u00f8jer.<\/li>\n\n\n\n<li>Introduktion af globale retningslinjer for ansvarlig forretningsrejse.<\/li>\n<\/ul>\n\n\n\n<p class=\"wp-block-paragraph\">Derudover produceres der nu vedvarende energi p\u00e5 stedet i n\u00f8glevirksomheder i Storbritannien og Australien.<\/p>\n\n\n\n<p class=\"wp-block-paragraph\">Fremadrettet, planer <strong>Westcon-Comstor<\/strong> at udvide k\u00f8b af vedvarende elektricitet uden for Europa og indf\u00f8re en global firmabilpolitik, hvor el- og hybridbiler prioriteres.<\/p>\n\n\n\n<p class=\"wp-block-paragraph\">Rapporten beskriver ogs\u00e5 virksomhedens fortsatte arbejde med at styrke rapporteringen af Scope 3-emissioner gennem t\u00e6ttere samarbejde med leverand\u00f8rer, bredere datad\u00e6kning og forbedrede beregningsmetoder.<\/p>\n\n\n\n<p class=\"wp-block-paragraph\">I regnskabs\u00e5ret 2026 steg Scope 3-emissionerne med 6 procent, prim\u00e6rt p\u00e5 grund af forretningsv\u00e6kst og \u00f8get produktion, distribution og brug af hardwareprodukter. Samtidig mener virksomheden, at bedre adgang til leverand\u00f8rspecifikke data vil muligg\u00f8re en mere m\u00e5lrettet indsats for at reducere emissionerne fremadrettet.<\/p>\n\n\n\n<p class=\"wp-block-paragraph\">\u201c&quot;Vores seneste rapport om ansvarlig virksomhed viser betydelige fremskridt, b\u00e5de hvad ang\u00e5r vores milj\u00f8pr\u00e6stationer og modenheden i vores ESG-styring og rapportering.&quot;, <strong>siger <a href=\"https:\/\/www.linkedin.com\/in\/laura-mozden\/\" target=\"_blank\" data-schema-attribute=\"mentions\" rel=\"noreferrer noopener sponsored\">Laura Mozden<\/a>, Global chef for ESG hos Westcon-Comstor<\/strong>.<\/p>\n\n\n\n<p class=\"wp-block-paragraph\">\u201c&quot;De fremskridt, vi har gjort med hensyn til emissionsreduktioner og brugen af vedvarende elektricitet, er opmuntrende, men der er stadig meget arbejde at g\u00f8re. Den st\u00f8rste udfordring er at reducere emissioner p\u00e5 tv\u00e6rs af hele vores v\u00e6rdik\u00e6de. Derfor vil vi fortsat fokusere p\u00e5 at forbedre datakvaliteten og uddybe samarbejdet med kanalpartnere og leverand\u00f8rer, samtidig med at vi videreudvikler de styrings- og rapporteringsrammer, der kr\u00e6ves for at skabe langsigtede forbedringer af b\u00e6redygtigheden.&quot;\u201d<\/p>\n\n\n\n<p class=\"wp-block-paragraph\">\u201c&quot;Forventningerne til ESG bliver mere og mere strukturerede, og det er vigtigt, at virksomheder kan demonstrere konkrete og m\u00e5lbare resultater.&quot;, <strong>siger <a href=\"https:\/\/www.linkedin.com\/in\/david-grant-43a17913\/\" target=\"_blank\" data-schema-attribute=\"mentions\" rel=\"noreferrer noopener sponsored\">David Grant<\/a>, administrerende direkt\u00f8r for Westcon-Comstor<\/strong>.<\/p>\n\n\n\n<p class=\"wp-block-paragraph\">\u201c&quot;Selvom vi er stolte af de fremskridt, vi har gjort, ser vi b\u00e6redygtighed som en strategisk forretningsprioritet, ikke en samling af kortsigtede m\u00e5l. Virkelig forandring vil kr\u00e6ve endnu st\u00e6rkere samarbejde p\u00e5 tv\u00e6rs af v\u00e6rdik\u00e6den og det bredere teknologiske \u00f8kosystem. Vores fokus er fortsat p\u00e5 at st\u00f8tte vores partnere og leverand\u00f8rer i at opbygge en mere robust og b\u00e6redygtig IT-pipeline.&quot;\u201d<\/p>\n\n\n\n<ul class=\"wp-block-list\">\n<li><a href=\"https:\/\/www.westconcomstor.com\/content\/dam\/wcgcom\/Global\/CorpSite\/pdfs\/Responsible_Business_Report_FY26.pdf\" target=\"_blank\" rel=\"noreferrer noopener\"><strong>L\u00e6s Westcon-Comstors rapport om virksomhedsansvar for regnskabs\u00e5ret 2026 <\/strong><\/a><\/li>\n\n\n\n<li><a href=\"https:\/\/www.westconcomstor.com\/global\/en\/about-us\/responsible-business.html\" target=\"_blank\" rel=\"noreferrer noopener\"><strong>L\u00e6s mere om Westcon-Comstors strategi for ansvarlig forretning<\/strong><\/a><\/li>\n<\/ul>\n\n\n\n<h2 class=\"wp-block-heading\">Om Westcon-Comstor<\/h2>\n\n\n\n<p class=\"wp-block-paragraph\"><strong><a href=\"https:\/\/www.westconcomstor.com\" target=\"_blank\" data-schema-attribute=\"mentions\" rel=\"noreferrer noopener\">Westcon-Comstor<\/a><\/strong> er en global teknologidistribut\u00f8r med specialistekspertise inden for cybersikkerhed, netv\u00e6rk og hybrid cloud-l\u00f8sninger. Virksomheden opererer i mere end 50 lande og forbinder verdensf\u00f8rende teknologileverand\u00f8rer med forhandlere, systemintegratorer og serviceudbydere over hele verden. Ved at kombinere datadrevet indsigt, teknisk ekspertise og st\u00e6rke partnerskaber hj\u00e6lper Westcon-Comstor sine kanalpartnere med at identificere nye forretningsmuligheder og skabe langsigtet v\u00e6kst. Forretningen drives gennem forretningsomr\u00e5derne Westcon, Comstor og Rebura.<\/p>\n\n\n\n<p class=\"wp-block-paragraph\"><\/p>","protected":false},"excerpt":{"rendered":"\u200b\ufeffWestcon-Comstor har halverat sina direkta utsl\u00e4pp p\u00e5 kort tid och \u00f6kar nu andelen f\u00f6rnybar el till \u00f6ver h\u00e4lften av sin globala elanv\u00e4ndning, p\u00e5 v\u00e4g mot klimatm\u00e5let 2030.\ufeff\u200b","protected":false},"author":1,"featured_media":29596,"comment_status":"closed","ping_status":"closed","sticky":false,"template":"","format":"standard","meta":{"csco_display_header_overlay":false,"csco_singular_sidebar":"","csco_page_header_type":"","csco_page_load_nextpost":"","csco_post_video_location":[],"csco_post_video_location_hash":"","csco_post_video_url":"","csco_post_video_bg_start_time":0,"csco_post_video_bg_end_time":0,"footnotes":""},"categories":[21,1470],"tags":[811,31,5373,7941,2534,1395,126,1405,1843,7943,1547,7944,5375,5366,5378,5371,5380,7067,7942,709],"itb_content_type":[],"class_list":["post-29594","post","type-post","status-publish","format-standard","has-post-thumbnail","category-nyheter","category-hallbarhet","tag-csrd","tag-cybersakerhet","tag-esg","tag-esrs","tag-fornybar-energi","tag-hallbar-it","tag-hallbarhet","tag-hybridmoln","tag-it-distribution","tag-klimatmal-2030","tag-leveranskedja","tag-responsible-business-report-2026","tag-sbti","tag-science-based-targets-initiative","tag-scope-1","tag-scope-2","tag-scope-3","tag-teknikdistribution","tag-utslappsminskning","tag-westcon-comstor","cs-entry","cs-video-wrap"],"_links":{"self":[{"href":"https:\/\/itbranschen.com\/da\/wp-json\/wp\/v2\/posts\/29594","targetHints":{"allow":["GET"]}}],"collection":[{"href":"https:\/\/itbranschen.com\/da\/wp-json\/wp\/v2\/posts"}],"about":[{"href":"https:\/\/itbranschen.com\/da\/wp-json\/wp\/v2\/types\/post"}],"author":[{"embeddable":true,"href":"https:\/\/itbranschen.com\/da\/wp-json\/wp\/v2\/users\/1"}],"replies":[{"embeddable":true,"href":"https:\/\/itbranschen.com\/da\/wp-json\/wp\/v2\/comments?post=29594"}],"version-history":[{"count":0,"href":"https:\/\/itbranschen.com\/da\/wp-json\/wp\/v2\/posts\/29594\/revisions"}],"wp:featuredmedia":[{"embeddable":true,"href":"https:\/\/itbranschen.com\/da\/wp-json\/wp\/v2\/media\/29596"}],"wp:attachment":[{"href":"https:\/\/itbranschen.com\/da\/wp-json\/wp\/v2\/media?parent=29594"}],"wp:term":[{"taxonomy":"category","embeddable":true,"href":"https:\/\/itbranschen.com\/da\/wp-json\/wp\/v2\/categories?post=29594"},{"taxonomy":"post_tag","embeddable":true,"href":"https:\/\/itbranschen.com\/da\/wp-json\/wp\/v2\/tags?post=29594"},{"taxonomy":"itb_content_type","embeddable":true,"href":"https:\/\/itbranschen.com\/da\/wp-json\/wp\/v2\/itb_content_type?post=29594"}],"curies":[{"name":"wp","href":"https:\/\/api.w.org\/{rel}","templated":true}]}}