{"id":295,"date":"2023-07-04T23:59:00","date_gmt":"2023-07-04T21:59:00","guid":{"rendered":"https:\/\/codesupply.co\/a-vivamus-penatibus-enim-sit-et-quam-vel-consequat\/"},"modified":"2026-07-24T14:54:31","modified_gmt":"2026-07-24T12:54:31","slug":"sharewithcare-telekom-oger-bevidstheden-om-ansvarlig-brug-af-borns-billeder-pa-internettet","status":"publish","type":"post","link":"https:\/\/itbranschen.com\/da\/sharewithcare-telekom-okar-medvetenheten-om-ansvarsfull-anvandning-av-barns-foton-pa-internet\/","title":{"rendered":"ShareWithCare: Telekom \u00f8ger bevidstheden om ansvarlig brug af b\u00f8rns billeder p\u00e5 internettet"},"content":{"rendered":"<p class=\"is-cnvs-dropcap-bg-light wp-block-paragraph\">Vi kan godt lide at dele f\u00e6lles oplevelser digitalt. Billeder fra ferier, familiefester, skoleture eller weekendture: f\u00f8lelsesladede \u00f8jeblikke, som vi gerne vil dele med venner og familie. Dette g\u00f8res ofte alt for sk\u00f8desl\u00f8st. Problemet: N\u00e5r billederne og ofte andre personlige data f\u00f8rst er offentliggjort p\u00e5 internettet, er de tilg\u00e6ngelige over hele verden og p\u00e5 ubestemt tid.<\/p>\n\n\n\n<h2 class=\"wp-block-heading\">Deepfake-spot \u00f8ger bevidstheden om problemet med &quot;deling&quot;\u201c<\/h2>\n\n\n\n<p class=\"wp-block-paragraph\">Med kampagnen <a href=\"https:\/\/www.telekom.com\/en\/company\/details\/share-with-care-telekom-raises-awareness-1041810\" target=\"_blank\" rel=\"noreferrer noopener\">\u201c&quot;ShareWithCare&quot; \u00f8nsker Deutsche Telekom<\/a> \u00f8ge bevidstheden om ansvarlig brug af fotos og data. Kommunikationen begynder med den undertrykkende deepfake-plet \u201cEn besked fra Ella\u201c. Med hj\u00e6lp fra en familie adresserer han konsekvenserne af at dele b\u00f8rns fotos p\u00e5 internettet. Telekom henleder opm\u00e6rksomheden p\u00e5 s\u00e5kaldt \u201dsharenting\u201d \u2013 en st\u00e6rkt kritiseret praksis, hvor for\u00e6ldre deler fotos, videoer og detaljer fra deres b\u00f8rns liv online.<\/p>\n\n\n\n<p class=\"wp-block-paragraph\">Filmen iscenes\u00e6tter og overdriver et socialt eksperiment, der kunne have v\u00e6ret udf\u00f8rt p\u00e5 pr\u00e6cis samme m\u00e5de \u2013 fordi teknologien til det l\u00e6nge har eksisteret i dag. Billedet af en 9-\u00e5rig skuespillerinde ved navn &quot;Ella&quot; tjente som grundlag for casen. Ved hj\u00e6lp af den nyeste <a href=\"https:\/\/itbranschen.com\/category\/artificiell-intelligens\/\">AI<\/a>teknologi, blev der skabt en deepfake af pigen. Deepfakes er videoer, billeder eller lyde, der kunstigt genereres af <a class=\"wpil_keyword_link\" href=\"https:\/\/itbranschen.com\/tag\/maskininlarning\/\" title=\"Maskinl\u00e6ring\" data-wpil-keyword-link=\"linked\" data-wpil-monitor-id=\"2608\">maskinl\u00e6ring<\/a>. I videoen kan du se, hvordan den &quot;voksne Ella&quot; henvender sig til sine overraskede for\u00e6ldre. Hun sender en advarsel fra fremtiden og konfronterer mor og far med konsekvenserne af at dele billeder af deres b\u00f8rn p\u00e5 internettet. Dette er specielt: For f\u00f8rste gang er der blevet skabt en n\u00e6sten \u00e6ldet deepfake af et 9-\u00e5rigt barn, s\u00e5 hun kan opf\u00f8re sig og r\u00e6sonnere som en voksen kvinde. Ella repr\u00e6senterer en hel generation af b\u00f8rn.<\/p>\n\n\n\n<figure class=\"wp-block-image alignwide size-full is-style-rounded\"><img fetchpriority=\"high\" decoding=\"async\" width=\"1008\" height=\"756\" src=\"https:\/\/itbranschen.com\/wp-content\/uploads\/2023\/01\/bi-230628-deepfake-1-.jpg\" alt=\"bi 230628 deepfake 1\" class=\"wp-image-5291\" title=\"Bi Deepfake | IT-branchen\" srcset=\"https:\/\/itbranschen.com\/wp-content\/uploads\/2023\/01\/bi-230628-deepfake-1-.jpg 1008w, https:\/\/itbranschen.com\/wp-content\/uploads\/2023\/01\/bi-230628-deepfake-1--300x225.jpg 300w, https:\/\/itbranschen.com\/wp-content\/uploads\/2023\/01\/bi-230628-deepfake-1--768x576.jpg 768w, https:\/\/itbranschen.com\/wp-content\/uploads\/2023\/01\/bi-230628-deepfake-1--332x249.jpg 332w, https:\/\/itbranschen.com\/wp-content\/uploads\/2023\/01\/bi-230628-deepfake-1--664x498.jpg 664w, https:\/\/itbranschen.com\/wp-content\/uploads\/2023\/01\/bi-230628-deepfake-1--688x516.jpg 688w\" sizes=\"(max-width: 1008px) 100vw, 1008px\" \/><figcaption class=\"wp-element-caption\"><a class=\"wpil_keyword_link\" href=\"https:\/\/itbranschen.com\/tag\/sharewithcare\/\" title=\"DelMedOmsorg\" data-wpil-keyword-link=\"linked\" data-wpil-monitor-id=\"2613\">DelMedOmsorg<\/a> En voksen kvinde, Ella, repr\u00e6senterer en hel generation af b\u00f8rn.<\/figcaption><\/figure>\n\n\n\n<h2 class=\"wp-block-heading\">\u201c&quot;Sharenting&quot; fremmer identitetstyveri<\/h2>\n\n\n\n<p class=\"wp-block-paragraph\">Enhver person, inklusive et barn, har ret til selv at bestemme sin digitale identitet. Men unders\u00f8gelser viser, at et gennemsnitligt barn i fem\u00e5rsalderen har 1.500 billeder af sig selv online \u2013 uploadet uden deres samtykke af de personer, de stoler mest p\u00e5: deres for\u00e6ldre. Og eksperter forudsiger, at to tredjedele af alle identitetstyverisager i 2030 vil involvere deling. Ved uforsigtigt at dele b\u00f8rns billeder online risikerer v\u00e6rger utilsigtet at uds\u00e6tte b\u00f8rn for datam\u00e6glerprofilering, hacking, ansigtsgenkendelse, p\u00e6dofili og andre trusler mod... <a href=\"https:\/\/itbranschen.com\/category\/dataskydd-policy\/\">integritet<\/a> og<a href=\"https:\/\/itbranschen.com\/freja-expanderar-sin-anvandning-till-53-lander\/\" data-type=\"post\" data-id=\"6351\"> sikkerhed.<\/a><\/p>\n\n\n\n<h2 class=\"wp-block-heading\">Digital l\u00e6sef\u00e6rdighed er en integreret del af digital deltagelse<\/h2>\n\n\n\n<p class=\"wp-block-paragraph\">For at alle mennesker kan deltage i den digitale verden, er det afg\u00f8rende, at de kan handle sikkert, uafh\u00e6ngigt og retf\u00e6rdigt i det digitale rum. Digital kompetence er en integreret del af digital deltagelse. Derfor <a class=\"wpil_keyword_link\" href=\"https:\/\/itbranschen.com\/tag\/deutsche-telekom\/\" title=\"Deutsche Telekom\" data-wpil-keyword-link=\"linked\" data-wpil-monitor-id=\"2610\">Deutsche Telekom<\/a> er forpligtet til at fremme digital l\u00e6sef\u00e6rdighed med mange internationale initiativer. Et andet vigtigt aspekt er at fremme mediekendskab blandt for\u00e6ldre. Dette omfatter ogs\u00e5 h\u00e5ndtering af billeder, information og data p\u00e5 sociale medier. At st\u00f8tte for\u00e6ldre i at beskytte deres b\u00f8rns <a href=\"https:\/\/itbranschen.com\/category\/dataskydd-policy\/\">integritet<\/a> og minimere digitale risici tilbyder Telekom og dets partnere adskillige tilbud:<\/p>","protected":false},"excerpt":{"rendered":"\u200b\ufeffDialo\u00adgen om ansvarsfull delning av barns bilder st\u00e4rks av Telekoms ShareWithCare-kampanj som varnar f\u00f6r deepfake-hot och uppmanar till \u00f6kad medvetenhet om digital integritet.\ufeff\u200b","protected":false},"author":1,"featured_media":5292,"comment_status":"closed","ping_status":"open","sticky":false,"template":"","format":"standard","meta":{"csco_display_header_overlay":false,"csco_singular_sidebar":"default","csco_page_header_type":"default","csco_page_load_nextpost":"default","csco_post_video_location":["archive","full-header","large-header"],"csco_post_video_location_hash":"2omolerkyn8lpizomom","csco_post_video_url":"https:\/\/youtu.be\/F4WZ_k0vUDM?si=Rfu6oLTykuBfyzGP","csco_post_video_bg_start_time":0,"csco_post_video_bg_end_time":0,"footnotes":""},"categories":[47],"tags":[31,52,53,3069,1589,3071,54,3075,3073,42],"itb_content_type":[],"class_list":["post-295","post","type-post","status-publish","format-standard","has-post-thumbnail","category-artificiell-intelligens","tag-cybersakerhet","tag-deepfake","tag-deutsche-telekom","tag-it-sakerhet-nyheter-sverige","tag-it-kanalen","tag-nordisk-it-media","tag-sharewithcare","tag-svensk-it-nyhetssajt","tag-tech-tidningen","tag-teknologi","cs-entry","cs-video-wrap"],"_links":{"self":[{"href":"https:\/\/itbranschen.com\/da\/wp-json\/wp\/v2\/posts\/295","targetHints":{"allow":["GET"]}}],"collection":[{"href":"https:\/\/itbranschen.com\/da\/wp-json\/wp\/v2\/posts"}],"about":[{"href":"https:\/\/itbranschen.com\/da\/wp-json\/wp\/v2\/types\/post"}],"author":[{"embeddable":true,"href":"https:\/\/itbranschen.com\/da\/wp-json\/wp\/v2\/users\/1"}],"replies":[{"embeddable":true,"href":"https:\/\/itbranschen.com\/da\/wp-json\/wp\/v2\/comments?post=295"}],"version-history":[{"count":0,"href":"https:\/\/itbranschen.com\/da\/wp-json\/wp\/v2\/posts\/295\/revisions"}],"wp:featuredmedia":[{"embeddable":true,"href":"https:\/\/itbranschen.com\/da\/wp-json\/wp\/v2\/media\/5292"}],"wp:attachment":[{"href":"https:\/\/itbranschen.com\/da\/wp-json\/wp\/v2\/media?parent=295"}],"wp:term":[{"taxonomy":"category","embeddable":true,"href":"https:\/\/itbranschen.com\/da\/wp-json\/wp\/v2\/categories?post=295"},{"taxonomy":"post_tag","embeddable":true,"href":"https:\/\/itbranschen.com\/da\/wp-json\/wp\/v2\/tags?post=295"},{"taxonomy":"itb_content_type","embeddable":true,"href":"https:\/\/itbranschen.com\/da\/wp-json\/wp\/v2\/itb_content_type?post=295"}],"curies":[{"name":"wp","href":"https:\/\/api.w.org\/{rel}","templated":true}]}}