{"id":10068,"date":"2025-02-11T10:12:04","date_gmt":"2025-02-11T09:12:04","guid":{"rendered":"https:\/\/itbranschen.com\/?p=10068"},"modified":"2026-07-24T14:53:53","modified_gmt":"2026-07-24T12:53:53","slug":"nexer-underskriver-rammeaftale-med-det-svenske-forsvar","status":"publish","type":"post","link":"https:\/\/itbranschen.com\/da\/nexer-tecknar-ramavtal-med-forsvarsmakten\/","title":{"rendered":"Nexer underskriver rammeaftale med det svenske forsvar"},"content":{"rendered":"<p class=\"wp-block-paragraph\"><strong><a href=\"https:\/\/nexergroup.com\/sv\/\" target=\"_blank\" rel=\"noreferrer noopener\">Nexer<\/a><\/strong> meddeler, at virksomheden har f\u00e5et tildelt en rammeaftale af <strong><a href=\"https:\/\/www.forsvarsmakten.se\/sv\/\" target=\"_blank\" rel=\"noreferrer noopener\">De v\u00e6bnede styrker<\/a><\/strong> for IT-konsulentydelser. Aftalen betyder, at Nexer, som en af fire leverand\u00f8rer, vil levere IT-konsulentydelser til <strong>De svenske v\u00e6bnede styrker og den svenske forsvarsmaterielforvaltning (FMV)<\/strong> over de n\u00e6ste tre \u00e5r, med mulighed for forl\u00e6ngelse op til i alt syv \u00e5r.<\/p>\n\n\n\n<p class=\"wp-block-paragraph\">Rammeaftalen, der tr\u00e6der i kraft den 21. april 2025 og har et loftvolumen p\u00e5 2.145 millioner SEK, d\u00e6kker IT-konsulentydelser inden for tre hovedkompetenceomr\u00e5der:<\/p>\n\n\n\n<ul class=\"wp-block-list\">\n<li>IT-systemer<\/li>\n\n\n\n<li>Test af IT-systemer<\/li>\n\n\n\n<li>IT og <a class=\"wpil_keyword_link\" href=\"https:\/\/itbranschen.com\/tag\/informationssakerhet\/\" title=\"informationssikkerhed\" data-wpil-keyword-link=\"linked\" data-wpil-monitor-id=\"2167\">informationssikkerhed<\/a><\/li>\n<\/ul>\n\n\n\n<h3 class=\"wp-block-heading\">Form\u00e5let med indk\u00f8bet og forventede resultater<\/h3>\n\n\n\n<p class=\"wp-block-paragraph\">Form\u00e5let med indk\u00f8bet er at underst\u00f8tte <strong>Forsvarets og FMV&#039;s IT-drift<\/strong> ved at stille den n\u00f8dvendige ekspertise og de n\u00f8dvendige ressourcer til r\u00e5dighed til udvikling, administration, drift, vedligeholdelse og support af deres IT-systemer. Dette omfatter b\u00e5de nye og \u00e6ldre systemer, s\u00e5vel som propriet\u00e6re og kommercielle standardsystemer (COTS).<\/p>\n\n\n\n<p class=\"wp-block-paragraph\">M\u00e5let er at \u00f8ge og sikre forsyningssikkerheden med seri\u00f8se, kvalitetsbevidste og engagerede rammeaftaleleverand\u00f8rer, opn\u00e5 fleksibilitet og kvalitet gennem evnen til at sikre den rette ekspertise ved bestilling af ordrer, indhente markedspriser og <a class=\"wpil_keyword_link\" href=\"https:\/\/itbranschen.com\/tag\/kostnadseffektivitet\/\" title=\"omkostningseffektivitet\" data-wpil-keyword-link=\"linked\" data-wpil-monitor-id=\"2170\">omkostningseffektivitet<\/a>, og opn\u00e5 et velfungerende leverand\u00f8rsamarbejde p\u00e5 strategisk, taktisk og operationelt niveau.<\/p>\n\n\n\n<p class=\"wp-block-paragraph\">Behovet for <strong>IT-konsulenter<\/strong> er landsd\u00e6kkende, men st\u00f8rstedelen af opgaverne forventes at v\u00e6re placeret i og omkring <a class=\"wpil_keyword_link\" href=\"https:\/\/itbranschen.com\/betydande-talare-for-samhallsutvecklingen-till-stockholm\/\" title=\"Vigtige talere for social udvikling i Stockholm\" data-wpil-keyword-link=\"linked\" data-wpil-monitor-id=\"2168\">Stockholm<\/a> og M\u00e4lardalen-regionen. Udbuddet omfatter sikkerhedsbeskyttelsesaftaler i henhold til sikkerhedsbeskyttelsesloven, som sikrer, at alle opgaver udf\u00f8res med <strong>h\u00f8jeste sikkerhedsstandarder<\/strong>.<\/p>\n\n\n\n<p class=\"wp-block-paragraph\">Vi er meget glade for at have f\u00e5et tildelt denne <a class=\"wpil_keyword_link\" href=\"https:\/\/itbranschen.com\/tag\/ramavtal\/\" title=\"rammeaftale\" data-wpil-keyword-link=\"linked\" data-wpil-monitor-id=\"2171\">rammeaftale<\/a> af de v\u00e6bnede styrker. Det er et bevis p\u00e5 vores kompetence og vores engagement i at levere h\u00f8j kvalitet <a class=\"wpil_keyword_link\" href=\"https:\/\/itbranschen.com\/tag\/it-konsulttjanster\/\" title=\"IT-konsulenttjenester\" data-wpil-keyword-link=\"linked\" data-wpil-monitor-id=\"2169\">IT-konsulenttjenester<\/a>. Vi ser frem til at samarbejde med <strong><a href=\"https:\/\/www.forsvarsmakten.se\/sv\/om-forsvarsmakten\/\" target=\"_blank\" rel=\"noreferrer noopener\">De v\u00e6bnede styrker<\/a><\/strong> og FMV til at underst\u00f8tte deres IT-drift og bidrage til deres succes,\u201d siger <strong>Lars Kry, administrerende direkt\u00f8r for Nexer Group<\/strong>.<\/p>\n\n\n\n<p class=\"wp-block-paragraph\"><strong>Susanne Paulsson<\/strong>, forretningsomr\u00e5dechef for den offentlige sektor hos <strong><a href=\"https:\/\/nexergroup.com\/about-us\/our-business-areas\/infrastructure\/\" target=\"_blank\" rel=\"noreferrer noopener\">Nexer Group<\/a><\/strong>, tilf\u00f8jer:<\/p>\n\n\n\n<p class=\"wp-block-paragraph\">\u201d&quot;Denne rammeaftale viser tilliden til <a href=\"https:\/\/itbranschen.com\/tag\/nexer-group\/\" data-type=\"post_tag\" data-id=\"391\">Nexer<\/a> at levere kritisk <a href=\"https:\/\/itbranschen.com\/category\/it-tjanster\/\">IT-tjenester<\/a> i en af de vigtigste sektorer inden for national sikkerhed. Vi er fast besluttet p\u00e5 at sikre, at <strong>Forsvaret og FMV<\/strong> &quot;f\u00e5 den bedste ekspertise og de bedste l\u00f8sninger til at im\u00f8dekomme deres skiftende IT-behov. Vores team er glade og stolte af at bidrage til denne vigtige mission.&quot;\u201d<\/p>","protected":false},"excerpt":{"rendered":"\u200b\ufeffNexer f\u00e5r ett omfattande ramavtal av F\u00f6rsvarsmakten och FMV f\u00f6r att leverera expertis inom IT-system, test och informationss\u00e4kerhet med fokus p\u00e5 kvalitet och nationell s\u00e4kerhet.\ufeff\u200b","protected":false},"author":1,"featured_media":10069,"comment_status":"closed","ping_status":"closed","sticky":false,"template":"","format":"standard","meta":{"csco_display_header_overlay":false,"csco_singular_sidebar":"","csco_page_header_type":"featured","csco_page_load_nextpost":"","csco_post_video_location":[],"csco_post_video_location_hash":"","csco_post_video_url":"","csco_post_video_bg_start_time":0,"csco_post_video_bg_end_time":0,"footnotes":""},"categories":[21,4],"tags":[90,5,3069,215,1589,391,3071,3075,8,3073],"itb_content_type":[],"class_list":["post-10068","post","type-post","status-publish","format-standard","has-post-thumbnail","category-nyheter","category-foretag","tag-datasakerhet","tag-foretag","tag-it-sakerhet-nyheter-sverige","tag-it-infrastruktur","tag-it-kanalen","tag-nexer-group","tag-nordisk-it-media","tag-svensk-it-nyhetssajt","tag-sverige","tag-tech-tidningen","cs-entry","cs-video-wrap"],"_links":{"self":[{"href":"https:\/\/itbranschen.com\/da\/wp-json\/wp\/v2\/posts\/10068","targetHints":{"allow":["GET"]}}],"collection":[{"href":"https:\/\/itbranschen.com\/da\/wp-json\/wp\/v2\/posts"}],"about":[{"href":"https:\/\/itbranschen.com\/da\/wp-json\/wp\/v2\/types\/post"}],"author":[{"embeddable":true,"href":"https:\/\/itbranschen.com\/da\/wp-json\/wp\/v2\/users\/1"}],"replies":[{"embeddable":true,"href":"https:\/\/itbranschen.com\/da\/wp-json\/wp\/v2\/comments?post=10068"}],"version-history":[{"count":0,"href":"https:\/\/itbranschen.com\/da\/wp-json\/wp\/v2\/posts\/10068\/revisions"}],"wp:featuredmedia":[{"embeddable":true,"href":"https:\/\/itbranschen.com\/da\/wp-json\/wp\/v2\/media\/10069"}],"wp:attachment":[{"href":"https:\/\/itbranschen.com\/da\/wp-json\/wp\/v2\/media?parent=10068"}],"wp:term":[{"taxonomy":"category","embeddable":true,"href":"https:\/\/itbranschen.com\/da\/wp-json\/wp\/v2\/categories?post=10068"},{"taxonomy":"post_tag","embeddable":true,"href":"https:\/\/itbranschen.com\/da\/wp-json\/wp\/v2\/tags?post=10068"},{"taxonomy":"itb_content_type","embeddable":true,"href":"https:\/\/itbranschen.com\/da\/wp-json\/wp\/v2\/itb_content_type?post=10068"}],"curies":[{"name":"wp","href":"https:\/\/api.w.org\/{rel}","templated":true}]}}